{"id":96152,"date":"2019-12-19T05:01:07","date_gmt":"2019-12-19T08:01:07","guid":{"rendered":"http:\/\/www.eltrabajo.cl\/portal\/?p=96152"},"modified":"2019-12-19T00:14:29","modified_gmt":"2019-12-19T03:14:29","slug":"taller-de-danza-folclorica-presento-su-gala-de-cierre-2019-en-buen-pastor","status":"publish","type":"post","link":"https:\/\/eltrabajo.cl\/portal\/taller-de-danza-folclorica-presento-su-gala-de-cierre-2019-en-buen-pastor\/","title":{"rendered":"Taller de Danza Folcl\u00f3rica present\u00f3 su gala de cierre 2019 en Buen Pastor"},"content":{"rendered":"<p>Espectacular fue la presentaci\u00f3n de cierre del Taller de Danza Folcl\u00f3rica 2019 desarrollada frente a la ermita del Complejo Patrimonial Buen Pastor la tarde de este lunes, cuando m\u00e1s de 30 ni\u00f1as y jovencitas presentaron\u00a0 un s\u00f3lido montaje art\u00edstico para el disfrute pleno de todos los presentes.<\/p>\n<p>Este cierre viene a representar los logros obtenidos por las estudiantes durante este a\u00f1o, pese a la contingencia nacional que oblig\u00f3 a suspender las clases y ensayos en varias oportunidades, y no por ello en perjuicio de su talento visiblemente demostrado.<\/p>\n<p><strong>Diario El Trabajo<\/strong> habl\u00f3 con la profesora del Taller Comunal de danza, <strong><em>Luc\u00eda Hern\u00e1ndez<\/em><\/strong>, nos coment\u00f3 que <em>\u00abeste taller de danza es el m\u00e1s antiguo de nuestra comuna, lleva m\u00e1s de 20 a\u00f1os funcionando; por aqu\u00ed han pasado muchas generaciones y, entre esas personas, muchas de ellas se han dedicado a la danza. Yo me encargo de poner el bichito y ellos contin\u00faan despu\u00e9s, hasta han salido muchos colegas tambi\u00e9n. En esta muestra folcl\u00f3rica participaron alrededor de 30 ni\u00f1as, pero como deb\u00edamos finalizar en octubre y no se pudo<\/em>\u00bb, coment\u00f3 la profesora.<\/p>\n<p>Por su parte <strong><em>Patricia Lolas Arancibia<\/em><\/strong>, coordinadora de la oficina de Cultura y Recreaci\u00f3n, indic\u00f3 que <em>\u00abla verdad que este taller es parte de nuestra oferta program\u00e1tica, el brindar talleres art\u00edstico culturales para la comunidad. Esta vez finalizamos nuestro Taller de Danza Folcl\u00f3rica. Nos cost\u00f3 mucho terminar a tiempo con nuestros talleres por todo lo que est\u00e1 ocurriendo en nuestro pa\u00eds. La verdad es que tuvimos que suspender y reorganizar, a\u00fan as\u00ed pudimos terminar con este taller de manera exitosa, con alrededor de 35 ni\u00f1as en escena. Ellas desde mayo de este a\u00f1o vienen trabajando con la profesora, ella es muy calificada y con mucha experiencia, es una persona con las cualidades y calidad para prestar este servicio<\/em>\u00bb, dijo Lolas.<\/p>\n<p><strong>Diario El Trabajo<\/strong> habl\u00f3 tambi\u00e9n con una de las bailarinas del taller, <strong><em>Catalina Villegas<\/em><\/strong>, de 17 a\u00f1os de edad, quien nos coment\u00f3 que <em>\u00abyo estoy danzando desde harto tiempo, desde muy chiquitita con esta misma profesora, luego me pas\u00e9 con una profesora de ballet cl\u00e1sico, ahora volv\u00ed porque me interesaba mucho m\u00e1s que la t\u00e9cnica, el amor a la danza, y he vuelto a esto de m\u00e1s sentir el movimiento que preocuparme tanto del mismo. En mi caso me gustar\u00eda seguir estudiando y practicando danza, pero no quiero sentirlo como una obligaci\u00f3n, quiero entonces vivir la danza como mi secreto, yo lo voy a disfrutar cuando quiera y no ser\u00e1 mi d\u00eda a d\u00eda<\/em>\u00bb, recalc\u00f3 Villegas.<\/p>\n<p><strong>Roberto Gonz\u00e1lez Short<\/strong><\/p>\n<p>&nbsp;<\/p>\n<figure id=\"attachment_96153\" aria-describedby=\"caption-attachment-96153\" style=\"width: 580px\" class=\"wp-caption alignnone\"><img data-recalc-dims=\"1\" loading=\"lazy\" decoding=\"async\" class=\"size-full wp-image-96153\" src=\"https:\/\/i0.wp.com\/www.eltrabajo.cl\/portal\/wp-content\/uploads\/2019\/12\/Folclorica4.jpg?resize=580%2C358\" alt=\"MAGISTRAL.- No hubo espacio para el error, cada movimiento de las ni\u00f1as y j\u00f3venes fue perfecto.\" width=\"580\" height=\"358\" srcset=\"https:\/\/i0.wp.com\/eltrabajo.cl\/portal\/wp-content\/uploads\/2019\/12\/Folclorica4.jpg?w=580&amp;ssl=1 580w, https:\/\/i0.wp.com\/eltrabajo.cl\/portal\/wp-content\/uploads\/2019\/12\/Folclorica4.jpg?resize=300%2C185&amp;ssl=1 300w, https:\/\/i0.wp.com\/eltrabajo.cl\/portal\/wp-content\/uploads\/2019\/12\/Folclorica4.jpg?resize=200%2C123&amp;ssl=1 200w, https:\/\/i0.wp.com\/eltrabajo.cl\/portal\/wp-content\/uploads\/2019\/12\/Folclorica4.jpg?resize=243%2C150&amp;ssl=1 243w, https:\/\/i0.wp.com\/eltrabajo.cl\/portal\/wp-content\/uploads\/2019\/12\/Folclorica4.jpg?resize=400%2C247&amp;ssl=1 400w\" sizes=\"auto, (max-width: 580px) 100vw, 580px\" \/><figcaption id=\"caption-attachment-96153\" class=\"wp-caption-text\">MAGISTRAL.- No hubo espacio para el error, cada movimiento de las ni\u00f1as y j\u00f3venes fue perfecto.<\/figcaption><\/figure>\n<p>&nbsp;<\/p>\n<figure id=\"attachment_96157\" aria-describedby=\"caption-attachment-96157\" style=\"width: 578px\" class=\"wp-caption alignnone\"><img data-recalc-dims=\"1\" loading=\"lazy\" decoding=\"async\" class=\"size-full wp-image-96157\" src=\"https:\/\/i0.wp.com\/www.eltrabajo.cl\/portal\/wp-content\/uploads\/2019\/12\/Folclorica1.jpg?resize=578%2C386\" alt=\"ELENCO DE LUJO.- Aqu\u00ed vemos el elenco art\u00edstico 2019 del Taller de Danza Folcl\u00f3rica, mismo que se luci\u00f3 con sus mejores galas la tarde de este lunes en Buen Pastor.\" width=\"578\" height=\"386\" srcset=\"https:\/\/i0.wp.com\/eltrabajo.cl\/portal\/wp-content\/uploads\/2019\/12\/Folclorica1.jpg?w=578&amp;ssl=1 578w, https:\/\/i0.wp.com\/eltrabajo.cl\/portal\/wp-content\/uploads\/2019\/12\/Folclorica1.jpg?resize=300%2C200&amp;ssl=1 300w, https:\/\/i0.wp.com\/eltrabajo.cl\/portal\/wp-content\/uploads\/2019\/12\/Folclorica1.jpg?resize=200%2C134&amp;ssl=1 200w, https:\/\/i0.wp.com\/eltrabajo.cl\/portal\/wp-content\/uploads\/2019\/12\/Folclorica1.jpg?resize=225%2C150&amp;ssl=1 225w, https:\/\/i0.wp.com\/eltrabajo.cl\/portal\/wp-content\/uploads\/2019\/12\/Folclorica1.jpg?resize=400%2C267&amp;ssl=1 400w\" sizes=\"auto, (max-width: 578px) 100vw, 578px\" \/><figcaption id=\"caption-attachment-96157\" class=\"wp-caption-text\">ELENCO DE LUJO.- Aqu\u00ed vemos el elenco art\u00edstico 2019 del Taller de Danza Folcl\u00f3rica, mismo que se luci\u00f3 con sus mejores galas la tarde de este lunes en Buen Pastor.<\/figcaption><\/figure>\n<p>&nbsp;<\/p>\n<figure id=\"attachment_96158\" aria-describedby=\"caption-attachment-96158\" style=\"width: 580px\" class=\"wp-caption alignnone\"><img data-recalc-dims=\"1\" loading=\"lazy\" decoding=\"async\" class=\"size-full wp-image-96158\" src=\"https:\/\/i0.wp.com\/www.eltrabajo.cl\/portal\/wp-content\/uploads\/2019\/12\/Folclorica2.jpg?resize=580%2C360\" alt=\"HIPNOTIZADOS.- Amigos, familiares y p\u00fablico en general de las artistas disfrutaron complacidos del gran espect\u00e1culo ofrecido.\" width=\"580\" height=\"360\" srcset=\"https:\/\/i0.wp.com\/eltrabajo.cl\/portal\/wp-content\/uploads\/2019\/12\/Folclorica2.jpg?w=580&amp;ssl=1 580w, https:\/\/i0.wp.com\/eltrabajo.cl\/portal\/wp-content\/uploads\/2019\/12\/Folclorica2.jpg?resize=300%2C186&amp;ssl=1 300w, https:\/\/i0.wp.com\/eltrabajo.cl\/portal\/wp-content\/uploads\/2019\/12\/Folclorica2.jpg?resize=200%2C124&amp;ssl=1 200w, https:\/\/i0.wp.com\/eltrabajo.cl\/portal\/wp-content\/uploads\/2019\/12\/Folclorica2.jpg?resize=242%2C150&amp;ssl=1 242w, https:\/\/i0.wp.com\/eltrabajo.cl\/portal\/wp-content\/uploads\/2019\/12\/Folclorica2.jpg?resize=400%2C248&amp;ssl=1 400w\" sizes=\"auto, (max-width: 580px) 100vw, 580px\" \/><figcaption id=\"caption-attachment-96158\" class=\"wp-caption-text\">HIPNOTIZADOS.- Amigos, familiares y p\u00fablico en general de las artistas disfrutaron complacidos del gran espect\u00e1culo ofrecido.<\/figcaption><\/figure>\n<p>&nbsp;<\/p>\n<figure id=\"attachment_96159\" aria-describedby=\"caption-attachment-96159\" style=\"width: 579px\" class=\"wp-caption alignnone\"><img data-recalc-dims=\"1\" loading=\"lazy\" decoding=\"async\" class=\"size-full wp-image-96159\" src=\"https:\/\/i0.wp.com\/www.eltrabajo.cl\/portal\/wp-content\/uploads\/2019\/12\/Folclorica3.jpg?resize=579%2C825\" alt=\"IMPECABLE BAILARINA.- Esta despampanante bailarina sanfelipe\u00f1a, Yulisa Moyano Artizaga, impresion\u00f3 a los presentes con su talentosa presentaci\u00f3n.\" width=\"579\" height=\"825\" srcset=\"https:\/\/i0.wp.com\/eltrabajo.cl\/portal\/wp-content\/uploads\/2019\/12\/Folclorica3.jpg?w=579&amp;ssl=1 579w, https:\/\/i0.wp.com\/eltrabajo.cl\/portal\/wp-content\/uploads\/2019\/12\/Folclorica3.jpg?resize=211%2C300&amp;ssl=1 211w, https:\/\/i0.wp.com\/eltrabajo.cl\/portal\/wp-content\/uploads\/2019\/12\/Folclorica3.jpg?resize=105%2C150&amp;ssl=1 105w, https:\/\/i0.wp.com\/eltrabajo.cl\/portal\/wp-content\/uploads\/2019\/12\/Folclorica3.jpg?resize=400%2C570&amp;ssl=1 400w\" sizes=\"auto, (max-width: 579px) 100vw, 579px\" \/><figcaption id=\"caption-attachment-96159\" class=\"wp-caption-text\">IMPECABLE BAILARINA.- Esta despampanante bailarina sanfelipe\u00f1a, Yulisa Moyano Artizaga, impresion\u00f3 a los presentes con su talentosa presentaci\u00f3n.<\/figcaption><\/figure>\n<p>&nbsp;<\/p>\n<figure id=\"attachment_96154\" aria-describedby=\"caption-attachment-96154\" style=\"width: 579px\" class=\"wp-caption alignnone\"><img data-recalc-dims=\"1\" loading=\"lazy\" decoding=\"async\" class=\"size-full wp-image-96154\" src=\"https:\/\/i0.wp.com\/www.eltrabajo.cl\/portal\/wp-content\/uploads\/2019\/12\/Folclorica_Catalina-Villegas.jpg?resize=579%2C637\" alt=\"Catalina Villegas, bailarina de 17 a\u00f1os de edad.\" width=\"579\" height=\"637\" srcset=\"https:\/\/i0.wp.com\/eltrabajo.cl\/portal\/wp-content\/uploads\/2019\/12\/Folclorica_Catalina-Villegas.jpg?w=579&amp;ssl=1 579w, https:\/\/i0.wp.com\/eltrabajo.cl\/portal\/wp-content\/uploads\/2019\/12\/Folclorica_Catalina-Villegas.jpg?resize=273%2C300&amp;ssl=1 273w, https:\/\/i0.wp.com\/eltrabajo.cl\/portal\/wp-content\/uploads\/2019\/12\/Folclorica_Catalina-Villegas.jpg?resize=136%2C150&amp;ssl=1 136w, https:\/\/i0.wp.com\/eltrabajo.cl\/portal\/wp-content\/uploads\/2019\/12\/Folclorica_Catalina-Villegas.jpg?resize=400%2C440&amp;ssl=1 400w\" sizes=\"auto, (max-width: 579px) 100vw, 579px\" \/><figcaption id=\"caption-attachment-96154\" class=\"wp-caption-text\">Catalina Villegas, bailarina de 17 a\u00f1os de edad.<\/figcaption><\/figure>\n<p>&nbsp;<\/p>\n<figure id=\"attachment_96156\" aria-describedby=\"caption-attachment-96156\" style=\"width: 579px\" class=\"wp-caption alignnone\"><img data-recalc-dims=\"1\" loading=\"lazy\" decoding=\"async\" class=\"size-full wp-image-96156\" src=\"https:\/\/i0.wp.com\/www.eltrabajo.cl\/portal\/wp-content\/uploads\/2019\/12\/Folclorica_Patricia-Lolas.jpg?resize=579%2C624\" alt=\"Patricia Lolas Arancibia, coordinadora de la oficina de Cultura y Recreaci\u00f3n.\" width=\"579\" height=\"624\" srcset=\"https:\/\/i0.wp.com\/eltrabajo.cl\/portal\/wp-content\/uploads\/2019\/12\/Folclorica_Patricia-Lolas.jpg?w=579&amp;ssl=1 579w, https:\/\/i0.wp.com\/eltrabajo.cl\/portal\/wp-content\/uploads\/2019\/12\/Folclorica_Patricia-Lolas.jpg?resize=278%2C300&amp;ssl=1 278w, https:\/\/i0.wp.com\/eltrabajo.cl\/portal\/wp-content\/uploads\/2019\/12\/Folclorica_Patricia-Lolas.jpg?resize=139%2C150&amp;ssl=1 139w, https:\/\/i0.wp.com\/eltrabajo.cl\/portal\/wp-content\/uploads\/2019\/12\/Folclorica_Patricia-Lolas.jpg?resize=400%2C431&amp;ssl=1 400w\" sizes=\"auto, (max-width: 579px) 100vw, 579px\" \/><figcaption id=\"caption-attachment-96156\" class=\"wp-caption-text\">Patricia Lolas Arancibia, coordinadora de la oficina de Cultura y Recreaci\u00f3n.<\/figcaption><\/figure>\n<p>&nbsp;<\/p>\n<figure id=\"attachment_96155\" aria-describedby=\"caption-attachment-96155\" style=\"width: 579px\" class=\"wp-caption alignnone\"><img data-recalc-dims=\"1\" loading=\"lazy\" decoding=\"async\" class=\"size-full wp-image-96155\" src=\"https:\/\/i0.wp.com\/www.eltrabajo.cl\/portal\/wp-content\/uploads\/2019\/12\/Folclorica_Lucia-Hernandez.jpg?resize=579%2C641\" alt=\"Profesora del Taller Comunal de Danza, Luc\u00eda Hern\u00e1ndez.\" width=\"579\" height=\"641\" srcset=\"https:\/\/i0.wp.com\/eltrabajo.cl\/portal\/wp-content\/uploads\/2019\/12\/Folclorica_Lucia-Hernandez.jpg?w=579&amp;ssl=1 579w, https:\/\/i0.wp.com\/eltrabajo.cl\/portal\/wp-content\/uploads\/2019\/12\/Folclorica_Lucia-Hernandez.jpg?resize=271%2C300&amp;ssl=1 271w, https:\/\/i0.wp.com\/eltrabajo.cl\/portal\/wp-content\/uploads\/2019\/12\/Folclorica_Lucia-Hernandez.jpg?resize=135%2C150&amp;ssl=1 135w, https:\/\/i0.wp.com\/eltrabajo.cl\/portal\/wp-content\/uploads\/2019\/12\/Folclorica_Lucia-Hernandez.jpg?resize=400%2C443&amp;ssl=1 400w\" sizes=\"auto, (max-width: 579px) 100vw, 579px\" \/><figcaption id=\"caption-attachment-96155\" class=\"wp-caption-text\">Profesora del Taller Comunal de Danza, Luc\u00eda Hern\u00e1ndez.<\/figcaption><\/figure>\n<p><strong>\u00a0<\/strong><\/p>\n","protected":false},"excerpt":{"rendered":"<p>Espectacular fue la presentaci\u00f3n de cierre del Taller de Danza Folcl\u00f3rica 2019 desarrollada frente a la ermita del Complejo Patrimonial Buen Pastor la tarde de este lunes, cuando m\u00e1s de 30 ni\u00f1as&#8230;<\/p>\n","protected":false},"author":482,"featured_media":96157,"comment_status":"open","ping_status":"open","sticky":false,"template":"","format":"standard","meta":{"advanced_seo_description":"","jetpack_seo_html_title":"","jetpack_seo_noindex":false,"_jetpack_memberships_contains_paid_content":false,"footnotes":""},"categories":[20],"tags":[],"class_list":["post-96152","post","type-post","status-publish","format-standard","has-post-thumbnail","hentry","category-arte-y-cultura"],"jetpack_featured_media_url":"https:\/\/i0.wp.com\/eltrabajo.cl\/portal\/wp-content\/uploads\/2019\/12\/Folclorica1.jpg?fit=578%2C386&ssl=1","jetpack_sharing_enabled":true,"jetpack_likes_enabled":true,"jetpack-related-posts":[],"_links":{"self":[{"href":"https:\/\/eltrabajo.cl\/portal\/wp-json\/wp\/v2\/posts\/96152","targetHints":{"allow":["GET"]}}],"collection":[{"href":"https:\/\/eltrabajo.cl\/portal\/wp-json\/wp\/v2\/posts"}],"about":[{"href":"https:\/\/eltrabajo.cl\/portal\/wp-json\/wp\/v2\/types\/post"}],"author":[{"embeddable":true,"href":"https:\/\/eltrabajo.cl\/portal\/wp-json\/wp\/v2\/users\/482"}],"replies":[{"embeddable":true,"href":"https:\/\/eltrabajo.cl\/portal\/wp-json\/wp\/v2\/comments?post=96152"}],"version-history":[{"count":0,"href":"https:\/\/eltrabajo.cl\/portal\/wp-json\/wp\/v2\/posts\/96152\/revisions"}],"wp:featuredmedia":[{"embeddable":true,"href":"https:\/\/eltrabajo.cl\/portal\/wp-json\/wp\/v2\/media\/96157"}],"wp:attachment":[{"href":"https:\/\/eltrabajo.cl\/portal\/wp-json\/wp\/v2\/media?parent=96152"}],"wp:term":[{"taxonomy":"category","embeddable":true,"href":"https:\/\/eltrabajo.cl\/portal\/wp-json\/wp\/v2\/categories?post=96152"},{"taxonomy":"post_tag","embeddable":true,"href":"https:\/\/eltrabajo.cl\/portal\/wp-json\/wp\/v2\/tags?post=96152"}],"curies":[{"name":"wp","href":"https:\/\/api.w.org\/{rel}","templated":true}]}}