{"id":96165,"date":"2019-12-19T05:03:33","date_gmt":"2019-12-19T08:03:33","guid":{"rendered":"http:\/\/www.eltrabajo.cl\/portal\/?p=96165"},"modified":"2019-12-19T00:19:05","modified_gmt":"2019-12-19T03:19:05","slug":"alejandra-valdes-repetira-este-sabado-y-regalara-todos-sus-peluches-a-los-ninos","status":"publish","type":"post","link":"https:\/\/eltrabajo.cl\/portal\/alejandra-valdes-repetira-este-sabado-y-regalara-todos-sus-peluches-a-los-ninos\/","title":{"rendered":"Alejandra Vald\u00e9s repetir\u00e1 este s\u00e1bado y regalar\u00e1 todos sus peluches a los ni\u00f1os"},"content":{"rendered":"<p>\u00bfRecuerdan nuestros lectores a la joven sanfelipe\u00f1a que el a\u00f1o pasado se desprendi\u00f3 de sus peluches personales para regalarlos a los ni\u00f1os de Poblaci\u00f3n San Felipe? <strong>Mar\u00eda Alejandra Vald\u00e9s Crocco<\/strong>, de 30 a\u00f1os de edad, este s\u00e1bado 21 de diciembre estar\u00e1 repitiendo este dulce acto de altruismo con los peque\u00f1itos que lleguen a su casa ubicada en Justo Estay 880 entre las 19:00 a las 21:00 horas.<\/p>\n<p>&nbsp;<\/p>\n<p><span style=\"color: #ff0000;\"><strong>\u00abQUIERO COMPARTIR\u00bb<\/strong><\/span><\/p>\n<p><strong>Diario El Trabajo<\/strong> habl\u00f3 con Alejandra ayer mi\u00e9rcoles, la ilusionada joven nos coment\u00f3 que \u00ab<em>muy contenta, me result\u00f3 muy bien esta campa\u00f1a el a\u00f1o pasado, me pareci\u00f3 que si yo tengo tantos peluches y de los que ya he disfrutado por tanto tiempo, era mejor tambi\u00e9n que los compartiera y yo quiero compartir, hay ni\u00f1os y vecinos a los que les har\u00e1 feliz, tambi\u00e9n mis amigos y familiares colocaron carteles en el barrio, lleg\u00f3 mucha gente, de todas las edades, ni\u00f1os chicos, sus mam\u00e1s, pap\u00e1s con sus hijos, me sent\u00ed muy emocionada de vivir esta experiencia, esta es la primera vez que hago esto<\/em>\u00bb, coment\u00f3 a Mar\u00eda Alejandra.<\/p>\n<p>Este a\u00f1o hay varios comerciantes que tambi\u00e9n quisieron unirse a esta iniciativa, se trata de \u2018Cumplea\u00f1os Feliz\u2019, negocio que donar\u00e1 muchos dulces y golosinas para esta oportunidad, de la misma forma \u2018Dulces y Congelados RP\u2019, de Renzo y Gabriel Pantucci, quienes donar\u00e1n muchos helados.<\/p>\n<p>Esta experiencia nos permite valorar el poder del amor, ver c\u00f3mo el s\u00f3lo acto de compartir convoc\u00f3 a vecinos de varias poblaciones aleda\u00f1as para recibir estos obsequios, verdaderamente que es digno de imitarse. En <strong>Diario El Trabajo<\/strong> hoy felicitamos nuevamente a nuestra especial amiga, Mar\u00eda Alejandra Vald\u00e9s, por mostrarnos tambi\u00e9n cu\u00e1l es la actitud y el camino a seguir.<\/p>\n<p><strong>Roberto Gonz\u00e1lez Short<\/strong><\/p>\n<p>&nbsp;<\/p>\n<figure id=\"attachment_96166\" aria-describedby=\"caption-attachment-96166\" style=\"width: 580px\" class=\"wp-caption alignnone\"><img data-recalc-dims=\"1\" loading=\"lazy\" decoding=\"async\" class=\"size-full wp-image-96166\" src=\"https:\/\/i0.wp.com\/www.eltrabajo.cl\/portal\/wp-content\/uploads\/2019\/12\/Peluches_Alejandra-Valdes.jpg?resize=580%2C358\" alt=\"LA REGALONA.- Alejandra Vald\u00e9s, la regalona del barrio que obsequiar\u00e1 este s\u00e1bado sus nuevos peluches a los ni\u00f1os del sector.\" width=\"580\" height=\"358\" srcset=\"https:\/\/i0.wp.com\/eltrabajo.cl\/portal\/wp-content\/uploads\/2019\/12\/Peluches_Alejandra-Valdes.jpg?w=580&amp;ssl=1 580w, https:\/\/i0.wp.com\/eltrabajo.cl\/portal\/wp-content\/uploads\/2019\/12\/Peluches_Alejandra-Valdes.jpg?resize=300%2C185&amp;ssl=1 300w, https:\/\/i0.wp.com\/eltrabajo.cl\/portal\/wp-content\/uploads\/2019\/12\/Peluches_Alejandra-Valdes.jpg?resize=200%2C123&amp;ssl=1 200w, https:\/\/i0.wp.com\/eltrabajo.cl\/portal\/wp-content\/uploads\/2019\/12\/Peluches_Alejandra-Valdes.jpg?resize=243%2C150&amp;ssl=1 243w, https:\/\/i0.wp.com\/eltrabajo.cl\/portal\/wp-content\/uploads\/2019\/12\/Peluches_Alejandra-Valdes.jpg?resize=400%2C247&amp;ssl=1 400w\" sizes=\"auto, (max-width: 580px) 100vw, 580px\" \/><figcaption id=\"caption-attachment-96166\" class=\"wp-caption-text\">LA REGALONA.- Alejandra Vald\u00e9s, la regalona del barrio que obsequiar\u00e1 este s\u00e1bado sus nuevos peluches a los ni\u00f1os del sector.<\/figcaption><\/figure>\n<p>&nbsp;<\/p>\n<figure id=\"attachment_96167\" aria-describedby=\"caption-attachment-96167\" style=\"width: 580px\" class=\"wp-caption alignnone\"><img data-recalc-dims=\"1\" loading=\"lazy\" decoding=\"async\" class=\"size-full wp-image-96167\" src=\"https:\/\/i0.wp.com\/www.eltrabajo.cl\/portal\/wp-content\/uploads\/2019\/12\/Peluches1.jpg?resize=580%2C359\" alt=\"UNA ESPECIAL NAVIDAD.- En 2018 llegaron muchos ni\u00f1os del sector a recibir su peluche, eran peque\u00f1itos de Poblaci\u00f3n Juan Pablo II, El Totoral, Los Graneros, Poblaci\u00f3n San Felipe y la misma Poblaci\u00f3n Aconcagua. (Archivo)\" width=\"580\" height=\"359\" srcset=\"https:\/\/i0.wp.com\/eltrabajo.cl\/portal\/wp-content\/uploads\/2019\/12\/Peluches1.jpg?w=580&amp;ssl=1 580w, https:\/\/i0.wp.com\/eltrabajo.cl\/portal\/wp-content\/uploads\/2019\/12\/Peluches1.jpg?resize=300%2C186&amp;ssl=1 300w, https:\/\/i0.wp.com\/eltrabajo.cl\/portal\/wp-content\/uploads\/2019\/12\/Peluches1.jpg?resize=200%2C124&amp;ssl=1 200w, https:\/\/i0.wp.com\/eltrabajo.cl\/portal\/wp-content\/uploads\/2019\/12\/Peluches1.jpg?resize=242%2C150&amp;ssl=1 242w, https:\/\/i0.wp.com\/eltrabajo.cl\/portal\/wp-content\/uploads\/2019\/12\/Peluches1.jpg?resize=400%2C248&amp;ssl=1 400w\" sizes=\"auto, (max-width: 580px) 100vw, 580px\" \/><figcaption id=\"caption-attachment-96167\" class=\"wp-caption-text\">UNA ESPECIAL NAVIDAD.- En 2018 llegaron muchos ni\u00f1os del sector a recibir su peluche, eran peque\u00f1itos de Poblaci\u00f3n Juan Pablo II, El Totoral, Los Graneros, Poblaci\u00f3n San Felipe y la misma Poblaci\u00f3n Aconcagua. (Archivo)<\/figcaption><\/figure>\n","protected":false},"excerpt":{"rendered":"<p>\u00bfRecuerdan nuestros lectores a la joven sanfelipe\u00f1a que el a\u00f1o pasado se desprendi\u00f3 de sus peluches personales para regalarlos a los ni\u00f1os de Poblaci\u00f3n San Felipe? Mar\u00eda Alejandra Vald\u00e9s Crocco, de 30&#8230;<\/p>\n","protected":false},"author":482,"featured_media":96166,"comment_status":"open","ping_status":"open","sticky":false,"template":"","format":"standard","meta":{"advanced_seo_description":"","jetpack_seo_html_title":"","jetpack_seo_noindex":false,"_jetpack_memberships_contains_paid_content":false,"footnotes":""},"categories":[15],"tags":[],"class_list":["post-96165","post","type-post","status-publish","format-standard","has-post-thumbnail","hentry","category-comunidad"],"jetpack_featured_media_url":"https:\/\/i0.wp.com\/eltrabajo.cl\/portal\/wp-content\/uploads\/2019\/12\/Peluches_Alejandra-Valdes.jpg?fit=580%2C358&ssl=1","jetpack_sharing_enabled":true,"jetpack_likes_enabled":true,"jetpack-related-posts":[],"_links":{"self":[{"href":"https:\/\/eltrabajo.cl\/portal\/wp-json\/wp\/v2\/posts\/96165","targetHints":{"allow":["GET"]}}],"collection":[{"href":"https:\/\/eltrabajo.cl\/portal\/wp-json\/wp\/v2\/posts"}],"about":[{"href":"https:\/\/eltrabajo.cl\/portal\/wp-json\/wp\/v2\/types\/post"}],"author":[{"embeddable":true,"href":"https:\/\/eltrabajo.cl\/portal\/wp-json\/wp\/v2\/users\/482"}],"replies":[{"embeddable":true,"href":"https:\/\/eltrabajo.cl\/portal\/wp-json\/wp\/v2\/comments?post=96165"}],"version-history":[{"count":0,"href":"https:\/\/eltrabajo.cl\/portal\/wp-json\/wp\/v2\/posts\/96165\/revisions"}],"wp:featuredmedia":[{"embeddable":true,"href":"https:\/\/eltrabajo.cl\/portal\/wp-json\/wp\/v2\/media\/96166"}],"wp:attachment":[{"href":"https:\/\/eltrabajo.cl\/portal\/wp-json\/wp\/v2\/media?parent=96165"}],"wp:term":[{"taxonomy":"category","embeddable":true,"href":"https:\/\/eltrabajo.cl\/portal\/wp-json\/wp\/v2\/categories?post=96165"},{"taxonomy":"post_tag","embeddable":true,"href":"https:\/\/eltrabajo.cl\/portal\/wp-json\/wp\/v2\/tags?post=96165"}],"curies":[{"name":"wp","href":"https:\/\/api.w.org\/{rel}","templated":true}]}}