{"id":96169,"date":"2019-12-19T05:04:13","date_gmt":"2019-12-19T08:04:13","guid":{"rendered":"http:\/\/www.eltrabajo.cl\/portal\/?p=96169"},"modified":"2019-12-19T00:21:34","modified_gmt":"2019-12-19T03:21:34","slug":"condenado-a-541-dias-de-presidio-por-golpear-el-rostro-de-su-sobrina","status":"publish","type":"post","link":"https:\/\/eltrabajo.cl\/portal\/condenado-a-541-dias-de-presidio-por-golpear-el-rostro-de-su-sobrina\/","title":{"rendered":"Condenado a 541 d\u00edas de presidio por golpear el rostro de su sobrina"},"content":{"rendered":"<p><span style=\"color: #ff0000;\"><strong>Con el beneficio de remisi\u00f3n condicional de la pena:<\/strong><\/span><\/p>\n<ul>\n<li><strong>Imputado fue sometido a juicio en el Tribunal Oral en Lo Penal de San Felipe, siendo condenado por el delito de lesiones menos graves en contexto de violencia intrafamiliar.<\/strong><\/li>\n<\/ul>\n<p>El Tribunal Oral en Lo Penal de San Felipe conden\u00f3 a 541 d\u00edas de presidio al imputado identificado como <strong>Christian Antonio Castillo Varas<\/strong>, tras ser acusado y juzgado por provocar lesiones menos graves a su sobrina en medio de una discusi\u00f3n familiar.<\/p>\n<p>La Fiscal\u00eda durante el juicio present\u00f3 las pruebas de la denuncia efectuada el 12 de mayo de este a\u00f1o, a eso de las 21:00 horas, en circunstancias en que el actual condenado habr\u00eda participado de una discusi\u00f3n entre hermanos al interior de una vivienda de la poblaci\u00f3n Yungay de San Felipe.<\/p>\n<p>De acuerdo a los testimonios, la v\u00edctima habr\u00eda salido en defensa de su madre interviniendo en el acalorado enfrentamiento, siendo golpeada en el rostro por el imputado con un golpe de pu\u00f1o.<\/p>\n<p>A ra\u00edz de lo anterior, la afectada result\u00f3 con una contusi\u00f3n facial de car\u00e1cter menos grave, con igual tiempo de incapacidad de 16 a 18 d\u00edas, siendo denunciado ante Carabineros de San Felipe y la Polic\u00eda de Investigaciones.<\/p>\n<p>La Fiscal\u00eda acus\u00f3 los hechos descritos constitutivos del delito de lesiones menos graves en contexto de violencia intrafamiliar, persiguiendo una pena de tres a\u00f1os de presidio menor en su grado medio.<\/p>\n<p>Sin embargo, los jueces del Tribunal Oral resolvieron en su veredicto condenar al imputado como autor de lesiones menos graves, considerando la aminorante de colaboraci\u00f3n sustancial para el esclarecimiento de los hechos, emitiendo una pena de 541 d\u00edas de presidio con el beneficio de remisi\u00f3n condicional de la pena.<\/p>\n<p><strong>Pablo Salinas Sald\u00edas<\/strong><\/p>\n<p><strong>\u00a0<\/strong><\/p>\n<figure id=\"attachment_96170\" aria-describedby=\"caption-attachment-96170\" style=\"width: 580px\" class=\"wp-caption alignnone\"><img data-recalc-dims=\"1\" loading=\"lazy\" decoding=\"async\" class=\"size-full wp-image-96170\" src=\"https:\/\/i0.wp.com\/www.eltrabajo.cl\/portal\/wp-content\/uploads\/2019\/12\/violencia-intrafamiliar.jpg?resize=580%2C359\" alt=\"La denuncia por violencia intrafamiliar fue efectuada el 12 de mayo de este a\u00f1o en la poblaci\u00f3n Yungay de San Felipe. (Imagen referencial).\" width=\"580\" height=\"359\" srcset=\"https:\/\/i0.wp.com\/eltrabajo.cl\/portal\/wp-content\/uploads\/2019\/12\/violencia-intrafamiliar.jpg?w=580&amp;ssl=1 580w, https:\/\/i0.wp.com\/eltrabajo.cl\/portal\/wp-content\/uploads\/2019\/12\/violencia-intrafamiliar.jpg?resize=300%2C186&amp;ssl=1 300w, https:\/\/i0.wp.com\/eltrabajo.cl\/portal\/wp-content\/uploads\/2019\/12\/violencia-intrafamiliar.jpg?resize=200%2C124&amp;ssl=1 200w, https:\/\/i0.wp.com\/eltrabajo.cl\/portal\/wp-content\/uploads\/2019\/12\/violencia-intrafamiliar.jpg?resize=242%2C150&amp;ssl=1 242w, https:\/\/i0.wp.com\/eltrabajo.cl\/portal\/wp-content\/uploads\/2019\/12\/violencia-intrafamiliar.jpg?resize=400%2C248&amp;ssl=1 400w\" sizes=\"auto, (max-width: 580px) 100vw, 580px\" \/><figcaption id=\"caption-attachment-96170\" class=\"wp-caption-text\">La denuncia por violencia intrafamiliar fue efectuada el 12 de mayo de este a\u00f1o en la poblaci\u00f3n Yungay de San Felipe. (Imagen referencial).<\/figcaption><\/figure>\n","protected":false},"excerpt":{"rendered":"<p>Con el beneficio de remisi\u00f3n condicional de la pena: Imputado fue sometido a juicio en el Tribunal Oral en Lo Penal de San Felipe, siendo condenado por el delito de lesiones menos&#8230;<\/p>\n","protected":false},"author":482,"featured_media":96170,"comment_status":"open","ping_status":"open","sticky":false,"template":"","format":"standard","meta":{"advanced_seo_description":"","jetpack_seo_html_title":"","jetpack_seo_noindex":false,"_jetpack_memberships_contains_paid_content":false,"footnotes":""},"categories":[97],"tags":[],"class_list":["post-96169","post","type-post","status-publish","format-standard","has-post-thumbnail","hentry","category-tribunales"],"jetpack_featured_media_url":"https:\/\/i0.wp.com\/eltrabajo.cl\/portal\/wp-content\/uploads\/2019\/12\/violencia-intrafamiliar.jpg?fit=580%2C359&ssl=1","jetpack_sharing_enabled":true,"jetpack_likes_enabled":true,"jetpack-related-posts":[],"_links":{"self":[{"href":"https:\/\/eltrabajo.cl\/portal\/wp-json\/wp\/v2\/posts\/96169","targetHints":{"allow":["GET"]}}],"collection":[{"href":"https:\/\/eltrabajo.cl\/portal\/wp-json\/wp\/v2\/posts"}],"about":[{"href":"https:\/\/eltrabajo.cl\/portal\/wp-json\/wp\/v2\/types\/post"}],"author":[{"embeddable":true,"href":"https:\/\/eltrabajo.cl\/portal\/wp-json\/wp\/v2\/users\/482"}],"replies":[{"embeddable":true,"href":"https:\/\/eltrabajo.cl\/portal\/wp-json\/wp\/v2\/comments?post=96169"}],"version-history":[{"count":0,"href":"https:\/\/eltrabajo.cl\/portal\/wp-json\/wp\/v2\/posts\/96169\/revisions"}],"wp:featuredmedia":[{"embeddable":true,"href":"https:\/\/eltrabajo.cl\/portal\/wp-json\/wp\/v2\/media\/96170"}],"wp:attachment":[{"href":"https:\/\/eltrabajo.cl\/portal\/wp-json\/wp\/v2\/media?parent=96169"}],"wp:term":[{"taxonomy":"category","embeddable":true,"href":"https:\/\/eltrabajo.cl\/portal\/wp-json\/wp\/v2\/categories?post=96169"},{"taxonomy":"post_tag","embeddable":true,"href":"https:\/\/eltrabajo.cl\/portal\/wp-json\/wp\/v2\/tags?post=96169"}],"curies":[{"name":"wp","href":"https:\/\/api.w.org\/{rel}","templated":true}]}}