{"id":96172,"date":"2019-12-19T05:05:35","date_gmt":"2019-12-19T08:05:35","guid":{"rendered":"http:\/\/www.eltrabajo.cl\/portal\/?p=96172"},"modified":"2019-12-19T00:31:53","modified_gmt":"2019-12-19T03:31:53","slug":"vecino-de-calle-san-martin-preocupado-porque-detras-de-su-casa-hay-mucho-arbusto-seco-que-podria-provocar-un-incendio","status":"publish","type":"post","link":"https:\/\/eltrabajo.cl\/portal\/vecino-de-calle-san-martin-preocupado-porque-detras-de-su-casa-hay-mucho-arbusto-seco-que-podria-provocar-un-incendio\/","title":{"rendered":"Vecino de calle San Mart\u00edn preocupado porque detr\u00e1s de su casa hay mucho arbusto seco que podr\u00eda provocar un incendio"},"content":{"rendered":"<p>Preocupado se encuentra un vecino de calle San Mart\u00edn porque en la parte posterior de su inmueble hay mucho arbusto y palmeras secas, las cuales en cualquier momento se podr\u00edan encender teniendo en cuenta las altas temperaturas. Hace presente de todas maneras que es un recinto privado, pero de igual forma pide ayuda a quien corresponda para que se pueda desmalezar.<\/p>\n<p>El vecino <strong>Absal\u00f3n Gonz\u00e1lez<\/strong>, en conversaci\u00f3n nuestro medio, se\u00f1al\u00f3 lo siguiente: <em>\u201cEstoy bastante preocupado porque se est\u00e1n cayendo esas casas viejitas, que est\u00e1n al lado de la m\u00eda, est\u00e1n secos los \u00e1rboles, se est\u00e1n secando hasta unas palmeras, se llen\u00f3 de montes y seco, todo seco, as\u00ed es que ese es un peligro que estamos sufriendo aqu\u00ed nosotros. Me dijeron que fuera a la oficina de Emergencia de la Municipalidad, pero me van a decir que hay que ubicar a los due\u00f1os primero. \u00bfAs\u00ed es que estamos esperando que haya una tragedia entonces?, ese es el problema\u201d,<\/em> dijo.<\/p>\n<p>Reiter\u00f3 que est\u00e1 preocupado porque el pasto est\u00e1 seco, al igual que las palmeras y los arbustos: <em>\u201cHay \u00e1rboles secos, hay perales, naranjos, guindas, todo eso se sec\u00f3, as\u00ed que eso est\u00e1 esperando un incendio, al producirse uno tomar\u00eda mi casa, las de al lado, hasta las que dan para O\u2019Higgins, porque son todas casas bastante viejas. Ese es el problema, ser\u00eda algo de proporciones el incendio, por eso pido si se puede hacer algo. Yo s\u00e9 en todo caso que es un terreno particular, pero ojala alguien nos ayude\u201d,<\/em> \u00a0finaliz\u00f3.<\/p>\n<p>El sitio queda ubicado a los pies de un inmueble en calle San Mart\u00edn, donde funciona una fuente de soda, entre Navarro y Traslavi\u00f1a.<\/p>\n<p>&nbsp;<\/p>\n<figure id=\"attachment_96174\" aria-describedby=\"caption-attachment-96174\" style=\"width: 579px\" class=\"wp-caption alignnone\"><img data-recalc-dims=\"1\" loading=\"lazy\" decoding=\"async\" class=\"size-full wp-image-96174\" src=\"https:\/\/i0.wp.com\/www.eltrabajo.cl\/portal\/wp-content\/uploads\/2019\/12\/absalon-palmeras-secas.jpg?resize=579%2C435\" alt=\"En la imagen se puede apreciar claramente el estado de sequedad de las especies arb\u00f3reas.\" width=\"579\" height=\"435\" srcset=\"https:\/\/i0.wp.com\/eltrabajo.cl\/portal\/wp-content\/uploads\/2019\/12\/absalon-palmeras-secas.jpg?w=579&amp;ssl=1 579w, https:\/\/i0.wp.com\/eltrabajo.cl\/portal\/wp-content\/uploads\/2019\/12\/absalon-palmeras-secas.jpg?resize=300%2C225&amp;ssl=1 300w, https:\/\/i0.wp.com\/eltrabajo.cl\/portal\/wp-content\/uploads\/2019\/12\/absalon-palmeras-secas.jpg?resize=200%2C150&amp;ssl=1 200w, https:\/\/i0.wp.com\/eltrabajo.cl\/portal\/wp-content\/uploads\/2019\/12\/absalon-palmeras-secas.jpg?resize=400%2C301&amp;ssl=1 400w\" sizes=\"auto, (max-width: 579px) 100vw, 579px\" \/><figcaption id=\"caption-attachment-96174\" class=\"wp-caption-text\">En la imagen se puede apreciar claramente el estado de sequedad de las especies arb\u00f3reas.<\/figcaption><\/figure>\n<p>&nbsp;<\/p>\n<figure id=\"attachment_96173\" aria-describedby=\"caption-attachment-96173\" style=\"width: 580px\" class=\"wp-caption alignnone\"><img data-recalc-dims=\"1\" loading=\"lazy\" decoding=\"async\" class=\"size-full wp-image-96173\" src=\"https:\/\/i0.wp.com\/www.eltrabajo.cl\/portal\/wp-content\/uploads\/2019\/12\/Absalon-Gonzalez.jpg?resize=580%2C358\" alt=\"Absal\u00f3n Gonz\u00e1lez, vecino de calle San Mart\u00edn, quien se encuentra muy preocupado por el abundante pasto, arbustos y \u00e1rboles secos que hay detr\u00e1s de su casa.\" width=\"580\" height=\"358\" srcset=\"https:\/\/i0.wp.com\/eltrabajo.cl\/portal\/wp-content\/uploads\/2019\/12\/Absalon-Gonzalez.jpg?w=580&amp;ssl=1 580w, https:\/\/i0.wp.com\/eltrabajo.cl\/portal\/wp-content\/uploads\/2019\/12\/Absalon-Gonzalez.jpg?resize=300%2C185&amp;ssl=1 300w, https:\/\/i0.wp.com\/eltrabajo.cl\/portal\/wp-content\/uploads\/2019\/12\/Absalon-Gonzalez.jpg?resize=200%2C123&amp;ssl=1 200w, https:\/\/i0.wp.com\/eltrabajo.cl\/portal\/wp-content\/uploads\/2019\/12\/Absalon-Gonzalez.jpg?resize=243%2C150&amp;ssl=1 243w, https:\/\/i0.wp.com\/eltrabajo.cl\/portal\/wp-content\/uploads\/2019\/12\/Absalon-Gonzalez.jpg?resize=400%2C247&amp;ssl=1 400w\" sizes=\"auto, (max-width: 580px) 100vw, 580px\" \/><figcaption id=\"caption-attachment-96173\" class=\"wp-caption-text\">Absal\u00f3n Gonz\u00e1lez, vecino de calle San Mart\u00edn, quien se encuentra muy preocupado por el abundante pasto, arbustos y \u00e1rboles secos que hay detr\u00e1s de su casa.<\/figcaption><\/figure>\n","protected":false},"excerpt":{"rendered":"<p>Preocupado se encuentra un vecino de calle San Mart\u00edn porque en la parte posterior de su inmueble hay mucho arbusto y palmeras secas, las cuales en cualquier momento se podr\u00edan encender teniendo&#8230;<\/p>\n","protected":false},"author":482,"featured_media":96173,"comment_status":"open","ping_status":"open","sticky":false,"template":"","format":"standard","meta":{"advanced_seo_description":"","jetpack_seo_html_title":"","jetpack_seo_noindex":false,"_jetpack_memberships_contains_paid_content":false,"footnotes":""},"categories":[15],"tags":[],"class_list":["post-96172","post","type-post","status-publish","format-standard","has-post-thumbnail","hentry","category-comunidad"],"jetpack_featured_media_url":"https:\/\/i0.wp.com\/eltrabajo.cl\/portal\/wp-content\/uploads\/2019\/12\/Absalon-Gonzalez.jpg?fit=580%2C358&ssl=1","jetpack_sharing_enabled":true,"jetpack_likes_enabled":true,"jetpack-related-posts":[],"_links":{"self":[{"href":"https:\/\/eltrabajo.cl\/portal\/wp-json\/wp\/v2\/posts\/96172","targetHints":{"allow":["GET"]}}],"collection":[{"href":"https:\/\/eltrabajo.cl\/portal\/wp-json\/wp\/v2\/posts"}],"about":[{"href":"https:\/\/eltrabajo.cl\/portal\/wp-json\/wp\/v2\/types\/post"}],"author":[{"embeddable":true,"href":"https:\/\/eltrabajo.cl\/portal\/wp-json\/wp\/v2\/users\/482"}],"replies":[{"embeddable":true,"href":"https:\/\/eltrabajo.cl\/portal\/wp-json\/wp\/v2\/comments?post=96172"}],"version-history":[{"count":0,"href":"https:\/\/eltrabajo.cl\/portal\/wp-json\/wp\/v2\/posts\/96172\/revisions"}],"wp:featuredmedia":[{"embeddable":true,"href":"https:\/\/eltrabajo.cl\/portal\/wp-json\/wp\/v2\/media\/96173"}],"wp:attachment":[{"href":"https:\/\/eltrabajo.cl\/portal\/wp-json\/wp\/v2\/media?parent=96172"}],"wp:term":[{"taxonomy":"category","embeddable":true,"href":"https:\/\/eltrabajo.cl\/portal\/wp-json\/wp\/v2\/categories?post=96172"},{"taxonomy":"post_tag","embeddable":true,"href":"https:\/\/eltrabajo.cl\/portal\/wp-json\/wp\/v2\/tags?post=96172"}],"curies":[{"name":"wp","href":"https:\/\/api.w.org\/{rel}","templated":true}]}}