{"id":96176,"date":"2019-12-19T05:06:00","date_gmt":"2019-12-19T08:06:00","guid":{"rendered":"http:\/\/www.eltrabajo.cl\/portal\/?p=96176"},"modified":"2019-12-19T00:33:59","modified_gmt":"2019-12-19T03:33:59","slug":"perrito-rescatado-por-bomberos-de-santa-maria-ya-tiene-familia-adoptiva","status":"publish","type":"post","link":"https:\/\/eltrabajo.cl\/portal\/perrito-rescatado-por-bomberos-de-santa-maria-ya-tiene-familia-adoptiva\/","title":{"rendered":"Perrito rescatado por Bomberos de Santa Mar\u00eda ya tiene familia adoptiva"},"content":{"rendered":"<p><span style=\"color: #ff0000;\"><strong>Fue atendido por Veterinaria Municipal:<\/strong><\/span><\/p>\n<ul>\n<li><strong>El animalito, de avanzada edad, cay\u00f3 a un canal de regad\u00edo, lo que fue advertido por una vecina que intent\u00f3 salvarlo, siendo finalmente rescatado por los voluntarios de Bomberos de esa comuna el pasado 5 de diciembre.<\/strong><\/li>\n<\/ul>\n<p>Luego de conocerse la conmovedora historia del rescate de un perrito que se ahogaba en un canal de regad\u00edo, siendo salvado por voluntarios de Bomberos de Santa Mar\u00eda, finalmente comunicamos que actualmente la mascota, que al principio se encontraba en abandono, hoy tiene un hogar tras ser adoptado por una familia en esa comuna.<\/p>\n<p>As\u00ed lo inform\u00f3 a <strong>Diario El Trabajo<\/strong> la m\u00e9dico veterinario <strong>Camila Aguilar<\/strong>, encargada del Programa de Tenencia Responsable de Animales de Compa\u00f1\u00eda y Consulta de la Veterinaria Municipal de Santa Mar\u00eda, \u00a0quien atendi\u00f3 al perrito luego de ser rescatado por Bomberos el pasado 5 de diciembre.<\/p>\n<p>\u201c<em>El perrito lleg\u00f3 ese d\u00eda con hipotermia, una desnutrici\u00f3n severa, estaba en p\u00e9simas condiciones, le recuperamos la temperatura, le dimos comida. Despu\u00e9s una joven se interes\u00f3 en \u00e9l y que quer\u00eda adoptarlo. Nosotros nos encargamos de entregarle su carn\u00e9 sanitario al d\u00eda, con sus vacunas, la antirr\u00e1bica, desparasitado, incluimos el chip, hicimos la inscripci\u00f3n a nombre de ella, todos los perros que entran a la consulta se chipean y se van inscritos, cumpliendo con la Ley de Tenencia Responsable y la ni\u00f1a se lo llev\u00f3\u201d.<\/em><\/p>\n<p>La profesional agreg\u00f3 que la semana pasada el perrito ya estaba adaptado a su nueva familia en excelentes condiciones: <em>\u201cEs un perro mestizo s\u00e9nior de entre 8 a 10 a\u00f1os de edad, ya est\u00e1 bien viejito (\u2026) Asimismo nos pasa semanalmente con el abandono de cachorros aqu\u00ed en la comuna y la adopci\u00f3n no es tan r\u00e1pida.\u00a0 En este caso la adopci\u00f3n fue casi en el d\u00eda, as\u00ed que fue maravilloso\u201d, <\/em>\u00a0concluy\u00f3.<\/p>\n<p><strong>Pablo Salinas Sald\u00edas<\/strong><\/p>\n<p><strong>\u00a0<\/strong><\/p>\n<figure id=\"attachment_96177\" aria-describedby=\"caption-attachment-96177\" style=\"width: 580px\" class=\"wp-caption alignnone\"><img data-recalc-dims=\"1\" loading=\"lazy\" decoding=\"async\" class=\"size-full wp-image-96177\" src=\"https:\/\/i0.wp.com\/www.eltrabajo.cl\/portal\/wp-content\/uploads\/2019\/12\/RESCATE2-1.jpg?resize=580%2C358\" alt=\"Bomberos de Santa Mar\u00eda rescataron al perrito que se ahogaba el pasado 5 de diciembre. (Fotograf\u00edas: Emergencias Santa Mar\u00eda).\" width=\"580\" height=\"358\" srcset=\"https:\/\/i0.wp.com\/eltrabajo.cl\/portal\/wp-content\/uploads\/2019\/12\/RESCATE2-1.jpg?w=580&amp;ssl=1 580w, https:\/\/i0.wp.com\/eltrabajo.cl\/portal\/wp-content\/uploads\/2019\/12\/RESCATE2-1.jpg?resize=300%2C185&amp;ssl=1 300w, https:\/\/i0.wp.com\/eltrabajo.cl\/portal\/wp-content\/uploads\/2019\/12\/RESCATE2-1.jpg?resize=200%2C123&amp;ssl=1 200w, https:\/\/i0.wp.com\/eltrabajo.cl\/portal\/wp-content\/uploads\/2019\/12\/RESCATE2-1.jpg?resize=243%2C150&amp;ssl=1 243w, https:\/\/i0.wp.com\/eltrabajo.cl\/portal\/wp-content\/uploads\/2019\/12\/RESCATE2-1.jpg?resize=400%2C247&amp;ssl=1 400w\" sizes=\"auto, (max-width: 580px) 100vw, 580px\" \/><figcaption id=\"caption-attachment-96177\" class=\"wp-caption-text\">Bomberos de Santa Mar\u00eda rescataron al perrito que se ahogaba el pasado 5 de diciembre. (Fotograf\u00edas: Emergencias Santa Mar\u00eda).<\/figcaption><\/figure>\n<p>&nbsp;<\/p>\n<figure id=\"attachment_96178\" aria-describedby=\"caption-attachment-96178\" style=\"width: 579px\" class=\"wp-caption alignnone\"><img data-recalc-dims=\"1\" loading=\"lazy\" decoding=\"async\" class=\"size-full wp-image-96178\" src=\"https:\/\/i0.wp.com\/www.eltrabajo.cl\/portal\/wp-content\/uploads\/2019\/12\/RESCATE3-1.jpg?resize=579%2C398\" alt=\" El animalito de avanzada edad fue atendido en la Consulta Veterinaria Municipal.\" width=\"579\" height=\"398\" srcset=\"https:\/\/i0.wp.com\/eltrabajo.cl\/portal\/wp-content\/uploads\/2019\/12\/RESCATE3-1.jpg?w=579&amp;ssl=1 579w, https:\/\/i0.wp.com\/eltrabajo.cl\/portal\/wp-content\/uploads\/2019\/12\/RESCATE3-1.jpg?resize=300%2C206&amp;ssl=1 300w, https:\/\/i0.wp.com\/eltrabajo.cl\/portal\/wp-content\/uploads\/2019\/12\/RESCATE3-1.jpg?resize=200%2C137&amp;ssl=1 200w, https:\/\/i0.wp.com\/eltrabajo.cl\/portal\/wp-content\/uploads\/2019\/12\/RESCATE3-1.jpg?resize=218%2C150&amp;ssl=1 218w, https:\/\/i0.wp.com\/eltrabajo.cl\/portal\/wp-content\/uploads\/2019\/12\/RESCATE3-1.jpg?resize=400%2C275&amp;ssl=1 400w\" sizes=\"auto, (max-width: 579px) 100vw, 579px\" \/><figcaption id=\"caption-attachment-96178\" class=\"wp-caption-text\">El animalito de avanzada edad fue atendido en la Consulta Veterinaria Municipal.<\/figcaption><\/figure>\n<p>&nbsp;<\/p>\n<figure id=\"attachment_96179\" aria-describedby=\"caption-attachment-96179\" style=\"width: 579px\" class=\"wp-caption alignnone\"><img data-recalc-dims=\"1\" loading=\"lazy\" decoding=\"async\" class=\"size-full wp-image-96179\" src=\"https:\/\/i0.wp.com\/www.eltrabajo.cl\/portal\/wp-content\/uploads\/2019\/12\/rescate-PERRITO1-1.jpg?resize=579%2C773\" alt=\"El perrito finalmente fue adoptado por una familia que se conmovi\u00f3 con su historia.\" width=\"579\" height=\"773\" srcset=\"https:\/\/i0.wp.com\/eltrabajo.cl\/portal\/wp-content\/uploads\/2019\/12\/rescate-PERRITO1-1.jpg?w=579&amp;ssl=1 579w, https:\/\/i0.wp.com\/eltrabajo.cl\/portal\/wp-content\/uploads\/2019\/12\/rescate-PERRITO1-1.jpg?resize=225%2C300&amp;ssl=1 225w, https:\/\/i0.wp.com\/eltrabajo.cl\/portal\/wp-content\/uploads\/2019\/12\/rescate-PERRITO1-1.jpg?resize=112%2C150&amp;ssl=1 112w, https:\/\/i0.wp.com\/eltrabajo.cl\/portal\/wp-content\/uploads\/2019\/12\/rescate-PERRITO1-1.jpg?resize=400%2C534&amp;ssl=1 400w\" sizes=\"auto, (max-width: 579px) 100vw, 579px\" \/><figcaption id=\"caption-attachment-96179\" class=\"wp-caption-text\">El perrito finalmente fue adoptado por una familia que se conmovi\u00f3 con su historia.<\/figcaption><\/figure>\n<p><strong>\u00a0<\/strong><\/p>\n","protected":false},"excerpt":{"rendered":"<p>Fue atendido por Veterinaria Municipal: El animalito, de avanzada edad, cay\u00f3 a un canal de regad\u00edo, lo que fue advertido por una vecina que intent\u00f3 salvarlo, siendo finalmente rescatado por los voluntarios&#8230;<\/p>\n","protected":false},"author":482,"featured_media":96177,"comment_status":"open","ping_status":"open","sticky":false,"template":"","format":"standard","meta":{"advanced_seo_description":"","jetpack_seo_html_title":"","jetpack_seo_noindex":false,"_jetpack_memberships_contains_paid_content":false,"footnotes":""},"categories":[15],"tags":[],"class_list":["post-96176","post","type-post","status-publish","format-standard","has-post-thumbnail","hentry","category-comunidad"],"jetpack_featured_media_url":"https:\/\/i0.wp.com\/eltrabajo.cl\/portal\/wp-content\/uploads\/2019\/12\/RESCATE2-1.jpg?fit=580%2C358&ssl=1","jetpack_sharing_enabled":true,"jetpack_likes_enabled":true,"jetpack-related-posts":[],"_links":{"self":[{"href":"https:\/\/eltrabajo.cl\/portal\/wp-json\/wp\/v2\/posts\/96176","targetHints":{"allow":["GET"]}}],"collection":[{"href":"https:\/\/eltrabajo.cl\/portal\/wp-json\/wp\/v2\/posts"}],"about":[{"href":"https:\/\/eltrabajo.cl\/portal\/wp-json\/wp\/v2\/types\/post"}],"author":[{"embeddable":true,"href":"https:\/\/eltrabajo.cl\/portal\/wp-json\/wp\/v2\/users\/482"}],"replies":[{"embeddable":true,"href":"https:\/\/eltrabajo.cl\/portal\/wp-json\/wp\/v2\/comments?post=96176"}],"version-history":[{"count":0,"href":"https:\/\/eltrabajo.cl\/portal\/wp-json\/wp\/v2\/posts\/96176\/revisions"}],"wp:featuredmedia":[{"embeddable":true,"href":"https:\/\/eltrabajo.cl\/portal\/wp-json\/wp\/v2\/media\/96177"}],"wp:attachment":[{"href":"https:\/\/eltrabajo.cl\/portal\/wp-json\/wp\/v2\/media?parent=96176"}],"wp:term":[{"taxonomy":"category","embeddable":true,"href":"https:\/\/eltrabajo.cl\/portal\/wp-json\/wp\/v2\/categories?post=96176"},{"taxonomy":"post_tag","embeddable":true,"href":"https:\/\/eltrabajo.cl\/portal\/wp-json\/wp\/v2\/tags?post=96176"}],"curies":[{"name":"wp","href":"https:\/\/api.w.org\/{rel}","templated":true}]}}