{"id":96181,"date":"2019-12-19T05:07:06","date_gmt":"2019-12-19T08:07:06","guid":{"rendered":"http:\/\/www.eltrabajo.cl\/portal\/?p=96181"},"modified":"2019-12-19T00:36:57","modified_gmt":"2019-12-19T03:36:57","slug":"perpetuo-calificado-para-miguel-espinoza-por-violar-y-acabar-con-la-vida-de-ambar-lazcano","status":"publish","type":"post","link":"https:\/\/eltrabajo.cl\/portal\/perpetuo-calificado-para-miguel-espinoza-por-violar-y-acabar-con-la-vida-de-ambar-lazcano\/","title":{"rendered":"Perpetuo Calificado para Miguel Espinoza, por violar y acabar con la vida de \u00c1mbar Lazcano"},"content":{"rendered":"<p><span style=\"color: #ff0000;\"><strong>Cuando \u2018El Chacal\u2019 tenga 70 a\u00f1os podr\u00eda solicitar alg\u00fan beneficio:<\/strong><\/span><\/p>\n<p><strong>LOS ANDES<\/strong>.- Lo que familiares de \u00c1mbar Lazcano, la sociedad entera y hasta el alma misma de la ni\u00f1a asesinada vienen clamando desde aquella mortal noche, es lo que se cumpli\u00f3 a golpe de machete cuando el Tribunal de Juicio Oral en lo Penal de Los Andes condenara a Presidio Perpetuo Calificado a <strong><em>Miguel Espinoza Aravena<\/em><\/strong> (31), tras hallarlo responsable y autor del delito consumado de Violaci\u00f3n con Homicidio en contra de la peque\u00f1a \u00c1mbar Lazcano, de solo un a\u00f1o y 7 meses de edad, hecho ocurrido la noche del 27 de abril de 2018.<\/p>\n<p>&nbsp;<\/p>\n<p><span style=\"color: #ff0000;\"><strong>A LA SOMBRA<\/strong><\/span><\/p>\n<p>Ello implica que hombre deber\u00e1 permanecer 40 a\u00f1os privado de libertad antes de poder optar a un beneficio intrapenitenciario, el cual reci\u00e9n se le otorgar\u00eda cuando cumpla 70 a\u00f1os. La resoluci\u00f3n fue le\u00edda por el magistrado <strong><em>Carlos Mu\u00f1oz<\/em><\/strong> y en la audiencia no estuvo presente el condenado, seg\u00fan lo inform\u00f3 <strong><em>Los Andes Online<\/em><\/strong>.<\/p>\n<p>El veredicto que las pruebas y pericias aportadas por el Ministerio P\u00fablico fueron suficientes para acreditar el delito y la participaci\u00f3n del acusado, quedando sobradamente demostrado que Espinoza Aravena ultraj\u00f3 a la peque\u00f1a \u00c1mbar y le caus\u00f3 lesiones que le causaron una rotura g\u00e1strica.<\/p>\n<p>El fallo del tribunal establece que las pruebas aportadas dieron cuenta de las acciones destinadas al ocultamiento de los hechos por parte del imputado, siendo ayudado en esto por su esposa, \u00ab<em>consistentes en la elucubraci\u00f3n de m\u00faltiples historias con la que pretendi\u00f3 explicar el origen de dichas lesiones, las que iban desde supuestas enfermedades o patolog\u00eda que aquejar\u00edan a la ni\u00f1a hasta agresiones provocadas por su hermana Luna, o por ca\u00eddas en el proceso de aprendizaje al caminar, las que lamentablemente tampoco fueron pesquisadas por el personal del FAE Pro Ayun, quien en su momento por orden del Tribunal de Familia tuvo la derivaci\u00f3n y el control de la ni\u00f1a, permitiendo con ello la impunidad del acusado<\/em>\u00bb, indica el fallo.<\/p>\n<p>Los magistrados en base a la prueba pudieron establecer que el d\u00eda 27 de abril de 2018 el acusado Miguel Espinoza estuvo s\u00f3lo al cuidado de \u00c1mbar a partir de las 20:00 horas, \u00ab<em>existiendo a partir de esa hora y seg\u00fan los dichos del propio imputado, hubo consumo de alcohol de su parte, adem\u00e1s, seg\u00fan testigos que lo vieron, present\u00f3 actitudes de nerviosismo y de requerir abundante informaci\u00f3n en el buscador Google de diferentes tipos de remedios para la inflamaci\u00f3n abdominal<\/em>\u00bb.<\/p>\n<p>&nbsp;<\/p>\n<p><span style=\"color: #ff0000;\"><strong>BRUTAL PALIZA<\/strong><\/span><\/p>\n<p>Se a\u00f1ade que fue los funcionarios del Servicio de Urgencia del Hospital San Juan de Dios, quienes fueron los primeros en percatarse de las lesiones que presentaba \u00c1mbar, adem\u00e1s de lesiones antiguas, siendo luego derivada hasta el hospital de San Felipe donde falleci\u00f3 cerca de las 13:00 horas del s\u00e1bado 28 de abril.<\/p>\n<p>Tambi\u00e9n qued\u00f3 acreditado que fue el estallido g\u00e1strico fue la lesi\u00f3n que le caus\u00f3 la muerte, fruto de acciones cobardes cometidas por un tercero hacia su cuerpo consistente en golpes o abstricci\u00f3n, \u00ab<em>las que incluso provocaron fracturas de alguna de las costillas de la ni\u00f1a, teniendo estos golpes una clara acci\u00f3n homicida<\/em>\u00bb. Con este veredicto se cierra unos de los cap\u00edtulos m\u00e1s horrendos de maltrato infantil que se hayan registrado en la provincia de Los Andes.<\/p>\n<p>&nbsp;<\/p>\n<figure id=\"attachment_96182\" aria-describedby=\"caption-attachment-96182\" style=\"width: 580px\" class=\"wp-caption alignnone\"><img data-recalc-dims=\"1\" loading=\"lazy\" decoding=\"async\" class=\"size-full wp-image-96182\" src=\"https:\/\/i0.wp.com\/www.eltrabajo.cl\/portal\/wp-content\/uploads\/2019\/12\/Sentencia_Miguel-Andres-Espinoza-Aravena.jpg?resize=580%2C358\" alt=\"Este \u2018Chacal\u2019 reci\u00e9n podr\u00e1 optar a beneficios cuando tenga 70 a\u00f1os de edad y haya pasado 40 tras las rejas.  FOTO:FRANCISCO FLORES SEGUEL\/AGENCIAUNO\" width=\"580\" height=\"358\" srcset=\"https:\/\/i0.wp.com\/eltrabajo.cl\/portal\/wp-content\/uploads\/2019\/12\/Sentencia_Miguel-Andres-Espinoza-Aravena.jpg?w=580&amp;ssl=1 580w, https:\/\/i0.wp.com\/eltrabajo.cl\/portal\/wp-content\/uploads\/2019\/12\/Sentencia_Miguel-Andres-Espinoza-Aravena.jpg?resize=300%2C185&amp;ssl=1 300w, https:\/\/i0.wp.com\/eltrabajo.cl\/portal\/wp-content\/uploads\/2019\/12\/Sentencia_Miguel-Andres-Espinoza-Aravena.jpg?resize=200%2C123&amp;ssl=1 200w, https:\/\/i0.wp.com\/eltrabajo.cl\/portal\/wp-content\/uploads\/2019\/12\/Sentencia_Miguel-Andres-Espinoza-Aravena.jpg?resize=243%2C150&amp;ssl=1 243w, https:\/\/i0.wp.com\/eltrabajo.cl\/portal\/wp-content\/uploads\/2019\/12\/Sentencia_Miguel-Andres-Espinoza-Aravena.jpg?resize=400%2C247&amp;ssl=1 400w\" sizes=\"auto, (max-width: 580px) 100vw, 580px\" \/><figcaption id=\"caption-attachment-96182\" class=\"wp-caption-text\">Este \u2018Chacal\u2019 reci\u00e9n podr\u00e1 optar a beneficios cuando tenga 70 a\u00f1os de edad y haya pasado 40 tras las rejas. FOTO:FRANCISCO FLORES SEGUEL\/AGENCIAUNO<\/figcaption><\/figure>\n","protected":false},"excerpt":{"rendered":"<p>Cuando \u2018El Chacal\u2019 tenga 70 a\u00f1os podr\u00eda solicitar alg\u00fan beneficio: LOS ANDES.- Lo que familiares de \u00c1mbar Lazcano, la sociedad entera y hasta el alma misma de la ni\u00f1a asesinada vienen clamando&#8230;<\/p>\n","protected":false},"author":482,"featured_media":96182,"comment_status":"open","ping_status":"open","sticky":false,"template":"","format":"standard","meta":{"advanced_seo_description":"","jetpack_seo_html_title":"","jetpack_seo_noindex":false,"_jetpack_memberships_contains_paid_content":false,"footnotes":""},"categories":[97],"tags":[],"class_list":["post-96181","post","type-post","status-publish","format-standard","has-post-thumbnail","hentry","category-tribunales"],"jetpack_featured_media_url":"https:\/\/i0.wp.com\/eltrabajo.cl\/portal\/wp-content\/uploads\/2019\/12\/Sentencia_Miguel-Andres-Espinoza-Aravena.jpg?fit=580%2C358&ssl=1","jetpack_sharing_enabled":true,"jetpack_likes_enabled":true,"jetpack-related-posts":[],"_links":{"self":[{"href":"https:\/\/eltrabajo.cl\/portal\/wp-json\/wp\/v2\/posts\/96181","targetHints":{"allow":["GET"]}}],"collection":[{"href":"https:\/\/eltrabajo.cl\/portal\/wp-json\/wp\/v2\/posts"}],"about":[{"href":"https:\/\/eltrabajo.cl\/portal\/wp-json\/wp\/v2\/types\/post"}],"author":[{"embeddable":true,"href":"https:\/\/eltrabajo.cl\/portal\/wp-json\/wp\/v2\/users\/482"}],"replies":[{"embeddable":true,"href":"https:\/\/eltrabajo.cl\/portal\/wp-json\/wp\/v2\/comments?post=96181"}],"version-history":[{"count":0,"href":"https:\/\/eltrabajo.cl\/portal\/wp-json\/wp\/v2\/posts\/96181\/revisions"}],"wp:featuredmedia":[{"embeddable":true,"href":"https:\/\/eltrabajo.cl\/portal\/wp-json\/wp\/v2\/media\/96182"}],"wp:attachment":[{"href":"https:\/\/eltrabajo.cl\/portal\/wp-json\/wp\/v2\/media?parent=96181"}],"wp:term":[{"taxonomy":"category","embeddable":true,"href":"https:\/\/eltrabajo.cl\/portal\/wp-json\/wp\/v2\/categories?post=96181"},{"taxonomy":"post_tag","embeddable":true,"href":"https:\/\/eltrabajo.cl\/portal\/wp-json\/wp\/v2\/tags?post=96181"}],"curies":[{"name":"wp","href":"https:\/\/api.w.org\/{rel}","templated":true}]}}