{"id":96200,"date":"2019-12-20T05:05:19","date_gmt":"2019-12-20T08:05:19","guid":{"rendered":"http:\/\/www.eltrabajo.cl\/portal\/?p=96200"},"modified":"2019-12-19T21:23:58","modified_gmt":"2019-12-20T00:23:58","slug":"este-lunes-realizaran-preparacion-de-juicio-por-homicidio-de-pedro-vergara-lobos","status":"publish","type":"post","link":"https:\/\/eltrabajo.cl\/portal\/este-lunes-realizaran-preparacion-de-juicio-por-homicidio-de-pedro-vergara-lobos\/","title":{"rendered":"Este lunes realizar\u00e1n preparaci\u00f3n de juicio por homicidio de Pedro Vergara Lobos"},"content":{"rendered":"<p><span style=\"color: #ff0000;\"><strong>En el Juzgado de Garant\u00eda de San Felipe:<\/strong><\/span><\/p>\n<ul>\n<li><strong>En entrevista dada a Diario El Trabajo por la esposa del fallecido, expres\u00f3 estar ansiosa de que se haga justicia tras el brutal asesinato ocurrido el 25 de enero de este a\u00f1o en la comuna de Catemu. Asimismo, se estima que el juicio oral se llevar\u00eda a cabo dentro del primer trimestre del pr\u00f3ximo a\u00f1o 2020. <\/strong><\/li>\n<\/ul>\n<p>Este lunes 23 de diciembre se llevar\u00eda a cabo la audiencia de preparaci\u00f3n de juicio en el Juzgado de Garant\u00eda de San Felipe, por el robo con homicidio de <strong>Pedro Vergara Lobos<\/strong>, de 36 a\u00f1os de edad, y robo con violencia e intimidaci\u00f3n, a una transportista de locomoci\u00f3n colectiva ocurrido en el sector La Colonia de Catemu.<\/p>\n<p>Esta nueva fecha se agend\u00f3 debido a que la audiencia fijada para el 12 de diciembre debi\u00f3 ser suspendida, luego que uno de los imputados por este crimen no habr\u00eda sido notificado por encontrarse recluido en la c\u00e1rcel de Valdivia.<\/p>\n<p>Como se recordar\u00e1, los imputados <strong>Bryan Jeremy Cavieres Vera<\/strong>, alias<strong> \u2018El Peruano\u2019<\/strong>, y<strong> Gabriel Gonz\u00e1lez Guerra<\/strong>, apodado<strong> \u2018El Gaviota\u2019<\/strong>, habr\u00edan concertado el 25 de enero de este a\u00f1o cometer el asalto a una conductora de un colectivo, de 61 a\u00f1os de edad, de recorrido Catemu \u2013 El Cobre, premunidos de un arma de fuego.<\/p>\n<p>Precisamente en el sector de La Colonia, Pedro Vergara Lobos habr\u00eda intentado repeler el robo del veh\u00edculo de la transportista, siendo asesinado de un disparo en la cabeza, luego de lo cual los delincuentes huyeron en la camioneta del fallecido para abandonarla horas m\u00e1s tarde en la comuna de Llay Llay.<\/p>\n<p>Tras las diligencias efectuadas por la Polic\u00eda de Investigaciones, \u2018El Gaviota\u2019 fue detenido en un sector rural de Catemu, mientras que \u2018El Peruano\u2019 fue capturado en la comuna de Ovalle, intentando escapar de la justicia.<\/p>\n<p>Gonz\u00e1lez Guerra enfrenta adem\u00e1s una acusaci\u00f3n de homicidio como presunto autor de la muerte de <strong>Manuel Ahumada Galdames<\/strong>, de 27 a\u00f1os de edad, quien falleci\u00f3 el 3 de noviembre del a\u00f1o pasado, producto de un disparo en el t\u00f3rax en pleno centro de la comuna de Catemu.<\/p>\n<p>La esposa del fallecido Pedro Vergara Lobos, <strong>Macarena Salgado<\/strong>, afirm\u00f3 a <strong>Diario El Trabajo<\/strong> que como familia esperan ansiosos la realizaci\u00f3n del juicio oral que podr\u00eda desarrollarse en marzo o abril del a\u00f1o 2020, esperando que se aplique el m\u00e1ximo rigor de la Ley por el brutal asesinato del padre de familia.<\/p>\n<p>\u201c<em>Estamos ansiosos por el tema que queremos que se haga justicia luego, aunque ellos est\u00e1n en la c\u00e1rcel, pero estamos esperando ver los a\u00f1os que se le dan para el crimen que cometieron.\u00a0 Siempre va a ser un tema que nos va a afectar para toda la vida, pero se sobrelleva ya con el tiempo. Pero estamos muy ansiosos c\u00f3mo va a terminar todo. Yo recib\u00ed ayuda de la Corporaci\u00f3n de ayuda a las V\u00edctimas, con apoyo psicol\u00f3gico, ambos con mi hijo, y a \u00e9l le ha afectado hasta en su rendimiento escolar, pr\u00e1cticamente qued\u00f3 repitiendo\u201d. \u00a0<\/em><\/p>\n<p>Las penas asignadas por robo con homicidio parten desde los 15 a\u00f1os y un d\u00eda hasta presidio perpetuo calificado. En tanto el robo con violencia e intimidaci\u00f3n parte desde los 5 a\u00f1os hasta los 20 a\u00f1os de c\u00e1rcel.<\/p>\n<p>\u201c<em>Nosotros esperamos que fueran bastantes a\u00f1os, son a\u00f1os que no van a estar haciendo lo mismo a otras familias, entre m\u00e1s a\u00f1os que ellos pasen en la c\u00e1rcel ser\u00e1 el tiempo que van a estar encerrados y no van a seguir haciendo nuevamente lo que nos hicieron a nosotros como familia.\u00a0 Aunque yo s\u00e9 que los a\u00f1os que sean no me van a devolver a mi marido, pero vamos a tener la tranquilidad que van a quedar adentro\u201d,<\/em> concluy\u00f3 Macarena Salgado.<\/p>\n<p><strong>Pablo Salinas Sald\u00edas<\/strong><\/p>\n<p><strong>\u00a0<\/strong><\/p>\n<figure id=\"attachment_96203\" aria-describedby=\"caption-attachment-96203\" style=\"width: 580px\" class=\"wp-caption alignnone\"><img data-recalc-dims=\"1\" loading=\"lazy\" decoding=\"async\" class=\"size-full wp-image-96203\" src=\"https:\/\/i0.wp.com\/www.eltrabajo.cl\/portal\/wp-content\/uploads\/2019\/12\/juicio-PEDRO-VERGARA-1-1-1-1.jpg?resize=580%2C358\" alt=\"Pedro Vergara Lobos fue asesinado el 25 de enero de este a\u00f1o en la comuna de Catemu.\" width=\"580\" height=\"358\" srcset=\"https:\/\/i0.wp.com\/eltrabajo.cl\/portal\/wp-content\/uploads\/2019\/12\/juicio-PEDRO-VERGARA-1-1-1-1.jpg?w=580&amp;ssl=1 580w, https:\/\/i0.wp.com\/eltrabajo.cl\/portal\/wp-content\/uploads\/2019\/12\/juicio-PEDRO-VERGARA-1-1-1-1.jpg?resize=300%2C185&amp;ssl=1 300w, https:\/\/i0.wp.com\/eltrabajo.cl\/portal\/wp-content\/uploads\/2019\/12\/juicio-PEDRO-VERGARA-1-1-1-1.jpg?resize=200%2C123&amp;ssl=1 200w, https:\/\/i0.wp.com\/eltrabajo.cl\/portal\/wp-content\/uploads\/2019\/12\/juicio-PEDRO-VERGARA-1-1-1-1.jpg?resize=243%2C150&amp;ssl=1 243w, https:\/\/i0.wp.com\/eltrabajo.cl\/portal\/wp-content\/uploads\/2019\/12\/juicio-PEDRO-VERGARA-1-1-1-1.jpg?resize=400%2C247&amp;ssl=1 400w\" sizes=\"auto, (max-width: 580px) 100vw, 580px\" \/><figcaption id=\"caption-attachment-96203\" class=\"wp-caption-text\">Pedro Vergara Lobos fue asesinado el 25 de enero de este a\u00f1o en la comuna de Catemu.<\/figcaption><\/figure>\n<p>&nbsp;<\/p>\n<figure id=\"attachment_96202\" aria-describedby=\"caption-attachment-96202\" style=\"width: 578px\" class=\"wp-caption alignnone\"><img data-recalc-dims=\"1\" loading=\"lazy\" decoding=\"async\" class=\"size-full wp-image-96202\" src=\"https:\/\/i0.wp.com\/www.eltrabajo.cl\/portal\/wp-content\/uploads\/2019\/12\/juicio-EL-PERUANO-TRIBUNAL-1-1-1.jpg?resize=578%2C360\" alt=\"Bryan Cavieres Vera, apodado \u2018El Peruano\u2019.\" width=\"578\" height=\"360\" srcset=\"https:\/\/i0.wp.com\/eltrabajo.cl\/portal\/wp-content\/uploads\/2019\/12\/juicio-EL-PERUANO-TRIBUNAL-1-1-1.jpg?w=578&amp;ssl=1 578w, https:\/\/i0.wp.com\/eltrabajo.cl\/portal\/wp-content\/uploads\/2019\/12\/juicio-EL-PERUANO-TRIBUNAL-1-1-1.jpg?resize=300%2C187&amp;ssl=1 300w, https:\/\/i0.wp.com\/eltrabajo.cl\/portal\/wp-content\/uploads\/2019\/12\/juicio-EL-PERUANO-TRIBUNAL-1-1-1.jpg?resize=200%2C125&amp;ssl=1 200w, https:\/\/i0.wp.com\/eltrabajo.cl\/portal\/wp-content\/uploads\/2019\/12\/juicio-EL-PERUANO-TRIBUNAL-1-1-1.jpg?resize=241%2C150&amp;ssl=1 241w, https:\/\/i0.wp.com\/eltrabajo.cl\/portal\/wp-content\/uploads\/2019\/12\/juicio-EL-PERUANO-TRIBUNAL-1-1-1.jpg?resize=400%2C249&amp;ssl=1 400w\" sizes=\"auto, (max-width: 578px) 100vw, 578px\" \/><figcaption id=\"caption-attachment-96202\" class=\"wp-caption-text\">Bryan Cavieres Vera, apodado \u2018El Peruano\u2019.<\/figcaption><\/figure>\n<p>&nbsp;<\/p>\n<figure id=\"attachment_96201\" aria-describedby=\"caption-attachment-96201\" style=\"width: 577px\" class=\"wp-caption alignnone\"><img data-recalc-dims=\"1\" loading=\"lazy\" decoding=\"async\" class=\"size-full wp-image-96201\" src=\"https:\/\/i0.wp.com\/www.eltrabajo.cl\/portal\/wp-content\/uploads\/2019\/12\/juicio-EL-GAVIOTA-DETENIDO-1-1-1.jpg?resize=577%2C360\" alt=\"Gabriel Gonz\u00e1lez Guerra, apodado \u2018El Gaviota\u2019.\" width=\"577\" height=\"360\" srcset=\"https:\/\/i0.wp.com\/eltrabajo.cl\/portal\/wp-content\/uploads\/2019\/12\/juicio-EL-GAVIOTA-DETENIDO-1-1-1.jpg?w=577&amp;ssl=1 577w, https:\/\/i0.wp.com\/eltrabajo.cl\/portal\/wp-content\/uploads\/2019\/12\/juicio-EL-GAVIOTA-DETENIDO-1-1-1.jpg?resize=300%2C187&amp;ssl=1 300w, https:\/\/i0.wp.com\/eltrabajo.cl\/portal\/wp-content\/uploads\/2019\/12\/juicio-EL-GAVIOTA-DETENIDO-1-1-1.jpg?resize=200%2C125&amp;ssl=1 200w, https:\/\/i0.wp.com\/eltrabajo.cl\/portal\/wp-content\/uploads\/2019\/12\/juicio-EL-GAVIOTA-DETENIDO-1-1-1.jpg?resize=240%2C150&amp;ssl=1 240w, https:\/\/i0.wp.com\/eltrabajo.cl\/portal\/wp-content\/uploads\/2019\/12\/juicio-EL-GAVIOTA-DETENIDO-1-1-1.jpg?resize=400%2C250&amp;ssl=1 400w\" sizes=\"auto, (max-width: 577px) 100vw, 577px\" \/><figcaption id=\"caption-attachment-96201\" class=\"wp-caption-text\">Gabriel Gonz\u00e1lez Guerra, apodado \u2018El Gaviota\u2019.<\/figcaption><\/figure>\n","protected":false},"excerpt":{"rendered":"<p>En el Juzgado de Garant\u00eda de San Felipe: En entrevista dada a Diario El Trabajo por la esposa del fallecido, expres\u00f3 estar ansiosa de que se haga justicia tras el brutal asesinato&#8230;<\/p>\n","protected":false},"author":482,"featured_media":96203,"comment_status":"open","ping_status":"open","sticky":false,"template":"","format":"standard","meta":{"advanced_seo_description":"","jetpack_seo_html_title":"","jetpack_seo_noindex":false,"_jetpack_memberships_contains_paid_content":false,"footnotes":""},"categories":[97],"tags":[],"class_list":["post-96200","post","type-post","status-publish","format-standard","has-post-thumbnail","hentry","category-tribunales"],"jetpack_featured_media_url":"https:\/\/i0.wp.com\/eltrabajo.cl\/portal\/wp-content\/uploads\/2019\/12\/juicio-PEDRO-VERGARA-1-1-1-1.jpg?fit=580%2C358&ssl=1","jetpack_sharing_enabled":true,"jetpack_likes_enabled":true,"jetpack-related-posts":[],"_links":{"self":[{"href":"https:\/\/eltrabajo.cl\/portal\/wp-json\/wp\/v2\/posts\/96200","targetHints":{"allow":["GET"]}}],"collection":[{"href":"https:\/\/eltrabajo.cl\/portal\/wp-json\/wp\/v2\/posts"}],"about":[{"href":"https:\/\/eltrabajo.cl\/portal\/wp-json\/wp\/v2\/types\/post"}],"author":[{"embeddable":true,"href":"https:\/\/eltrabajo.cl\/portal\/wp-json\/wp\/v2\/users\/482"}],"replies":[{"embeddable":true,"href":"https:\/\/eltrabajo.cl\/portal\/wp-json\/wp\/v2\/comments?post=96200"}],"version-history":[{"count":0,"href":"https:\/\/eltrabajo.cl\/portal\/wp-json\/wp\/v2\/posts\/96200\/revisions"}],"wp:featuredmedia":[{"embeddable":true,"href":"https:\/\/eltrabajo.cl\/portal\/wp-json\/wp\/v2\/media\/96203"}],"wp:attachment":[{"href":"https:\/\/eltrabajo.cl\/portal\/wp-json\/wp\/v2\/media?parent=96200"}],"wp:term":[{"taxonomy":"category","embeddable":true,"href":"https:\/\/eltrabajo.cl\/portal\/wp-json\/wp\/v2\/categories?post=96200"},{"taxonomy":"post_tag","embeddable":true,"href":"https:\/\/eltrabajo.cl\/portal\/wp-json\/wp\/v2\/tags?post=96200"}],"curies":[{"name":"wp","href":"https:\/\/api.w.org\/{rel}","templated":true}]}}