{"id":96210,"date":"2019-12-23T05:02:58","date_gmt":"2019-12-23T08:02:58","guid":{"rendered":"http:\/\/www.eltrabajo.cl\/portal\/?p=96210"},"modified":"2019-12-22T21:22:32","modified_gmt":"2019-12-23T00:22:32","slug":"aunque-algunos-no-quieran-igual-habra-un-torneo-amor-a-la-camiseta","status":"publish","type":"post","link":"https:\/\/eltrabajo.cl\/portal\/aunque-algunos-no-quieran-igual-habra-un-torneo-amor-a-la-camiseta\/","title":{"rendered":"Aunque algunos no quieran, igual habr\u00e1 un torneo &#8216;Amor a la Camiseta\u2019"},"content":{"rendered":"<p>Mucha controversia ha existido durante los \u00faltimos d\u00edas en el mundo del f\u00fatbol amateur de la zona por la suspensi\u00f3n del tradicional Torneo de verano \u2018Selim Amar Pozo, Por Amor A La Camiseta\u2019, al ser \u2018absorbido\u2019 por el Afava, que el pr\u00f3ximo a\u00f1o ser\u00e1 un s\u00faper campeonato.<\/p>\n<p>La noticia no cay\u00f3 bien en el medio deportivo aconcag\u00fcino, principalmente el sanfelipe\u00f1o, ya que la figura de Selim Amar Pozo (QEPD) es ampliamente reconocida y respetada, por lo que la determinaci\u00f3n de un grupo de dirigentes (presidentes de asociaciones) caus\u00f3 molestia.<\/p>\n<p><strong>El Trabajo Deportivo<\/strong> tuvo la ocasi\u00f3n de hablar con un dolido Ra\u00fal \u2018Rulo\u2019 Reinoso, quien fue precisamente el creador del torneo. \u201cMire la verdad tengo pena que hayan \u2018bajado\u2019 el campeonato, ya que es una medida inentendible porque hay clubes que lo hab\u00edan hecho su favorito para jugar en el periodo donde no hay competencias oficiales de cada asociaci\u00f3n, pero bueno ellos tendr\u00e1n sus razones y son respetables, aunque no las comparto en lo absoluto\u201d, dijo Reinoso.<\/p>\n<p>Sin el \u00e1nimo de remar contra la corriente, el directivo no se resigna a la desaparici\u00f3n de este evento, y de inmediato se puso a hacer gestiones al m\u00e1s alto nivel pol\u00edtico para lograr mantener el torneo. \u201cClaramente ya no ser\u00e1 un campeonato con muchos participantes, pero volver\u00e1 a sus inicios donde era un encuentro que contaba con la presencia de cuatro clubes (Juventudes), as\u00ed que no habr\u00e1 problemas, adem\u00e1s existe apoyo de autoridades importantes para que as\u00ed sea\u201d, relat\u00f3.<\/p>\n<p>Tema no menor y un obst\u00e1culo que deber\u00e1 sortear Reinoso en su meta de lograr que haya \u2018Amor a la Camiseta\u2019 es el hecho que est\u00e1 prohibido por Arfa que clubes de distintas asociaciones puedan participar. \u201cEsa medida es inaplicable ya que si as\u00ed fuera, no podr\u00edan existir varias competencias que se hacen el verano, pero para no complicar a nadie es muy factible que hagamos algo simple, pero muy significativo por ahora\u201d, cont\u00f3.<\/p>\n<p>&#8211; <strong>\u00bfY que ser\u00eda algo simple?<\/strong><\/p>\n<p>&#8211; Juntar a los m\u00e1ximos campeones hist\u00f3ricos o los que hayan ganado el \u2018Amor A La Camiseta\u2019 alguna vez y hacer un encuentro de un d\u00eda o un fin de semana en el estadio Municipal de San Felipe, eso ser\u00eda lindo y significativo en todos los sentidos; lo concreto es que har\u00e9 todos los esfuerzos para que este evento siga existiendo.<\/p>\n<p>&nbsp;<\/p>\n<figure id=\"attachment_96211\" aria-describedby=\"caption-attachment-96211\" style=\"width: 580px\" class=\"wp-caption alignnone\"><img data-recalc-dims=\"1\" loading=\"lazy\" decoding=\"async\" class=\"size-full wp-image-96211\" src=\"https:\/\/i0.wp.com\/www.eltrabajo.cl\/portal\/wp-content\/uploads\/2019\/12\/rulo-reinoso.jpg?resize=580%2C359\" alt=\"Controversia ha causado en todo el Valle de Aconcagua el fin del torneo estival \u2018Amor A La Camiseta\u2019. Ra\u00fal Reinoso se resiste a esa medida.\" width=\"580\" height=\"359\" srcset=\"https:\/\/i0.wp.com\/eltrabajo.cl\/portal\/wp-content\/uploads\/2019\/12\/rulo-reinoso.jpg?w=580&amp;ssl=1 580w, https:\/\/i0.wp.com\/eltrabajo.cl\/portal\/wp-content\/uploads\/2019\/12\/rulo-reinoso.jpg?resize=300%2C186&amp;ssl=1 300w, https:\/\/i0.wp.com\/eltrabajo.cl\/portal\/wp-content\/uploads\/2019\/12\/rulo-reinoso.jpg?resize=200%2C124&amp;ssl=1 200w, https:\/\/i0.wp.com\/eltrabajo.cl\/portal\/wp-content\/uploads\/2019\/12\/rulo-reinoso.jpg?resize=242%2C150&amp;ssl=1 242w, https:\/\/i0.wp.com\/eltrabajo.cl\/portal\/wp-content\/uploads\/2019\/12\/rulo-reinoso.jpg?resize=400%2C248&amp;ssl=1 400w\" sizes=\"auto, (max-width: 580px) 100vw, 580px\" \/><figcaption id=\"caption-attachment-96211\" class=\"wp-caption-text\">Controversia ha causado en todo el Valle de Aconcagua el fin del torneo estival \u2018Amor A La Camiseta\u2019. Ra\u00fal Reinoso se resiste a esa medida.<\/figcaption><\/figure>\n","protected":false},"excerpt":{"rendered":"<p>Mucha controversia ha existido durante los \u00faltimos d\u00edas en el mundo del f\u00fatbol amateur de la zona por la suspensi\u00f3n del tradicional Torneo de verano \u2018Selim Amar Pozo, Por Amor A La&#8230;<\/p>\n","protected":false},"author":482,"featured_media":96211,"comment_status":"open","ping_status":"open","sticky":false,"template":"","format":"standard","meta":{"advanced_seo_description":"","jetpack_seo_html_title":"","jetpack_seo_noindex":false,"_jetpack_memberships_contains_paid_content":false,"footnotes":""},"categories":[19],"tags":[],"class_list":["post-96210","post","type-post","status-publish","format-standard","has-post-thumbnail","hentry","category-deportes"],"jetpack_featured_media_url":"https:\/\/i0.wp.com\/eltrabajo.cl\/portal\/wp-content\/uploads\/2019\/12\/rulo-reinoso.jpg?fit=580%2C359&ssl=1","jetpack_sharing_enabled":true,"jetpack_likes_enabled":true,"jetpack-related-posts":[],"_links":{"self":[{"href":"https:\/\/eltrabajo.cl\/portal\/wp-json\/wp\/v2\/posts\/96210","targetHints":{"allow":["GET"]}}],"collection":[{"href":"https:\/\/eltrabajo.cl\/portal\/wp-json\/wp\/v2\/posts"}],"about":[{"href":"https:\/\/eltrabajo.cl\/portal\/wp-json\/wp\/v2\/types\/post"}],"author":[{"embeddable":true,"href":"https:\/\/eltrabajo.cl\/portal\/wp-json\/wp\/v2\/users\/482"}],"replies":[{"embeddable":true,"href":"https:\/\/eltrabajo.cl\/portal\/wp-json\/wp\/v2\/comments?post=96210"}],"version-history":[{"count":0,"href":"https:\/\/eltrabajo.cl\/portal\/wp-json\/wp\/v2\/posts\/96210\/revisions"}],"wp:featuredmedia":[{"embeddable":true,"href":"https:\/\/eltrabajo.cl\/portal\/wp-json\/wp\/v2\/media\/96211"}],"wp:attachment":[{"href":"https:\/\/eltrabajo.cl\/portal\/wp-json\/wp\/v2\/media?parent=96210"}],"wp:term":[{"taxonomy":"category","embeddable":true,"href":"https:\/\/eltrabajo.cl\/portal\/wp-json\/wp\/v2\/categories?post=96210"},{"taxonomy":"post_tag","embeddable":true,"href":"https:\/\/eltrabajo.cl\/portal\/wp-json\/wp\/v2\/tags?post=96210"}],"curies":[{"name":"wp","href":"https:\/\/api.w.org\/{rel}","templated":true}]}}