{"id":96214,"date":"2019-12-23T05:03:38","date_gmt":"2019-12-23T08:03:38","guid":{"rendered":"http:\/\/www.eltrabajo.cl\/portal\/?p=96214"},"modified":"2019-12-22T21:24:19","modified_gmt":"2019-12-23T00:24:19","slug":"sujeto-herido-con-un-arma-blanca-en-confuso-incidente-en-villa-el-totoral","status":"publish","type":"post","link":"https:\/\/eltrabajo.cl\/portal\/sujeto-herido-con-un-arma-blanca-en-confuso-incidente-en-villa-el-totoral\/","title":{"rendered":"Sujeto herido con un arma blanca en confuso incidente en Villa El Totoral"},"content":{"rendered":"<p><span style=\"color: #ff0000;\"><strong>Carabineros desminti\u00f3 ocurrencia de balacera:<\/strong><\/span><\/p>\n<ul>\n<li><strong>Polic\u00eda uniformada afirm\u00f3 que el lesionado no aport\u00f3 ning\u00fan tipo de antecedente sobre lo ocurrido la tarde de este s\u00e1bado.\u00a0<\/strong><\/li>\n<\/ul>\n<p><strong>\u00a0<\/strong>Con una herida producida con un arma blanca en su pierna result\u00f3 un sujeto de 34 a\u00f1os de edad, en medio de un confuso incidente, ocurrido la tarde este s\u00e1bado en Villa El Totoral de San Felipe seg\u00fan inform\u00f3 Carabineros desmintiendo la ocurrencia de una balacera.<\/p>\n<p>La capit\u00e1n de Carabineros Gabriela Aravena, inform\u00f3 a <strong>Diario El Trabajo<\/strong> que los hechos se habr\u00edan producido en dicho sector solicit\u00e1ndose la presencia de Carabineros debido a que una persona se encontraba lesionada siendo asistida por personal del Samu, aparentemente por violencia intrafamiliar.<\/p>\n<p>\u201c<em>La persona no fue baleada, fue un corte con un arma blanca, fue solamente una lesi\u00f3n. Ninguna de las partes quiso aportar antecedentes y Carabineros se constituy\u00f3 en el hospital por el lesionado que no port\u00f3 ning\u00fan antecedente. De igual forma se dio cuenta por el lesionado, \u00e9l ten\u00eda un corte en una pierna<\/em>\u201d.<\/p>\n<p>La oficial policial a\u00f1adi\u00f3 que la v\u00edctima que fue trasladada hasta el Servicio de Urgencias del Hospital San Camilo de San Felipe, mantiene un nutrido prontuario delictual y que los escasos antecedentes del caso fueron remitidos de oficio a la Fiscal\u00eda de San Felipe.<\/p>\n<p><strong>Pablo Salinas Sald\u00edas<\/strong><\/p>\n<p><strong>\u00a0<\/strong><\/p>\n<figure id=\"attachment_96215\" aria-describedby=\"caption-attachment-96215\" style=\"width: 580px\" class=\"wp-caption alignnone\"><img data-recalc-dims=\"1\" loading=\"lazy\" decoding=\"async\" class=\"size-full wp-image-96215\" src=\"https:\/\/i0.wp.com\/www.eltrabajo.cl\/portal\/wp-content\/uploads\/2019\/12\/VILLA-TOTORAL.jpg?resize=580%2C359\" alt=\"Carabineros concurri\u00f3 hasta el sector de Villa El Totoral de San Felipe, desmintiendo la ocurrencia de una balacera en el sector, informando que se trat\u00f3 de una persona lesionada con arma blanca.\" width=\"580\" height=\"359\" srcset=\"https:\/\/i0.wp.com\/eltrabajo.cl\/portal\/wp-content\/uploads\/2019\/12\/VILLA-TOTORAL.jpg?w=580&amp;ssl=1 580w, https:\/\/i0.wp.com\/eltrabajo.cl\/portal\/wp-content\/uploads\/2019\/12\/VILLA-TOTORAL.jpg?resize=300%2C186&amp;ssl=1 300w, https:\/\/i0.wp.com\/eltrabajo.cl\/portal\/wp-content\/uploads\/2019\/12\/VILLA-TOTORAL.jpg?resize=200%2C124&amp;ssl=1 200w, https:\/\/i0.wp.com\/eltrabajo.cl\/portal\/wp-content\/uploads\/2019\/12\/VILLA-TOTORAL.jpg?resize=242%2C150&amp;ssl=1 242w, https:\/\/i0.wp.com\/eltrabajo.cl\/portal\/wp-content\/uploads\/2019\/12\/VILLA-TOTORAL.jpg?resize=400%2C248&amp;ssl=1 400w\" sizes=\"auto, (max-width: 580px) 100vw, 580px\" \/><figcaption id=\"caption-attachment-96215\" class=\"wp-caption-text\">Carabineros concurri\u00f3 hasta el sector de Villa El Totoral de San Felipe, desmintiendo la ocurrencia de una balacera en el sector, informando que se trat\u00f3 de una persona lesionada con arma blanca.<\/figcaption><\/figure>\n","protected":false},"excerpt":{"rendered":"<p>Carabineros desminti\u00f3 ocurrencia de balacera: Polic\u00eda uniformada afirm\u00f3 que el lesionado no aport\u00f3 ning\u00fan tipo de antecedente sobre lo ocurrido la tarde de este s\u00e1bado.\u00a0 \u00a0Con una herida producida con un arma&#8230;<\/p>\n","protected":false},"author":482,"featured_media":96215,"comment_status":"open","ping_status":"open","sticky":false,"template":"","format":"standard","meta":{"advanced_seo_description":"","jetpack_seo_html_title":"","jetpack_seo_noindex":false,"_jetpack_memberships_contains_paid_content":false,"footnotes":""},"categories":[21],"tags":[],"class_list":["post-96214","post","type-post","status-publish","format-standard","has-post-thumbnail","hentry","category-policial"],"jetpack_featured_media_url":"https:\/\/i0.wp.com\/eltrabajo.cl\/portal\/wp-content\/uploads\/2019\/12\/VILLA-TOTORAL.jpg?fit=580%2C359&ssl=1","jetpack_sharing_enabled":true,"jetpack_likes_enabled":true,"jetpack-related-posts":[],"_links":{"self":[{"href":"https:\/\/eltrabajo.cl\/portal\/wp-json\/wp\/v2\/posts\/96214","targetHints":{"allow":["GET"]}}],"collection":[{"href":"https:\/\/eltrabajo.cl\/portal\/wp-json\/wp\/v2\/posts"}],"about":[{"href":"https:\/\/eltrabajo.cl\/portal\/wp-json\/wp\/v2\/types\/post"}],"author":[{"embeddable":true,"href":"https:\/\/eltrabajo.cl\/portal\/wp-json\/wp\/v2\/users\/482"}],"replies":[{"embeddable":true,"href":"https:\/\/eltrabajo.cl\/portal\/wp-json\/wp\/v2\/comments?post=96214"}],"version-history":[{"count":0,"href":"https:\/\/eltrabajo.cl\/portal\/wp-json\/wp\/v2\/posts\/96214\/revisions"}],"wp:featuredmedia":[{"embeddable":true,"href":"https:\/\/eltrabajo.cl\/portal\/wp-json\/wp\/v2\/media\/96215"}],"wp:attachment":[{"href":"https:\/\/eltrabajo.cl\/portal\/wp-json\/wp\/v2\/media?parent=96214"}],"wp:term":[{"taxonomy":"category","embeddable":true,"href":"https:\/\/eltrabajo.cl\/portal\/wp-json\/wp\/v2\/categories?post=96214"},{"taxonomy":"post_tag","embeddable":true,"href":"https:\/\/eltrabajo.cl\/portal\/wp-json\/wp\/v2\/tags?post=96214"}],"curies":[{"name":"wp","href":"https:\/\/api.w.org\/{rel}","templated":true}]}}