{"id":96217,"date":"2019-12-23T05:04:24","date_gmt":"2019-12-23T08:04:24","guid":{"rendered":"http:\/\/www.eltrabajo.cl\/portal\/?p=96217"},"modified":"2019-12-22T21:27:41","modified_gmt":"2019-12-23T00:27:41","slug":"mujer-de-23-anos-de-edad-muere-tras-recibir-balazo-en-el-pecho","status":"publish","type":"post","link":"https:\/\/eltrabajo.cl\/portal\/mujer-de-23-anos-de-edad-muere-tras-recibir-balazo-en-el-pecho\/","title":{"rendered":"Mujer de 23 a\u00f1os de edad muere tras recibir balazo en el pecho"},"content":{"rendered":"<p><span style=\"color: #ff0000;\"><strong>Sospechoso se encuentra pr\u00f3fugo de la justicia:<\/strong><\/span><\/p>\n<ul>\n<li><strong>La v\u00edctima falleci\u00f3 a los pocos minutos de ser ingresada al Hospital de Llay Llay la tarde de este viernes, manifestando junto a una testigo, que el disparo habr\u00eda ocurrido accidentalmente mientras el sujeto manipular\u00eda un arma de fuego, produci\u00e9ndose el fatal desenlace.<\/strong><\/li>\n<\/ul>\n<p>Como <strong>Ingrid Paulette Leiva Vel\u00e1squez<\/strong>, de 23 a\u00f1os de edad, fue identificada la v\u00edctima que falleci\u00f3 la tarde de este viernes producto de un disparo en su pecho ocurrido aparentemente accidental en el sector Las Vegas de Llay Llay.<\/p>\n<p>De acuerdo a los antecedentes policiales los hechos se\u00a0 desencadenaron cuando la v\u00edctima acompa\u00f1ada de una amiga se dirigieron a eso de las 15:00 horas del viernes hasta la casa de un amigo domiciliado en el sector de Las Vegas de Llay Llay, presuntamente para efectuar el pago de un dinero que adeudaba la joven.<\/p>\n<p>\u201c<em>La v\u00edctima se baja e ingresan al domicilio, saliendo en instantes posteriores porque el due\u00f1o de casa le habr\u00eda disparado accidentalmente en el pecho.\u00a0 La ni\u00f1a sali\u00f3 con bastante dolor y el imputado en este caso o el autor material de este disparo, la acompa\u00f1a hasta el veh\u00edculo en el que se movilizaban y se suben al veh\u00edculo y se trasladan hasta el servicio de urgencias<\/em> (del Hospital de Llay Llay). <em>Ingresa el hombre junto a la mujer herida en la recepci\u00f3n, mientras su amiga fue a buscar a los padres de la mujer herida y cuando regresa la ni\u00f1a con el veh\u00edculo, el autor material se hab\u00eda dado a la fuga<\/em>\u201d, inform\u00f3 a <strong>Diario El Trabajo<\/strong> el jefe de la Brigada de Homicidios de la PDI de Los Andes, comisario Marcelo Lazen Moya.<\/p>\n<p>El oficial policial agreg\u00f3 que el imputado regres\u00f3 a su domicilio, llev\u00e1ndose consigo gran parte de sus pertenencias en un bolso para fugarse e impedir ser detenido por la Polic\u00eda, \u201c<em>estamos haciendo las mayores diligencias para lograr la detenci\u00f3n de este sujeto. La testigo que andaba con la v\u00edctima y la misma v\u00edctima<\/em> (antes de fallecer) <em>mencionan que el hecho fue de car\u00e1cter accidental. Habr\u00eda sido en el marco que este tipo empez\u00f3 a manipular un armamento frente a la v\u00edctima cuando ingresaron a la casa, produci\u00e9ndose el impacto bal\u00edstico sin la intenci\u00f3n de causarle la muerte<\/em>\u201d.<\/p>\n<p>Ingrid Leiva tras recibir asistencia m\u00e9dica en el Hospital San Francisco de Llay Llay, fallece a los pocos minutos de su ingreso debido a la bala que atraves\u00f3 su seno izquierdo.<\/p>\n<p>Asimismo la Polic\u00eda de Investigaciones desminti\u00f3 que entre la v\u00edctima y victimario existiera un v\u00ednculo sentimental tras las informaciones en medios de comunicaci\u00f3n en redes sociales.<\/p>\n<p>Hasta el cierre de esta nota, el imputado se encuentra pr\u00f3fugo de la justicia y su captura es inminente.<\/p>\n<p><strong>Pablo Salinas Sald\u00edas<\/strong><\/p>\n<p>&nbsp;<\/p>\n<figure id=\"attachment_96218\" aria-describedby=\"caption-attachment-96218\" style=\"width: 580px\" class=\"wp-caption alignnone\"><img data-recalc-dims=\"1\" loading=\"lazy\" decoding=\"async\" class=\"size-full wp-image-96218\" src=\"https:\/\/i0.wp.com\/www.eltrabajo.cl\/portal\/wp-content\/uploads\/2019\/12\/INGRID-LEIVA-1-copia.jpg?resize=580%2C600\" alt=\"Ingrid Leiva Vel\u00e1squez falleci\u00f3 a la edad de 23 a\u00f1os la tarde de este viernes en el Hospital San Francisco de Llay Llay.\" width=\"580\" height=\"600\" srcset=\"https:\/\/i0.wp.com\/eltrabajo.cl\/portal\/wp-content\/uploads\/2019\/12\/INGRID-LEIVA-1-copia.jpg?w=580&amp;ssl=1 580w, https:\/\/i0.wp.com\/eltrabajo.cl\/portal\/wp-content\/uploads\/2019\/12\/INGRID-LEIVA-1-copia.jpg?resize=290%2C300&amp;ssl=1 290w, https:\/\/i0.wp.com\/eltrabajo.cl\/portal\/wp-content\/uploads\/2019\/12\/INGRID-LEIVA-1-copia.jpg?resize=145%2C150&amp;ssl=1 145w, https:\/\/i0.wp.com\/eltrabajo.cl\/portal\/wp-content\/uploads\/2019\/12\/INGRID-LEIVA-1-copia.jpg?resize=400%2C414&amp;ssl=1 400w\" sizes=\"auto, (max-width: 580px) 100vw, 580px\" \/><figcaption id=\"caption-attachment-96218\" class=\"wp-caption-text\">Ingrid Leiva Vel\u00e1squez falleci\u00f3 a la edad de 23 a\u00f1os la tarde de este viernes en el Hospital San Francisco de Llay Llay.<\/figcaption><\/figure>\n","protected":false},"excerpt":{"rendered":"<p>Sospechoso se encuentra pr\u00f3fugo de la justicia: La v\u00edctima falleci\u00f3 a los pocos minutos de ser ingresada al Hospital de Llay Llay la tarde de este viernes, manifestando junto a una testigo,&#8230;<\/p>\n","protected":false},"author":482,"featured_media":96219,"comment_status":"open","ping_status":"open","sticky":false,"template":"","format":"standard","meta":{"advanced_seo_description":"","jetpack_seo_html_title":"","jetpack_seo_noindex":false,"_jetpack_memberships_contains_paid_content":false,"footnotes":""},"categories":[21],"tags":[],"class_list":["post-96217","post","type-post","status-publish","format-standard","has-post-thumbnail","hentry","category-policial"],"jetpack_featured_media_url":"https:\/\/i0.wp.com\/eltrabajo.cl\/portal\/wp-content\/uploads\/2019\/12\/INGRID-LEIVA-1.jpg?fit=580%2C359&ssl=1","jetpack_sharing_enabled":true,"jetpack_likes_enabled":true,"jetpack-related-posts":[],"_links":{"self":[{"href":"https:\/\/eltrabajo.cl\/portal\/wp-json\/wp\/v2\/posts\/96217","targetHints":{"allow":["GET"]}}],"collection":[{"href":"https:\/\/eltrabajo.cl\/portal\/wp-json\/wp\/v2\/posts"}],"about":[{"href":"https:\/\/eltrabajo.cl\/portal\/wp-json\/wp\/v2\/types\/post"}],"author":[{"embeddable":true,"href":"https:\/\/eltrabajo.cl\/portal\/wp-json\/wp\/v2\/users\/482"}],"replies":[{"embeddable":true,"href":"https:\/\/eltrabajo.cl\/portal\/wp-json\/wp\/v2\/comments?post=96217"}],"version-history":[{"count":0,"href":"https:\/\/eltrabajo.cl\/portal\/wp-json\/wp\/v2\/posts\/96217\/revisions"}],"wp:featuredmedia":[{"embeddable":true,"href":"https:\/\/eltrabajo.cl\/portal\/wp-json\/wp\/v2\/media\/96219"}],"wp:attachment":[{"href":"https:\/\/eltrabajo.cl\/portal\/wp-json\/wp\/v2\/media?parent=96217"}],"wp:term":[{"taxonomy":"category","embeddable":true,"href":"https:\/\/eltrabajo.cl\/portal\/wp-json\/wp\/v2\/categories?post=96217"},{"taxonomy":"post_tag","embeddable":true,"href":"https:\/\/eltrabajo.cl\/portal\/wp-json\/wp\/v2\/tags?post=96217"}],"curies":[{"name":"wp","href":"https:\/\/api.w.org\/{rel}","templated":true}]}}