{"id":96226,"date":"2019-12-24T05:01:39","date_gmt":"2019-12-24T08:01:39","guid":{"rendered":"http:\/\/www.eltrabajo.cl\/portal\/?p=96226"},"modified":"2019-12-23T21:02:32","modified_gmt":"2019-12-24T00:02:32","slug":"mixto-se-corona-campeon-de-la-serie-a-de-la-abar","status":"publish","type":"post","link":"https:\/\/eltrabajo.cl\/portal\/mixto-se-corona-campeon-de-la-serie-a-de-la-abar\/","title":{"rendered":"Mixto se corona campe\u00f3n de la serie A de la ABAR"},"content":{"rendered":"<p>Una gran jornada final fue la que la tarde del domingo reci\u00e9n pasado se vivi\u00f3 en el gimnasio central del Liceo Mixto de San Felipe, recinto en el cual se baj\u00f3 el tel\u00f3n de la serie mayor del torneo de Clausura de la Asociaci\u00f3n de B\u00e1squetbol Alejandro Rivadeneira (ABAR).<\/p>\n<p>No fue f\u00e1cil para el team estudiantil subir a lo m\u00e1s alto del podio, ya que en el partido inaugural el novel equipo del Prat, bajo la direcci\u00f3n t\u00e9cnica de <strong>Priscila Pizarro<\/strong>, se impuso 100 a 30 al \u00c1rabe, en el que fue un partido donde los pratinos entraron muy motivados, mientras que los de colonia nunca pudieron salir de un letargo que se prolong\u00f3 por todo el encuentro.<\/p>\n<p>La victoria de los de la calle Santo Domingo, obligaba al Mixto a hacer una diferencia importante ante Sonics, cosa que lograron hacer gracias a que dejaron de lado la presi\u00f3n y guiados de la mano del ex seleccionado chileno <strong>Claudio Gallardo<\/strong>, los liceanos ganaron el duelo por un contundente 83 a 57 que les permiti\u00f3 ser campeones del principal torneo cestero del valle de Aconcagua.<\/p>\n<p>El nivel de la competencia fue alto y sumamente disputado, ya que el campeonato se defini\u00f3 por diferencia de goles al producirse un triple empate entre: Mixto, Prat y Sonics, por lo que la diferencia de goles fue la que termin\u00f3 marcando la diferencia.<\/p>\n<p>Posiciones finales:<\/p>\n<p>1.- Mixto<\/p>\n<p>2.- Prat<\/p>\n<p>3.- Sonics<\/p>\n<p>4.- \u00c1rabe<\/p>\n<p>&nbsp;<\/p>\n<figure id=\"attachment_96227\" aria-describedby=\"caption-attachment-96227\" style=\"width: 580px\" class=\"wp-caption alignnone\"><img data-recalc-dims=\"1\" loading=\"lazy\" decoding=\"async\" class=\"size-full wp-image-96227\" src=\"https:\/\/i0.wp.com\/www.eltrabajo.cl\/portal\/wp-content\/uploads\/2019\/12\/Mixto.jpg?resize=580%2C360\" alt=\"El Mixto se convirti\u00f3 en el mejor de los mejores del baloncesto del valle de Aconcagua.\" width=\"580\" height=\"360\" srcset=\"https:\/\/i0.wp.com\/eltrabajo.cl\/portal\/wp-content\/uploads\/2019\/12\/Mixto.jpg?w=580&amp;ssl=1 580w, https:\/\/i0.wp.com\/eltrabajo.cl\/portal\/wp-content\/uploads\/2019\/12\/Mixto.jpg?resize=300%2C186&amp;ssl=1 300w, https:\/\/i0.wp.com\/eltrabajo.cl\/portal\/wp-content\/uploads\/2019\/12\/Mixto.jpg?resize=200%2C124&amp;ssl=1 200w, https:\/\/i0.wp.com\/eltrabajo.cl\/portal\/wp-content\/uploads\/2019\/12\/Mixto.jpg?resize=242%2C150&amp;ssl=1 242w, https:\/\/i0.wp.com\/eltrabajo.cl\/portal\/wp-content\/uploads\/2019\/12\/Mixto.jpg?resize=400%2C248&amp;ssl=1 400w\" sizes=\"auto, (max-width: 580px) 100vw, 580px\" \/><figcaption id=\"caption-attachment-96227\" class=\"wp-caption-text\">El Mixto se convirti\u00f3 en el mejor de los mejores del baloncesto del valle de Aconcagua.<\/figcaption><\/figure>\n<p>&nbsp;<\/p>\n<figure id=\"attachment_96228\" aria-describedby=\"caption-attachment-96228\" style=\"width: 580px\" class=\"wp-caption alignnone\"><img data-recalc-dims=\"1\" loading=\"lazy\" decoding=\"async\" class=\"size-full wp-image-96228\" src=\"https:\/\/i0.wp.com\/www.eltrabajo.cl\/portal\/wp-content\/uploads\/2019\/12\/partido.jpg?resize=580%2C812\" alt=\"En el pleito que abri\u00f3 la jornada, el Prat pas\u00f3 por arriba del \u00c1rabe.\" width=\"580\" height=\"812\" srcset=\"https:\/\/i0.wp.com\/eltrabajo.cl\/portal\/wp-content\/uploads\/2019\/12\/partido.jpg?w=580&amp;ssl=1 580w, https:\/\/i0.wp.com\/eltrabajo.cl\/portal\/wp-content\/uploads\/2019\/12\/partido.jpg?resize=214%2C300&amp;ssl=1 214w, https:\/\/i0.wp.com\/eltrabajo.cl\/portal\/wp-content\/uploads\/2019\/12\/partido.jpg?resize=107%2C150&amp;ssl=1 107w, https:\/\/i0.wp.com\/eltrabajo.cl\/portal\/wp-content\/uploads\/2019\/12\/partido.jpg?resize=400%2C560&amp;ssl=1 400w\" sizes=\"auto, (max-width: 580px) 100vw, 580px\" \/><figcaption id=\"caption-attachment-96228\" class=\"wp-caption-text\">En el pleito que abri\u00f3 la jornada, el Prat pas\u00f3 por arriba del \u00c1rabe.<\/figcaption><\/figure>\n","protected":false},"excerpt":{"rendered":"<p>Una gran jornada final fue la que la tarde del domingo reci\u00e9n pasado se vivi\u00f3 en el gimnasio central del Liceo Mixto de San Felipe, recinto en el cual se baj\u00f3 el&#8230;<\/p>\n","protected":false},"author":482,"featured_media":96227,"comment_status":"open","ping_status":"open","sticky":false,"template":"","format":"standard","meta":{"advanced_seo_description":"","jetpack_seo_html_title":"","jetpack_seo_noindex":false,"_jetpack_memberships_contains_paid_content":false,"footnotes":""},"categories":[19],"tags":[],"class_list":["post-96226","post","type-post","status-publish","format-standard","has-post-thumbnail","hentry","category-deportes"],"jetpack_featured_media_url":"https:\/\/i0.wp.com\/eltrabajo.cl\/portal\/wp-content\/uploads\/2019\/12\/Mixto.jpg?fit=580%2C360&ssl=1","jetpack_sharing_enabled":true,"jetpack_likes_enabled":true,"jetpack-related-posts":[],"_links":{"self":[{"href":"https:\/\/eltrabajo.cl\/portal\/wp-json\/wp\/v2\/posts\/96226","targetHints":{"allow":["GET"]}}],"collection":[{"href":"https:\/\/eltrabajo.cl\/portal\/wp-json\/wp\/v2\/posts"}],"about":[{"href":"https:\/\/eltrabajo.cl\/portal\/wp-json\/wp\/v2\/types\/post"}],"author":[{"embeddable":true,"href":"https:\/\/eltrabajo.cl\/portal\/wp-json\/wp\/v2\/users\/482"}],"replies":[{"embeddable":true,"href":"https:\/\/eltrabajo.cl\/portal\/wp-json\/wp\/v2\/comments?post=96226"}],"version-history":[{"count":0,"href":"https:\/\/eltrabajo.cl\/portal\/wp-json\/wp\/v2\/posts\/96226\/revisions"}],"wp:featuredmedia":[{"embeddable":true,"href":"https:\/\/eltrabajo.cl\/portal\/wp-json\/wp\/v2\/media\/96227"}],"wp:attachment":[{"href":"https:\/\/eltrabajo.cl\/portal\/wp-json\/wp\/v2\/media?parent=96226"}],"wp:term":[{"taxonomy":"category","embeddable":true,"href":"https:\/\/eltrabajo.cl\/portal\/wp-json\/wp\/v2\/categories?post=96226"},{"taxonomy":"post_tag","embeddable":true,"href":"https:\/\/eltrabajo.cl\/portal\/wp-json\/wp\/v2\/tags?post=96226"}],"curies":[{"name":"wp","href":"https:\/\/api.w.org\/{rel}","templated":true}]}}