{"id":96230,"date":"2019-12-24T05:02:38","date_gmt":"2019-12-24T08:02:38","guid":{"rendered":"http:\/\/www.eltrabajo.cl\/portal\/?p=96230"},"modified":"2019-12-23T21:04:33","modified_gmt":"2019-12-24T00:04:33","slug":"union-san-felipe-sumo-a-sus-filas-al-goleador-de-la-tercera-a","status":"publish","type":"post","link":"https:\/\/eltrabajo.cl\/portal\/union-san-felipe-sumo-a-sus-filas-al-goleador-de-la-tercera-a\/","title":{"rendered":"Uni\u00f3n San Felipe sum\u00f3 a sus filas al goleador de la Tercera A"},"content":{"rendered":"<p><span style=\"color: #ff0000;\"><strong>Julio Castro Guti\u00e9rrez proviene de Deportes Linares:<\/strong><\/span><\/p>\n<p>Con el cartel de goleador de la Tercera A y Mejor Jugador Amateur de Chile durante el 2019, distinci\u00f3n que le otorg\u00f3 recientemente el C\u00edrculo de Periodistas Deportivos, arrib\u00f3 recientemente a Uni\u00f3n San Felipe el delantero de 23 a\u00f1os de edad, <strong>Julio Castro Guti\u00e9rrez<\/strong>.<\/p>\n<p>El nuevo jugador del Un\u00ed Un\u00ed que se integr\u00f3 a los trabajos de pretemporada el jueves pasado, surgi\u00f3 al f\u00fatbol profesional en Rangers de Talca, para posteriormente jugar en Deportes Colchagua y General Vel\u00e1squez.<\/p>\n<p>Existe ilusi\u00f3n en el aporte goleador de Castro a los sanfelipe\u00f1os, ya que, en la actual temporada de la Tercera A, marc\u00f3 19 goles con la camiseta de Deportes Linares, datos que en todo caso el t\u00e9cnico <strong>Erwin Dur\u00e1n<\/strong> se toma con calma, ya que es evidente que entre la Tercera A y Primera B hay diferencias importantes, por lo que por ahora lo principal es que Julio Castro se adapte a su nuevo desaf\u00edo en el f\u00fatbol chileno.<\/p>\n<p>&nbsp;<\/p>\n<figure id=\"attachment_96231\" aria-describedby=\"caption-attachment-96231\" style=\"width: 580px\" class=\"wp-caption alignnone\"><img data-recalc-dims=\"1\" loading=\"lazy\" decoding=\"async\" class=\"size-full wp-image-96231\" src=\"https:\/\/i0.wp.com\/www.eltrabajo.cl\/portal\/wp-content\/uploads\/2019\/12\/julio-castro.jpg?resize=580%2C359\" alt=\"Julio Castro buscar\u00e1 hacerse un espacio para tener su oportunidad en el Un\u00ed Un\u00ed.\" width=\"580\" height=\"359\" srcset=\"https:\/\/i0.wp.com\/eltrabajo.cl\/portal\/wp-content\/uploads\/2019\/12\/julio-castro.jpg?w=580&amp;ssl=1 580w, https:\/\/i0.wp.com\/eltrabajo.cl\/portal\/wp-content\/uploads\/2019\/12\/julio-castro.jpg?resize=300%2C186&amp;ssl=1 300w, https:\/\/i0.wp.com\/eltrabajo.cl\/portal\/wp-content\/uploads\/2019\/12\/julio-castro.jpg?resize=200%2C124&amp;ssl=1 200w, https:\/\/i0.wp.com\/eltrabajo.cl\/portal\/wp-content\/uploads\/2019\/12\/julio-castro.jpg?resize=242%2C150&amp;ssl=1 242w, https:\/\/i0.wp.com\/eltrabajo.cl\/portal\/wp-content\/uploads\/2019\/12\/julio-castro.jpg?resize=400%2C248&amp;ssl=1 400w\" sizes=\"auto, (max-width: 580px) 100vw, 580px\" \/><figcaption id=\"caption-attachment-96231\" class=\"wp-caption-text\">Julio Castro buscar\u00e1 hacerse un espacio para tener su oportunidad en el Un\u00ed Un\u00ed.<\/figcaption><\/figure>\n","protected":false},"excerpt":{"rendered":"<p>Julio Castro Guti\u00e9rrez proviene de Deportes Linares: Con el cartel de goleador de la Tercera A y Mejor Jugador Amateur de Chile durante el 2019, distinci\u00f3n que le otorg\u00f3 recientemente el C\u00edrculo&#8230;<\/p>\n","protected":false},"author":482,"featured_media":96231,"comment_status":"open","ping_status":"open","sticky":false,"template":"","format":"standard","meta":{"advanced_seo_description":"","jetpack_seo_html_title":"","jetpack_seo_noindex":false,"_jetpack_memberships_contains_paid_content":false,"footnotes":""},"categories":[19],"tags":[],"class_list":["post-96230","post","type-post","status-publish","format-standard","has-post-thumbnail","hentry","category-deportes"],"jetpack_featured_media_url":"https:\/\/i0.wp.com\/eltrabajo.cl\/portal\/wp-content\/uploads\/2019\/12\/julio-castro.jpg?fit=580%2C359&ssl=1","jetpack_sharing_enabled":true,"jetpack_likes_enabled":true,"jetpack-related-posts":[],"_links":{"self":[{"href":"https:\/\/eltrabajo.cl\/portal\/wp-json\/wp\/v2\/posts\/96230","targetHints":{"allow":["GET"]}}],"collection":[{"href":"https:\/\/eltrabajo.cl\/portal\/wp-json\/wp\/v2\/posts"}],"about":[{"href":"https:\/\/eltrabajo.cl\/portal\/wp-json\/wp\/v2\/types\/post"}],"author":[{"embeddable":true,"href":"https:\/\/eltrabajo.cl\/portal\/wp-json\/wp\/v2\/users\/482"}],"replies":[{"embeddable":true,"href":"https:\/\/eltrabajo.cl\/portal\/wp-json\/wp\/v2\/comments?post=96230"}],"version-history":[{"count":0,"href":"https:\/\/eltrabajo.cl\/portal\/wp-json\/wp\/v2\/posts\/96230\/revisions"}],"wp:featuredmedia":[{"embeddable":true,"href":"https:\/\/eltrabajo.cl\/portal\/wp-json\/wp\/v2\/media\/96231"}],"wp:attachment":[{"href":"https:\/\/eltrabajo.cl\/portal\/wp-json\/wp\/v2\/media?parent=96230"}],"wp:term":[{"taxonomy":"category","embeddable":true,"href":"https:\/\/eltrabajo.cl\/portal\/wp-json\/wp\/v2\/categories?post=96230"},{"taxonomy":"post_tag","embeddable":true,"href":"https:\/\/eltrabajo.cl\/portal\/wp-json\/wp\/v2\/tags?post=96230"}],"curies":[{"name":"wp","href":"https:\/\/api.w.org\/{rel}","templated":true}]}}