{"id":96244,"date":"2019-12-24T05:06:22","date_gmt":"2019-12-24T08:06:22","guid":{"rendered":"http:\/\/www.eltrabajo.cl\/portal\/?p=96244"},"modified":"2019-12-23T21:13:12","modified_gmt":"2019-12-24T00:13:12","slug":"motociclista-de-55-anos-de-edad-muere-al-colisionar-frontalmente-contra-camioneta","status":"publish","type":"post","link":"https:\/\/eltrabajo.cl\/portal\/motociclista-de-55-anos-de-edad-muere-al-colisionar-frontalmente-contra-camioneta\/","title":{"rendered":"Motociclista de 55 a\u00f1os de edad muere al colisionar frontalmente contra camioneta"},"content":{"rendered":"<p><span style=\"color: #ff0000;\"><strong>Tragedia en v\u00edsperas de fiestas de fin de a\u00f1o:<\/strong><\/span><\/p>\n<ul>\n<li><strong>Las causas del fatal accidente son investigadas por personal de la Subcomisar\u00eda Investigadora de Accidentes de Tr\u00e1nsito (SIAT) de Carabineros de San Felipe.<\/strong><\/li>\n<\/ul>\n<p>Un hombre de 55 a\u00f1os de edad identificado como <strong>Tom\u00e1s Abd\u00f3n Osorio Silva<\/strong>, falleci\u00f3 de manera instant\u00e1nea luego de colisionar frontalmente su motocicleta contra una camioneta en el sector Reinoso de la comuna de Catemu, a eso de las 20:45 horas de este domingo.<\/p>\n<p>Seg\u00fan el reporte de Carabineros, el accidente de tr\u00e1nsito ocurri\u00f3 en el kil\u00f3metro 9.200 de la ruta E-635 que dirige hacia el sector de Reinoso, donde por causas que se investigan el motociclista habr\u00eda colisionado frontalmente contra una camioneta que circulaba en sentido contrario.<\/p>\n<p>A ra\u00edz de lo anterior el conductor del veh\u00edculo de dos ruedas result\u00f3 con lesiones graves, falleciendo a los pocos minutos mientras recib\u00eda auxilio del personal del Samu que se constituy\u00f3 en el sitio del suceso junto con Bomberos y Carabineros.<\/p>\n<p>Por instrucci\u00f3n del Fiscal de turno, al lugar del accidente debi\u00f3 concurrir personal de la Subcomisar\u00eda Investigadora de Accidentes de Tr\u00e1nsito (SIAT) de Carabineros de San Felipe, para elaborar un informe sobre las causas que originaron este fatal accidente, adem\u00e1s de corroborar si existi\u00f3 o no la presencia de alcohol entre los conductores.<\/p>\n<p>\u201c<em>El conductor de un autom\u00f3vil colisiona de frente con una motocicleta y posteriormente se le comunica al personal policial que se constituyan, comunicando personal del Samu que a eso de las 20:55 horas a 21:00 horas aproximadamente, habr\u00eda fallecido el conductor de la motocicleta. Las causas se desconocen ya que eso es proceso investigativo de parte de Fiscal\u00eda, conforme al informe que entregue la SIAT\u201d,<\/em> inform\u00f3 a diario<strong> El Trabajo<\/strong>, el teniente de Carabineros de Catemu, <strong>Rodrigo Le\u00f3n<\/strong>.<\/p>\n<p>Posteriormente el cuerpo del fallecido motociclista, domiciliado en el sector de Reinoso de Catemu, fue levantado por personal del Servicio M\u00e9dico Legal para la correspondiente autopsia de rigor.<\/p>\n<p><strong>Pablo Salinas Sald\u00edas<\/strong><\/p>\n<p><strong>\u00a0<\/strong><\/p>\n<figure id=\"attachment_96245\" aria-describedby=\"caption-attachment-96245\" style=\"width: 580px\" class=\"wp-caption alignnone\"><img data-recalc-dims=\"1\" loading=\"lazy\" decoding=\"async\" class=\"size-full wp-image-96245\" src=\"https:\/\/i0.wp.com\/www.eltrabajo.cl\/portal\/wp-content\/uploads\/2019\/12\/ACCIDENTE-REINOSO.jpg?resize=580%2C360\" alt=\"El fatal accidente ocurri\u00f3 cerca de las 20:40 horas de este domingo en la ruta que conduce hacia el sector de Reinoso en Catemu, falleciendo un motociclista de 55 a\u00f1os de edad.\" width=\"580\" height=\"360\" srcset=\"https:\/\/i0.wp.com\/eltrabajo.cl\/portal\/wp-content\/uploads\/2019\/12\/ACCIDENTE-REINOSO.jpg?w=580&amp;ssl=1 580w, https:\/\/i0.wp.com\/eltrabajo.cl\/portal\/wp-content\/uploads\/2019\/12\/ACCIDENTE-REINOSO.jpg?resize=300%2C186&amp;ssl=1 300w, https:\/\/i0.wp.com\/eltrabajo.cl\/portal\/wp-content\/uploads\/2019\/12\/ACCIDENTE-REINOSO.jpg?resize=200%2C124&amp;ssl=1 200w, https:\/\/i0.wp.com\/eltrabajo.cl\/portal\/wp-content\/uploads\/2019\/12\/ACCIDENTE-REINOSO.jpg?resize=242%2C150&amp;ssl=1 242w, https:\/\/i0.wp.com\/eltrabajo.cl\/portal\/wp-content\/uploads\/2019\/12\/ACCIDENTE-REINOSO.jpg?resize=400%2C248&amp;ssl=1 400w\" sizes=\"auto, (max-width: 580px) 100vw, 580px\" \/><figcaption id=\"caption-attachment-96245\" class=\"wp-caption-text\">El fatal accidente ocurri\u00f3 cerca de las 20:40 horas de este domingo en la ruta que conduce hacia el sector de Reinoso en Catemu, falleciendo un motociclista de 55 a\u00f1os de edad.<\/figcaption><\/figure>\n<p><strong>\u00a0<\/strong><\/p>\n","protected":false},"excerpt":{"rendered":"<p>Tragedia en v\u00edsperas de fiestas de fin de a\u00f1o: Las causas del fatal accidente son investigadas por personal de la Subcomisar\u00eda Investigadora de Accidentes de Tr\u00e1nsito (SIAT) de Carabineros de San Felipe&#8230;.<\/p>\n","protected":false},"author":482,"featured_media":96245,"comment_status":"open","ping_status":"open","sticky":false,"template":"","format":"standard","meta":{"advanced_seo_description":"","jetpack_seo_html_title":"","jetpack_seo_noindex":false,"_jetpack_memberships_contains_paid_content":false,"footnotes":""},"categories":[21],"tags":[],"class_list":["post-96244","post","type-post","status-publish","format-standard","has-post-thumbnail","hentry","category-policial"],"jetpack_featured_media_url":"https:\/\/i0.wp.com\/eltrabajo.cl\/portal\/wp-content\/uploads\/2019\/12\/ACCIDENTE-REINOSO.jpg?fit=580%2C360&ssl=1","jetpack_sharing_enabled":true,"jetpack_likes_enabled":true,"jetpack-related-posts":[],"_links":{"self":[{"href":"https:\/\/eltrabajo.cl\/portal\/wp-json\/wp\/v2\/posts\/96244","targetHints":{"allow":["GET"]}}],"collection":[{"href":"https:\/\/eltrabajo.cl\/portal\/wp-json\/wp\/v2\/posts"}],"about":[{"href":"https:\/\/eltrabajo.cl\/portal\/wp-json\/wp\/v2\/types\/post"}],"author":[{"embeddable":true,"href":"https:\/\/eltrabajo.cl\/portal\/wp-json\/wp\/v2\/users\/482"}],"replies":[{"embeddable":true,"href":"https:\/\/eltrabajo.cl\/portal\/wp-json\/wp\/v2\/comments?post=96244"}],"version-history":[{"count":0,"href":"https:\/\/eltrabajo.cl\/portal\/wp-json\/wp\/v2\/posts\/96244\/revisions"}],"wp:featuredmedia":[{"embeddable":true,"href":"https:\/\/eltrabajo.cl\/portal\/wp-json\/wp\/v2\/media\/96245"}],"wp:attachment":[{"href":"https:\/\/eltrabajo.cl\/portal\/wp-json\/wp\/v2\/media?parent=96244"}],"wp:term":[{"taxonomy":"category","embeddable":true,"href":"https:\/\/eltrabajo.cl\/portal\/wp-json\/wp\/v2\/categories?post=96244"},{"taxonomy":"post_tag","embeddable":true,"href":"https:\/\/eltrabajo.cl\/portal\/wp-json\/wp\/v2\/tags?post=96244"}],"curies":[{"name":"wp","href":"https:\/\/api.w.org\/{rel}","templated":true}]}}