{"id":96249,"date":"2019-12-27T05:01:48","date_gmt":"2019-12-27T08:01:48","guid":{"rendered":"http:\/\/www.eltrabajo.cl\/portal\/?p=96249"},"modified":"2019-12-26T20:44:41","modified_gmt":"2019-12-26T23:44:41","slug":"panteras-dio-el-zarpazo-al-subir-en-la-serie-de-honor-del-baloncesto-aconcaguino","status":"publish","type":"post","link":"https:\/\/eltrabajo.cl\/portal\/panteras-dio-el-zarpazo-al-subir-en-la-serie-de-honor-del-baloncesto-aconcaguino\/","title":{"rendered":"Panteras dio el zarpazo al subir en la serie de honor del baloncesto aconcag\u00fcino"},"content":{"rendered":"<p>Una de las notas destacadas que dej\u00f3 esta temporada de los cestos locales fue la aparici\u00f3n del club Panteras, el que de inmediato se hizo un espacio en el ambiente deportivo aconcag\u00fcino al ganar el segundo ascenso a la Primera Divisi\u00f3n, luego de desplazar a Lazen.<\/p>\n<p>La victoria por 65 a 56, permitir\u00e1 a este grupo de amigos haitianos poder codearse el 2020 con los mejores quintetos de la zona. <em>\u201cSin lugar a dudas fueron un aporte y claramente lo seguir\u00e1n siendo, adem\u00e1s que van mostrando avances en su juego, por lo que sin lugar a dudas ser\u00e1n un equipo a tener en cuenta el pr\u00f3ximo a\u00f1o\u201d,<\/em> analiz\u00f3 el timonel de la ABAR, <strong>Juan Carlos Acu\u00f1a<\/strong>.<\/p>\n<p>&nbsp;<\/p>\n<figure id=\"attachment_96250\" aria-describedby=\"caption-attachment-96250\" style=\"width: 580px\" class=\"wp-caption alignnone\"><img data-recalc-dims=\"1\" loading=\"lazy\" decoding=\"async\" class=\"size-full wp-image-96250\" src=\"https:\/\/i0.wp.com\/www.eltrabajo.cl\/portal\/wp-content\/uploads\/2019\/12\/panteras.jpg?resize=580%2C359\" alt=\"Panteras r\u00e1pidamente escal\u00f3 hasta lo m\u00e1s selecto del baloncesto del valle de Aconcagua.\" width=\"580\" height=\"359\" srcset=\"https:\/\/i0.wp.com\/eltrabajo.cl\/portal\/wp-content\/uploads\/2019\/12\/panteras.jpg?w=580&amp;ssl=1 580w, https:\/\/i0.wp.com\/eltrabajo.cl\/portal\/wp-content\/uploads\/2019\/12\/panteras.jpg?resize=300%2C186&amp;ssl=1 300w, https:\/\/i0.wp.com\/eltrabajo.cl\/portal\/wp-content\/uploads\/2019\/12\/panteras.jpg?resize=200%2C124&amp;ssl=1 200w, https:\/\/i0.wp.com\/eltrabajo.cl\/portal\/wp-content\/uploads\/2019\/12\/panteras.jpg?resize=242%2C150&amp;ssl=1 242w, https:\/\/i0.wp.com\/eltrabajo.cl\/portal\/wp-content\/uploads\/2019\/12\/panteras.jpg?resize=400%2C248&amp;ssl=1 400w\" sizes=\"auto, (max-width: 580px) 100vw, 580px\" \/><figcaption id=\"caption-attachment-96250\" class=\"wp-caption-text\">Panteras r\u00e1pidamente escal\u00f3 hasta lo m\u00e1s selecto del baloncesto del valle de Aconcagua.<\/figcaption><\/figure>\n","protected":false},"excerpt":{"rendered":"<p>Una de las notas destacadas que dej\u00f3 esta temporada de los cestos locales fue la aparici\u00f3n del club Panteras, el que de inmediato se hizo un espacio en el ambiente deportivo aconcag\u00fcino&#8230;<\/p>\n","protected":false},"author":482,"featured_media":96250,"comment_status":"open","ping_status":"open","sticky":false,"template":"","format":"standard","meta":{"advanced_seo_description":"","jetpack_seo_html_title":"","jetpack_seo_noindex":false,"_jetpack_memberships_contains_paid_content":false,"footnotes":""},"categories":[19],"tags":[],"class_list":["post-96249","post","type-post","status-publish","format-standard","has-post-thumbnail","hentry","category-deportes"],"jetpack_featured_media_url":"https:\/\/i0.wp.com\/eltrabajo.cl\/portal\/wp-content\/uploads\/2019\/12\/panteras.jpg?fit=580%2C359&ssl=1","jetpack_sharing_enabled":true,"jetpack_likes_enabled":true,"jetpack-related-posts":[],"_links":{"self":[{"href":"https:\/\/eltrabajo.cl\/portal\/wp-json\/wp\/v2\/posts\/96249","targetHints":{"allow":["GET"]}}],"collection":[{"href":"https:\/\/eltrabajo.cl\/portal\/wp-json\/wp\/v2\/posts"}],"about":[{"href":"https:\/\/eltrabajo.cl\/portal\/wp-json\/wp\/v2\/types\/post"}],"author":[{"embeddable":true,"href":"https:\/\/eltrabajo.cl\/portal\/wp-json\/wp\/v2\/users\/482"}],"replies":[{"embeddable":true,"href":"https:\/\/eltrabajo.cl\/portal\/wp-json\/wp\/v2\/comments?post=96249"}],"version-history":[{"count":0,"href":"https:\/\/eltrabajo.cl\/portal\/wp-json\/wp\/v2\/posts\/96249\/revisions"}],"wp:featuredmedia":[{"embeddable":true,"href":"https:\/\/eltrabajo.cl\/portal\/wp-json\/wp\/v2\/media\/96250"}],"wp:attachment":[{"href":"https:\/\/eltrabajo.cl\/portal\/wp-json\/wp\/v2\/media?parent=96249"}],"wp:term":[{"taxonomy":"category","embeddable":true,"href":"https:\/\/eltrabajo.cl\/portal\/wp-json\/wp\/v2\/categories?post=96249"},{"taxonomy":"post_tag","embeddable":true,"href":"https:\/\/eltrabajo.cl\/portal\/wp-json\/wp\/v2\/tags?post=96249"}],"curies":[{"name":"wp","href":"https:\/\/api.w.org\/{rel}","templated":true}]}}