{"id":96258,"date":"2019-12-27T05:04:54","date_gmt":"2019-12-27T08:04:54","guid":{"rendered":"http:\/\/www.eltrabajo.cl\/portal\/?p=96258"},"modified":"2019-12-26T20:52:14","modified_gmt":"2019-12-26T23:52:14","slug":"roban-computadores-desde-la-daem-avaluados-en-dos-millones-de-pesos","status":"publish","type":"post","link":"https:\/\/eltrabajo.cl\/portal\/roban-computadores-desde-la-daem-avaluados-en-dos-millones-de-pesos\/","title":{"rendered":"Roban computadores desde la DAEM avaluados en dos millones de pesos"},"content":{"rendered":"<p><span style=\"color: #ff0000;\"><strong>Direcci\u00f3n de Administraci\u00f3n de la Educaci\u00f3n Municipal:<\/strong><\/span><\/p>\n<p>Tres computadores avaluados en casi dos millones de pesos fueron robados desde unas salas de la DAEM que se ubican en calle Traslavi\u00f1a. El robo qued\u00f3 al descubierto ayer en la ma\u00f1ana.<\/p>\n<p>\u201c<em>Son unas salas que dan para el sector de Traslavi\u00f1a, salas que antiguamente se ocupaban como salas de clases, dos de las cuales est\u00e1n destinadas al departamento de computaci\u00f3n de la DAEM, donde operan los distintos funcionarios que trabajan en esa \u00e1rea. Aqu\u00ed existen diversos aparatos que est\u00e1n ah\u00ed, varios de los cuales eran nuevos, entraron en el transcurso de estos d\u00edas, no sabemos exactamente qu\u00e9 d\u00edas fueron, puede haber sido anoche, rompieron una puerta interior, que da al patio de Traslavi\u00f1a, entraron y se llevaron tres aparatos fundamentalmente de alto costo, nuevos, ten\u00edan en bolsas varios otros aparatos en condiciones de llev\u00e1rselos, pero afortunadamente no lo hicieron\u201d,<\/em> \u00a0dijo <strong>William Galaz<\/strong>, abogado de la DAEM.<\/p>\n<p>Galaz piensa que el peso de los aparatos en los bolsos impidi\u00f3 que se los llevaran.<\/p>\n<p>Entre los computadores hay uno nuevo que iba a ser entregado a un establecimiento educacional.<\/p>\n<p>El aval\u00fao\u00a0 alcanza los dos millones de pesos.<\/p>\n<p>Todos los antecedentes puestos a disposici\u00f3n de la justicia.<\/p>\n<p>&nbsp;<\/p>\n<figure id=\"attachment_96260\" aria-describedby=\"caption-attachment-96260\" style=\"width: 580px\" class=\"wp-caption alignnone\"><img data-recalc-dims=\"1\" loading=\"lazy\" decoding=\"async\" class=\"size-full wp-image-96260\" src=\"https:\/\/i0.wp.com\/www.eltrabajo.cl\/portal\/wp-content\/uploads\/2019\/12\/robo-daem-william-galaz.jpg?resize=580%2C358\" alt=\"William Galaz, abogado de la DAEM de San Felipe, confirm\u00f3 la informaci\u00f3n.\" width=\"580\" height=\"358\" srcset=\"https:\/\/i0.wp.com\/eltrabajo.cl\/portal\/wp-content\/uploads\/2019\/12\/robo-daem-william-galaz.jpg?w=580&amp;ssl=1 580w, https:\/\/i0.wp.com\/eltrabajo.cl\/portal\/wp-content\/uploads\/2019\/12\/robo-daem-william-galaz.jpg?resize=300%2C185&amp;ssl=1 300w, https:\/\/i0.wp.com\/eltrabajo.cl\/portal\/wp-content\/uploads\/2019\/12\/robo-daem-william-galaz.jpg?resize=200%2C123&amp;ssl=1 200w, https:\/\/i0.wp.com\/eltrabajo.cl\/portal\/wp-content\/uploads\/2019\/12\/robo-daem-william-galaz.jpg?resize=243%2C150&amp;ssl=1 243w, https:\/\/i0.wp.com\/eltrabajo.cl\/portal\/wp-content\/uploads\/2019\/12\/robo-daem-william-galaz.jpg?resize=400%2C247&amp;ssl=1 400w\" sizes=\"auto, (max-width: 580px) 100vw, 580px\" \/><figcaption id=\"caption-attachment-96260\" class=\"wp-caption-text\">William Galaz, abogado de la DAEM de San Felipe, confirm\u00f3 la informaci\u00f3n.<\/figcaption><\/figure>\n<p>&nbsp;<\/p>\n<figure id=\"attachment_96259\" aria-describedby=\"caption-attachment-96259\" style=\"width: 580px\" class=\"wp-caption alignnone\"><img data-recalc-dims=\"1\" loading=\"lazy\" decoding=\"async\" class=\"size-full wp-image-96259\" src=\"https:\/\/i0.wp.com\/www.eltrabajo.cl\/portal\/wp-content\/uploads\/2019\/12\/robo-daem-sala.jpg?resize=580%2C360\" alt=\"Desde estas salas robaron los tres computadores.\" width=\"580\" height=\"360\" srcset=\"https:\/\/i0.wp.com\/eltrabajo.cl\/portal\/wp-content\/uploads\/2019\/12\/robo-daem-sala.jpg?w=580&amp;ssl=1 580w, https:\/\/i0.wp.com\/eltrabajo.cl\/portal\/wp-content\/uploads\/2019\/12\/robo-daem-sala.jpg?resize=300%2C186&amp;ssl=1 300w, https:\/\/i0.wp.com\/eltrabajo.cl\/portal\/wp-content\/uploads\/2019\/12\/robo-daem-sala.jpg?resize=200%2C124&amp;ssl=1 200w, https:\/\/i0.wp.com\/eltrabajo.cl\/portal\/wp-content\/uploads\/2019\/12\/robo-daem-sala.jpg?resize=242%2C150&amp;ssl=1 242w, https:\/\/i0.wp.com\/eltrabajo.cl\/portal\/wp-content\/uploads\/2019\/12\/robo-daem-sala.jpg?resize=400%2C248&amp;ssl=1 400w\" sizes=\"auto, (max-width: 580px) 100vw, 580px\" \/><figcaption id=\"caption-attachment-96259\" class=\"wp-caption-text\">Desde estas salas robaron los tres computadores.<\/figcaption><\/figure>\n<p>&nbsp;<\/p>\n<figure id=\"attachment_96261\" aria-describedby=\"caption-attachment-96261\" style=\"width: 579px\" class=\"wp-caption alignnone\"><img data-recalc-dims=\"1\" loading=\"lazy\" decoding=\"async\" class=\"size-full wp-image-96261\" src=\"https:\/\/i0.wp.com\/www.eltrabajo.cl\/portal\/wp-content\/uploads\/2019\/12\/robo-daem-Bolsa.jpg?resize=579%2C773\" alt=\"Los desconocidos entraron y se llevaron tres computadores nuevos, de alto costo, adem\u00e1s ten\u00edan en bolsas varios otros aparatos en condiciones de llev\u00e1rselos.\" width=\"579\" height=\"773\" srcset=\"https:\/\/i0.wp.com\/eltrabajo.cl\/portal\/wp-content\/uploads\/2019\/12\/robo-daem-Bolsa.jpg?w=579&amp;ssl=1 579w, https:\/\/i0.wp.com\/eltrabajo.cl\/portal\/wp-content\/uploads\/2019\/12\/robo-daem-Bolsa.jpg?resize=225%2C300&amp;ssl=1 225w, https:\/\/i0.wp.com\/eltrabajo.cl\/portal\/wp-content\/uploads\/2019\/12\/robo-daem-Bolsa.jpg?resize=112%2C150&amp;ssl=1 112w, https:\/\/i0.wp.com\/eltrabajo.cl\/portal\/wp-content\/uploads\/2019\/12\/robo-daem-Bolsa.jpg?resize=400%2C534&amp;ssl=1 400w\" sizes=\"auto, (max-width: 579px) 100vw, 579px\" \/><figcaption id=\"caption-attachment-96261\" class=\"wp-caption-text\">Los desconocidos entraron y se llevaron tres computadores nuevos, de alto costo, adem\u00e1s ten\u00edan en bolsas varios otros aparatos en condiciones de llev\u00e1rselos.<\/figcaption><\/figure>\n","protected":false},"excerpt":{"rendered":"<p>Direcci\u00f3n de Administraci\u00f3n de la Educaci\u00f3n Municipal: Tres computadores avaluados en casi dos millones de pesos fueron robados desde unas salas de la DAEM que se ubican en calle Traslavi\u00f1a. El robo&#8230;<\/p>\n","protected":false},"author":482,"featured_media":96259,"comment_status":"open","ping_status":"open","sticky":false,"template":"","format":"standard","meta":{"advanced_seo_description":"","jetpack_seo_html_title":"","jetpack_seo_noindex":false,"_jetpack_memberships_contains_paid_content":false,"footnotes":""},"categories":[21],"tags":[],"class_list":["post-96258","post","type-post","status-publish","format-standard","has-post-thumbnail","hentry","category-policial"],"jetpack_featured_media_url":"https:\/\/i0.wp.com\/eltrabajo.cl\/portal\/wp-content\/uploads\/2019\/12\/robo-daem-sala.jpg?fit=580%2C360&ssl=1","jetpack_sharing_enabled":true,"jetpack_likes_enabled":true,"jetpack-related-posts":[],"_links":{"self":[{"href":"https:\/\/eltrabajo.cl\/portal\/wp-json\/wp\/v2\/posts\/96258","targetHints":{"allow":["GET"]}}],"collection":[{"href":"https:\/\/eltrabajo.cl\/portal\/wp-json\/wp\/v2\/posts"}],"about":[{"href":"https:\/\/eltrabajo.cl\/portal\/wp-json\/wp\/v2\/types\/post"}],"author":[{"embeddable":true,"href":"https:\/\/eltrabajo.cl\/portal\/wp-json\/wp\/v2\/users\/482"}],"replies":[{"embeddable":true,"href":"https:\/\/eltrabajo.cl\/portal\/wp-json\/wp\/v2\/comments?post=96258"}],"version-history":[{"count":0,"href":"https:\/\/eltrabajo.cl\/portal\/wp-json\/wp\/v2\/posts\/96258\/revisions"}],"wp:featuredmedia":[{"embeddable":true,"href":"https:\/\/eltrabajo.cl\/portal\/wp-json\/wp\/v2\/media\/96259"}],"wp:attachment":[{"href":"https:\/\/eltrabajo.cl\/portal\/wp-json\/wp\/v2\/media?parent=96258"}],"wp:term":[{"taxonomy":"category","embeddable":true,"href":"https:\/\/eltrabajo.cl\/portal\/wp-json\/wp\/v2\/categories?post=96258"},{"taxonomy":"post_tag","embeddable":true,"href":"https:\/\/eltrabajo.cl\/portal\/wp-json\/wp\/v2\/tags?post=96258"}],"curies":[{"name":"wp","href":"https:\/\/api.w.org\/{rel}","templated":true}]}}