{"id":96263,"date":"2019-12-27T05:05:31","date_gmt":"2019-12-27T08:05:31","guid":{"rendered":"http:\/\/www.eltrabajo.cl\/portal\/?p=96263"},"modified":"2019-12-26T20:55:14","modified_gmt":"2019-12-26T23:55:14","slug":"la-dura-lucha-de-santiago-poblete-para-ponerse-de-pie-tras-amputacion-de-sus-piernas","status":"publish","type":"post","link":"https:\/\/eltrabajo.cl\/portal\/la-dura-lucha-de-santiago-poblete-para-ponerse-de-pie-tras-amputacion-de-sus-piernas\/","title":{"rendered":"La dura lucha de Santiago Poblete para ponerse de pie tras amputaci\u00f3n de sus piernas"},"content":{"rendered":"<p><span style=\"color: #ff0000;\"><strong>Joven recibe terapia intensiva en la Fundaci\u00f3n Telet\u00f3n:<\/strong><\/span><\/p>\n<ul>\n<li><strong>Con mucha fe y esperanza espera que a fines de enero del pr\u00f3ximo a\u00f1o pueda estar de pie por medio de pr\u00f3tesis que le ayudar\u00e1n a movilizarse, proyect\u00e1ndose a futuro en ser un atleta y participar en los paraol\u00edmpicos.<\/strong><\/li>\n<\/ul>\n<p>Luego de despertar del coma y ser intervenido quir\u00fargicamente en 27 oportunidades, sufriendo la amputaci\u00f3n de sus piernas tras ser atropellado por un automovilista el 3 de marzo de este a\u00f1o en Catemu, <strong>Santiago Nicol\u00e1s Poblete Arredondo<\/strong> mantiene un esp\u00edritu luchador para lograr caminar con el uso de unas pr\u00f3tesis que le dar\u00edan continuidad a sus sue\u00f1os de ser deportista.<\/p>\n<p>El joven catemino de actuales 19 a\u00f1os de edad, ha sido sometido a intensas terapias en la Fundaci\u00f3n Telet\u00f3n en Santiago, moviliz\u00e1ndose hasta la capital en su silla de ruedas y dejar atr\u00e1s el recuerdo del brutal accidente ocurrido en la misma comuna donde reside.<\/p>\n<p>Santiago vuelca todas sus esperanzas y espera con mucha fe que los tratamientos recibidos en la Telet\u00f3n puedan volver a ponerlo de pie a finales del pr\u00f3ximo mes de enero de 2020, lo que significar\u00eda un gran paso en la vida del joven para proyectarse a futuro en ser un atleta de profesi\u00f3n con la ayuda de las pr\u00f3tesis que recibir\u00e1 de la Telet\u00f3n.<\/p>\n<p>En una entrevista concedida en exclusiva a <strong>Diario El Trabajo<\/strong>, Santiago Poblete reflexiona todos estos meses que ha debido luchar para seguir viviendo con el fundamental apoyo de sus seres queridos.<\/p>\n<p>&#8211; <strong>\u00bfCu\u00e1ntas intervenciones quir\u00fargicas ya ha tenido?<\/strong><\/p>\n<p>&#8211; Tengo desde la columna hacia abajo como 27 operaciones, la \u00faltima fue el 14 de noviembre, la que me arreglaron los mu\u00f1ones para poder usar las pr\u00f3tesis.<\/p>\n<p>&#8211; <strong>\u00bfRecibir\u00e1 una nueva pr\u00f3tesis?<\/strong><\/p>\n<p>&#8211; El 15 (enero) me toman el molde de la pierna derecha y el 16 me pasan la pr\u00f3tesis completa del pie, para acostumbrarme porque hay que adaptarse, volver a aprender a caminar nuevamente y al mecanismo que tiene la pr\u00f3tesis, al equilibrio, todo nuevo. La izquierda ya me la hab\u00edan entregado porque estaba bien el mu\u00f1\u00f3n, pero me tuvieron que operar porque todav\u00eda mis huesos crecen, me empez\u00f3 a hacer da\u00f1o, entonces me tuvieron que regularizar el mu\u00f1\u00f3n y la derecha estaba fea, los huesos muy afuera, entonces me la arreglaron.\u00a0 Entonces estaba esperando que la derecha estuviera bien para pasarme las dos pr\u00f3stesis, ya tengo una y el 16 (enero) me entregan la segunda.<\/p>\n<p>&#8211; <strong>\u00bfEn este \u00faltimo tiempo est\u00e1 en terapia en la Telet\u00f3n?<\/strong><\/p>\n<p>&#8211; S\u00ed, en terapia intensiva porque como tengo 19 a\u00f1os (de edad) no me quieren dejar y en febrero salen de vacaciones en la Telet\u00f3n y no quieren que yo espere hasta marzo para ponerme de pie. A fines de enero tengo que estar de pie.\u00a0 Entonces estoy en una terapia intensiva, todos los d\u00edas de lunes a viernes.<\/p>\n<p>&#8211; <strong>\u00bfHa sido importante la ayuda que recibe de la Telet\u00f3n?<\/strong><\/p>\n<p>&#8211; Obviamente, nos ayuda demasiado, lo mejor que me pudo haber pasado, tuve suerte en eso (\u2026) Me han dicho que por mi estado f\u00edsico, por como hago los ejercicios, en una o dos semanas voy a estar caminando, con bast\u00f3n primero y despu\u00e9s con la costumbre y dejando el miedo voy a dejar los bastones, mis muletas. Pueden pasar unos tres meses y puedo dejar una muleta, despu\u00e9s dejar la otra, si es cosa de dejar el miedo y acostumbrarme a caminar solo, sin las muletas.<\/p>\n<p>&#8211; <strong>\u00bfEsta Navidad fue especial estar junto a su familia?<\/strong><\/p>\n<p>&#8211; Cuando despert\u00e9 del coma, me dijeron que iba a estar m\u00ednimo un a\u00f1o en el Hospital y solamente estuve tres meses, y me dijeron que me iba a demorar en caminar uno o dos a\u00f1os y llevo siete, ocho meses en rehabilitaci\u00f3n y ya estoy de pie con una sola pr\u00f3tesis, entonces todo ha pasado r\u00e1pido. El tema de la Navidad, estoy feliz de estar vivo, de hecho y normal porque si hubiera quedado con alguna secuela hubiera sido peor.<\/p>\n<p>&#8211; <strong>Usted public\u00f3 en sus redes que esta es una segunda oportunidad en la vida.<\/strong><\/p>\n<p>&#8211; Quiz\u00e1s no era f\u00fatbol (su pasi\u00f3n) y me ten\u00eda algo mejor en la vida. Yo s\u00e9 que va a ser as\u00ed, no pierdo las esperanzas. No es tanto el f\u00fatbol, tengo otros proyectos a futuro, quiero hacer atletismo para los paraol\u00edmpicos y quiero correr. El f\u00fatbol lo voy a poder jugar, pero ya no como antes, pero quiero correr en atletismo, quiero ser atleta, para all\u00e1 voy enfocado.<\/p>\n<p>&#8211; <strong>\u00bfA qui\u00e9nes le gustar\u00eda expresar su agradecimiento?<\/strong><\/p>\n<p>&#8211; Quiero agradecer a la Telet\u00f3n porque me ha dado todo para poder ponerme de pie y a toda mi familia que me ha apoyado en todo este proceso, a todos mis seres queridos que est\u00e1n conmigo, muchas gracias (\u2026) A pesar de todos estos cambios, lleg\u00f3 la Navidad y 18 a\u00f1os que estuve de pie y pasar una navidad en una silla de ruedas es distinto, pero todo va a cambiar, solo ha sido un mal momento.<\/p>\n<p><strong>Pablo Salinas Sald\u00edas<\/strong><\/p>\n<p><strong>\u00a0<\/strong><\/p>\n<figure id=\"attachment_96265\" aria-describedby=\"caption-attachment-96265\" style=\"width: 580px\" class=\"wp-caption alignnone\"><img data-recalc-dims=\"1\" loading=\"lazy\" decoding=\"async\" class=\"size-full wp-image-96265\" src=\"https:\/\/i0.wp.com\/www.eltrabajo.cl\/portal\/wp-content\/uploads\/2019\/12\/Santiago-Poblete-2.jpg?resize=580%2C703\" alt=\"El joven sigue recibiendo una terapia intensiva en la Fundaci\u00f3n Telet\u00f3n en la regi\u00f3n Metropolitana.\" width=\"580\" height=\"703\" srcset=\"https:\/\/i0.wp.com\/eltrabajo.cl\/portal\/wp-content\/uploads\/2019\/12\/Santiago-Poblete-2.jpg?w=580&amp;ssl=1 580w, https:\/\/i0.wp.com\/eltrabajo.cl\/portal\/wp-content\/uploads\/2019\/12\/Santiago-Poblete-2.jpg?resize=248%2C300&amp;ssl=1 248w, https:\/\/i0.wp.com\/eltrabajo.cl\/portal\/wp-content\/uploads\/2019\/12\/Santiago-Poblete-2.jpg?resize=124%2C150&amp;ssl=1 124w, https:\/\/i0.wp.com\/eltrabajo.cl\/portal\/wp-content\/uploads\/2019\/12\/Santiago-Poblete-2.jpg?resize=400%2C485&amp;ssl=1 400w\" sizes=\"auto, (max-width: 580px) 100vw, 580px\" \/><figcaption id=\"caption-attachment-96265\" class=\"wp-caption-text\">El joven sigue recibiendo una terapia intensiva en la Fundaci\u00f3n Telet\u00f3n en la regi\u00f3n Metropolitana.<\/figcaption><\/figure>\n<p>&nbsp;<\/p>\n<figure id=\"attachment_96264\" aria-describedby=\"caption-attachment-96264\" style=\"width: 580px\" class=\"wp-caption alignnone\"><img data-recalc-dims=\"1\" loading=\"lazy\" decoding=\"async\" class=\"size-full wp-image-96264\" src=\"https:\/\/i0.wp.com\/www.eltrabajo.cl\/portal\/wp-content\/uploads\/2019\/12\/Santiago-Poblete-1.jpg?resize=580%2C813\" alt=\"Santiago Poblete Arredondo, exalumno del Liceo Industrial de San Felipe, lucha por volver a caminar y ser el deportista que tanto anhela. \" width=\"580\" height=\"813\" srcset=\"https:\/\/i0.wp.com\/eltrabajo.cl\/portal\/wp-content\/uploads\/2019\/12\/Santiago-Poblete-1.jpg?w=580&amp;ssl=1 580w, https:\/\/i0.wp.com\/eltrabajo.cl\/portal\/wp-content\/uploads\/2019\/12\/Santiago-Poblete-1.jpg?resize=214%2C300&amp;ssl=1 214w, https:\/\/i0.wp.com\/eltrabajo.cl\/portal\/wp-content\/uploads\/2019\/12\/Santiago-Poblete-1.jpg?resize=107%2C150&amp;ssl=1 107w, https:\/\/i0.wp.com\/eltrabajo.cl\/portal\/wp-content\/uploads\/2019\/12\/Santiago-Poblete-1.jpg?resize=400%2C561&amp;ssl=1 400w\" sizes=\"auto, (max-width: 580px) 100vw, 580px\" \/><figcaption id=\"caption-attachment-96264\" class=\"wp-caption-text\">Santiago Poblete Arredondo, exalumno del Liceo Industrial de San Felipe, lucha por volver a caminar y ser el deportista que tanto anhela.<\/figcaption><\/figure>\n","protected":false},"excerpt":{"rendered":"<p>Joven recibe terapia intensiva en la Fundaci\u00f3n Telet\u00f3n: Con mucha fe y esperanza espera que a fines de enero del pr\u00f3ximo a\u00f1o pueda estar de pie por medio de pr\u00f3tesis que le&#8230;<\/p>\n","protected":false},"author":482,"featured_media":96266,"comment_status":"open","ping_status":"open","sticky":false,"template":"","format":"standard","meta":{"advanced_seo_description":"","jetpack_seo_html_title":"","jetpack_seo_noindex":false,"_jetpack_memberships_contains_paid_content":false,"footnotes":""},"categories":[15],"tags":[],"class_list":["post-96263","post","type-post","status-publish","format-standard","has-post-thumbnail","hentry","category-comunidad"],"jetpack_featured_media_url":"https:\/\/i0.wp.com\/eltrabajo.cl\/portal\/wp-content\/uploads\/2019\/12\/Santiago-Poblete-3.jpg?fit=580%2C359&ssl=1","jetpack_sharing_enabled":true,"jetpack_likes_enabled":true,"jetpack-related-posts":[],"_links":{"self":[{"href":"https:\/\/eltrabajo.cl\/portal\/wp-json\/wp\/v2\/posts\/96263","targetHints":{"allow":["GET"]}}],"collection":[{"href":"https:\/\/eltrabajo.cl\/portal\/wp-json\/wp\/v2\/posts"}],"about":[{"href":"https:\/\/eltrabajo.cl\/portal\/wp-json\/wp\/v2\/types\/post"}],"author":[{"embeddable":true,"href":"https:\/\/eltrabajo.cl\/portal\/wp-json\/wp\/v2\/users\/482"}],"replies":[{"embeddable":true,"href":"https:\/\/eltrabajo.cl\/portal\/wp-json\/wp\/v2\/comments?post=96263"}],"version-history":[{"count":0,"href":"https:\/\/eltrabajo.cl\/portal\/wp-json\/wp\/v2\/posts\/96263\/revisions"}],"wp:featuredmedia":[{"embeddable":true,"href":"https:\/\/eltrabajo.cl\/portal\/wp-json\/wp\/v2\/media\/96266"}],"wp:attachment":[{"href":"https:\/\/eltrabajo.cl\/portal\/wp-json\/wp\/v2\/media?parent=96263"}],"wp:term":[{"taxonomy":"category","embeddable":true,"href":"https:\/\/eltrabajo.cl\/portal\/wp-json\/wp\/v2\/categories?post=96263"},{"taxonomy":"post_tag","embeddable":true,"href":"https:\/\/eltrabajo.cl\/portal\/wp-json\/wp\/v2\/tags?post=96263"}],"curies":[{"name":"wp","href":"https:\/\/api.w.org\/{rel}","templated":true}]}}