{"id":96268,"date":"2019-12-30T02:01:57","date_gmt":"2019-12-30T05:01:57","guid":{"rendered":"http:\/\/www.eltrabajo.cl\/portal\/?p=96268"},"modified":"2019-12-30T02:01:57","modified_gmt":"2019-12-30T05:01:57","slug":"despues-de-dos-meses-hospitalizado-volvio-al-san-camilo-para-agradecer-con-su-guitarra","status":"publish","type":"post","link":"https:\/\/eltrabajo.cl\/portal\/despues-de-dos-meses-hospitalizado-volvio-al-san-camilo-para-agradecer-con-su-guitarra\/","title":{"rendered":"Despu\u00e9s de dos meses hospitalizado volvi\u00f3 al San Camilo para agradecer con su guitarra"},"content":{"rendered":"<p><strong>Ram\u00f3n Astudillo<\/strong> es un conocido maestro constructor y folclorista de San Felipe que debi\u00f3 ser hospitalizado por una potente bacteria que lo dej\u00f3 por los suelos durante m\u00e1s de dos meses, y en agradecimiento al excelente trato que recibi\u00f3 durante su estad\u00eda en el Hospital San Camilo, se prometi\u00f3 que cuando se sanara volver\u00eda para agradecer y a su vez, alegrar al resto de los pacientes.<\/p>\n<p>Y cumpli\u00f3. Don Ram\u00f3n volvi\u00f3 junto a su se\u00f1ora y su guitarra para pedir respetuosamente si pod\u00eda concurrir\u00e1 las salas de hospitalizados a cantar unas tonaditas para alegrar a los pacientes que como \u00e9l est\u00e1n pasando momentos amargos producto de su estado de salud. Y la respuesta del centro de salud fue inmediata: \u00a1porsupuesto! le dijeron, conscientes del placer que les genera la m\u00fasica a los pacientes.<\/p>\n<p>De esta manera, el folclorista termin\u00f3 su primera visita en medio del aplauso de los hospitalizados y la gratitud de los funcionarios, con la promesa de que seguir\u00e1 viniendo una vez a la semana para, como el mismo dice, devolver la mano.<\/p>\n<p>\u201c<em>Para m\u00ed esto es una terapia, una forma de agradecer por tanto apoyo y tan buen trato que recib\u00ed en el Hospital San Camilo, ya que s\u00f3lo uno sabe lo que se sufre estando en cama por tantas semanas y por lo mismo, el apoyo que te entregan los funcionarios es fundamental para tu recuperaci\u00f3n<\/em>\u201d, asegur\u00f3 Astudillo.<\/p>\n<p>Por su parte <strong>Ricardo Salazar<\/strong>, director del establecimiento, agradeci\u00f3 tambi\u00e9n la nobleza del gesto asegurando que el recinto siempre est\u00e1 abierto a las iniciativas que buscan alegar a los pacientes y traer cultura a las salas de hospitalizados. \u201c<em>Los estados an\u00edmicos son potentes aliados de la recuperaci\u00f3n de nuestros pacientes, as\u00ed que agradecemos a Don Ram\u00f3n y a todos quienes buscan alegrar y tambi\u00e9n retribuir lo bueno que recibieron en el hospital<\/em>\u201d.<\/p>\n<p>&nbsp;<\/p>\n<figure id=\"attachment_96270\" aria-describedby=\"caption-attachment-96270\" style=\"width: 578px\" class=\"wp-caption alignnone\"><img data-recalc-dims=\"1\" loading=\"lazy\" decoding=\"async\" class=\"size-full wp-image-96270\" src=\"https:\/\/i0.wp.com\/www.eltrabajo.cl\/portal\/wp-content\/uploads\/2019\/12\/Agradecido1.jpg?resize=578%2C302\" alt=\"El folclorista termin\u00f3 su primera visita en medio del aplauso de los hospitalizados y la gratitud de los funcionarios, con la promesa de que seguir\u00e1 viniendo una vez a la semana para, como el mismo dice, devolver la mano. \" width=\"578\" height=\"302\" srcset=\"https:\/\/i0.wp.com\/eltrabajo.cl\/portal\/wp-content\/uploads\/2019\/12\/Agradecido1.jpg?w=578&amp;ssl=1 578w, https:\/\/i0.wp.com\/eltrabajo.cl\/portal\/wp-content\/uploads\/2019\/12\/Agradecido1.jpg?resize=300%2C157&amp;ssl=1 300w, https:\/\/i0.wp.com\/eltrabajo.cl\/portal\/wp-content\/uploads\/2019\/12\/Agradecido1.jpg?resize=200%2C104&amp;ssl=1 200w, https:\/\/i0.wp.com\/eltrabajo.cl\/portal\/wp-content\/uploads\/2019\/12\/Agradecido1.jpg?resize=287%2C150&amp;ssl=1 287w, https:\/\/i0.wp.com\/eltrabajo.cl\/portal\/wp-content\/uploads\/2019\/12\/Agradecido1.jpg?resize=400%2C209&amp;ssl=1 400w\" sizes=\"auto, (max-width: 578px) 100vw, 578px\" \/><figcaption id=\"caption-attachment-96270\" class=\"wp-caption-text\">El folclorista termin\u00f3 su primera visita en medio del aplauso de los hospitalizados y la gratitud de los funcionarios, con la promesa de que seguir\u00e1 viniendo una vez a la semana para, como el mismo dice, devolver la mano.<\/figcaption><\/figure>\n<p>&nbsp;<\/p>\n<figure id=\"attachment_96269\" aria-describedby=\"caption-attachment-96269\" style=\"width: 580px\" class=\"wp-caption alignnone\"><img data-recalc-dims=\"1\" loading=\"lazy\" decoding=\"async\" class=\"size-full wp-image-96269\" src=\"https:\/\/i0.wp.com\/www.eltrabajo.cl\/portal\/wp-content\/uploads\/2019\/12\/Agradecido_-Ramon-Astudillo.jpg?resize=580%2C358\" alt=\"Ram\u00f3n Astudillo ama la m\u00fasica y pretende concurrir semanalmente a entretener a los pacientes.\" width=\"580\" height=\"358\" srcset=\"https:\/\/i0.wp.com\/eltrabajo.cl\/portal\/wp-content\/uploads\/2019\/12\/Agradecido_-Ramon-Astudillo.jpg?w=580&amp;ssl=1 580w, https:\/\/i0.wp.com\/eltrabajo.cl\/portal\/wp-content\/uploads\/2019\/12\/Agradecido_-Ramon-Astudillo.jpg?resize=300%2C185&amp;ssl=1 300w, https:\/\/i0.wp.com\/eltrabajo.cl\/portal\/wp-content\/uploads\/2019\/12\/Agradecido_-Ramon-Astudillo.jpg?resize=200%2C123&amp;ssl=1 200w, https:\/\/i0.wp.com\/eltrabajo.cl\/portal\/wp-content\/uploads\/2019\/12\/Agradecido_-Ramon-Astudillo.jpg?resize=243%2C150&amp;ssl=1 243w, https:\/\/i0.wp.com\/eltrabajo.cl\/portal\/wp-content\/uploads\/2019\/12\/Agradecido_-Ramon-Astudillo.jpg?resize=400%2C247&amp;ssl=1 400w\" sizes=\"auto, (max-width: 580px) 100vw, 580px\" \/><figcaption id=\"caption-attachment-96269\" class=\"wp-caption-text\">Ram\u00f3n Astudillo ama la m\u00fasica y pretende concurrir semanalmente a entretener a los pacientes.<\/figcaption><\/figure>\n<p>&nbsp;<\/p>\n<figure id=\"attachment_96271\" aria-describedby=\"caption-attachment-96271\" style=\"width: 579px\" class=\"wp-caption alignnone\"><img data-recalc-dims=\"1\" loading=\"lazy\" decoding=\"async\" class=\"size-full wp-image-96271\" src=\"https:\/\/i0.wp.com\/www.eltrabajo.cl\/portal\/wp-content\/uploads\/2019\/12\/Agradecido2.jpg?resize=579%2C440\" alt=\"Aqu\u00ed lo vemos en compa\u00f1\u00eda de su esposa Jacqueline Figueroa.\" width=\"579\" height=\"440\" srcset=\"https:\/\/i0.wp.com\/eltrabajo.cl\/portal\/wp-content\/uploads\/2019\/12\/Agradecido2.jpg?w=579&amp;ssl=1 579w, https:\/\/i0.wp.com\/eltrabajo.cl\/portal\/wp-content\/uploads\/2019\/12\/Agradecido2.jpg?resize=300%2C228&amp;ssl=1 300w, https:\/\/i0.wp.com\/eltrabajo.cl\/portal\/wp-content\/uploads\/2019\/12\/Agradecido2.jpg?resize=197%2C150&amp;ssl=1 197w, https:\/\/i0.wp.com\/eltrabajo.cl\/portal\/wp-content\/uploads\/2019\/12\/Agradecido2.jpg?resize=400%2C304&amp;ssl=1 400w\" sizes=\"auto, (max-width: 579px) 100vw, 579px\" \/><figcaption id=\"caption-attachment-96271\" class=\"wp-caption-text\">Aqu\u00ed lo vemos en compa\u00f1\u00eda de su esposa Jacqueline Figueroa.<\/figcaption><\/figure>\n","protected":false},"excerpt":{"rendered":"<p>Ram\u00f3n Astudillo es un conocido maestro constructor y folclorista de San Felipe que debi\u00f3 ser hospitalizado por una potente bacteria que lo dej\u00f3 por los suelos durante m\u00e1s de dos meses, y&#8230;<\/p>\n","protected":false},"author":482,"featured_media":96269,"comment_status":"open","ping_status":"open","sticky":false,"template":"","format":"standard","meta":{"advanced_seo_description":"","jetpack_seo_html_title":"","jetpack_seo_noindex":false,"_jetpack_memberships_contains_paid_content":false,"footnotes":""},"categories":[15],"tags":[],"class_list":["post-96268","post","type-post","status-publish","format-standard","has-post-thumbnail","hentry","category-comunidad"],"jetpack_featured_media_url":"https:\/\/i0.wp.com\/eltrabajo.cl\/portal\/wp-content\/uploads\/2019\/12\/Agradecido_-Ramon-Astudillo.jpg?fit=580%2C358&ssl=1","jetpack_sharing_enabled":true,"jetpack_likes_enabled":true,"jetpack-related-posts":[],"_links":{"self":[{"href":"https:\/\/eltrabajo.cl\/portal\/wp-json\/wp\/v2\/posts\/96268","targetHints":{"allow":["GET"]}}],"collection":[{"href":"https:\/\/eltrabajo.cl\/portal\/wp-json\/wp\/v2\/posts"}],"about":[{"href":"https:\/\/eltrabajo.cl\/portal\/wp-json\/wp\/v2\/types\/post"}],"author":[{"embeddable":true,"href":"https:\/\/eltrabajo.cl\/portal\/wp-json\/wp\/v2\/users\/482"}],"replies":[{"embeddable":true,"href":"https:\/\/eltrabajo.cl\/portal\/wp-json\/wp\/v2\/comments?post=96268"}],"version-history":[{"count":0,"href":"https:\/\/eltrabajo.cl\/portal\/wp-json\/wp\/v2\/posts\/96268\/revisions"}],"wp:featuredmedia":[{"embeddable":true,"href":"https:\/\/eltrabajo.cl\/portal\/wp-json\/wp\/v2\/media\/96269"}],"wp:attachment":[{"href":"https:\/\/eltrabajo.cl\/portal\/wp-json\/wp\/v2\/media?parent=96268"}],"wp:term":[{"taxonomy":"category","embeddable":true,"href":"https:\/\/eltrabajo.cl\/portal\/wp-json\/wp\/v2\/categories?post=96268"},{"taxonomy":"post_tag","embeddable":true,"href":"https:\/\/eltrabajo.cl\/portal\/wp-json\/wp\/v2\/tags?post=96268"}],"curies":[{"name":"wp","href":"https:\/\/api.w.org\/{rel}","templated":true}]}}