{"id":96273,"date":"2019-12-30T02:06:06","date_gmt":"2019-12-30T05:06:06","guid":{"rendered":"http:\/\/www.eltrabajo.cl\/portal\/?p=96273"},"modified":"2019-12-30T02:06:06","modified_gmt":"2019-12-30T05:06:06","slug":"union-san-felipe-modelo-2020-comienza-a-tomar-forma","status":"publish","type":"post","link":"https:\/\/eltrabajo.cl\/portal\/union-san-felipe-modelo-2020-comienza-a-tomar-forma\/","title":{"rendered":"Uni\u00f3n San Felipe modelo 2020 comienza a tomar forma"},"content":{"rendered":"<ul>\n<li><strong>Tras la Navidad el conjunto aconcag\u00fcino oficializ\u00f3 la llegada de tres jugadores que llegan para reforzar su planilla 2020.<\/strong><\/li>\n<\/ul>\n<p>Cuarenta y ocho horas fren\u00e9ticas en cuanto a la incorporaci\u00f3n de refuerzos, tuvo el Un\u00ed Un\u00ed al abrochar los concursos para la pr\u00f3xima temporada. Hablamos del defensor central V\u00edctor \u2018Parafina\u2019 Morales, el volante ofensivo Matt Lagos y el arquero de nacionalidad trasandina Nicol\u00e1s Rodr\u00edguez.<\/p>\n<p>Los tres nuevos elementos que se integraron a la pretemporada durante la tarde del jueves y el viernes pasado, son jugadores \u2018interesantes\u2019 ya que por ejemplo Morales es un defensor probado de indudable calidad, que sabe de ascensos, mientras que el arquero Rodr\u00edguez tiene a su haber la experiencia de haber integrado equipos de jerarqu\u00eda como por ejemplo lo es River Plate de Argentina. Por su parte Matt Lagos es una apuesta, ya que viene de la Tercera Divisi\u00f3n donde fue recientemente tuvo un ascenso con Deportes Concepci\u00f3n, cuadro en el cual el volante fue uno de sus figuras.<\/p>\n<p>El t\u00e9cnico Erwin Dur\u00e1n no escondi\u00f3 su satisfacci\u00f3n por el poder tener dentro de sus filas a estos tres jugadores. \u201cV\u00edctor (Morales) en su momento fue el mejor defensor de la categoria, y claramente eso debe quedar, por lo que no tengo ninguna duda en que nos aportar\u00e1 mucho; A Matt (Lagos) lo he seguido, es un 10 con mucho talento que puede tener su oportunidad ahora que no estar\u00e1 Luciano Romero lesi\u00f3n, y Rodr\u00edguez es un gran jugador que tiene una tremenda experiencia\u201d, dijo el coach sobre sus tres nuevos dirigidos.<\/p>\n<p>La Ficha T\u00e9cnica de cada uno de tres nuevos integrantes del Un\u00ed Un\u00ed son las siguientes:<\/p>\n<p>&nbsp;<\/p>\n<p><strong>Matt Lagos<\/strong><\/p>\n<p>Nombre Completo: Matt Edison Lagos Sen.<\/p>\n<p>Fecha de Nacimiento: 07 \u2013 11- 1995.<\/p>\n<p>Edad: 24 a\u00f1os.<\/p>\n<p>Posici\u00f3n: Volante Ofensivo.<\/p>\n<p>Clubes: Naval, Lota Schawager, Deportes Concepci\u00f3n<\/p>\n<p>Caracter\u00edsticas de Juego: Jugador de buen pie (zurdo), que siempre busca habilitar, adem\u00e1s de buscar constantemente el gol.<\/p>\n<p>&nbsp;<\/p>\n<p><strong>V\u00edctor Morales <\/strong><\/p>\n<p>Nombre Completo: V\u00edctor Hern\u00e1n Morales Reyes.<\/p>\n<p>Apodo: Parafina.<\/p>\n<p>Edad: 28 a\u00f1os.<\/p>\n<p>Fecha de Nacimiento: 5 de junio de 1991.<\/p>\n<p>Estatura: 1, 87 mts.<\/p>\n<p>Clubes en que ha jugado: San Luis de Quillota (2011; 2013 a 2017; 2019)<\/p>\n<p>Trasandino (2012). Uni\u00f3n La Calera (2017 -2018).<\/p>\n<p>&nbsp;<\/p>\n<p><strong>Nicol\u00e1s Rodr\u00edguez <\/strong><\/p>\n<p>Nombre Completo: Nicol\u00e1s Fabi\u00e1n Rodr\u00edguez.<\/p>\n<p>Fecha de Nacimiento: 12 de mayo 1993.<\/p>\n<p>Edad: 26 a\u00f1os.<\/p>\n<p>Clubes en que ha militado:<\/p>\n<p>2013 \u2013 2014: River Plate.<\/p>\n<p>2015: Temperley.<\/p>\n<p>2016: Talleres de C\u00f3rdova.<\/p>\n<p>2016 \u2013 2017: Temperley.<\/p>\n<p>2017 \u2013 2018: F\u00e9nix.<\/p>\n<p>2018 \u2013 2019: Santamarina de Tandil.<\/p>\n<p>&nbsp;<\/p>\n<figure id=\"attachment_96274\" aria-describedby=\"caption-attachment-96274\" style=\"width: 580px\" class=\"wp-caption alignnone\"><img data-recalc-dims=\"1\" loading=\"lazy\" decoding=\"async\" class=\"size-full wp-image-96274\" src=\"https:\/\/i0.wp.com\/www.eltrabajo.cl\/portal\/wp-content\/uploads\/2019\/12\/lagos.jpg?resize=580%2C359\" alt=\"Matt Lagos es un volante netamente ofensivo que se destaca por su poder de gol. \" width=\"580\" height=\"359\" srcset=\"https:\/\/i0.wp.com\/eltrabajo.cl\/portal\/wp-content\/uploads\/2019\/12\/lagos.jpg?w=580&amp;ssl=1 580w, https:\/\/i0.wp.com\/eltrabajo.cl\/portal\/wp-content\/uploads\/2019\/12\/lagos.jpg?resize=300%2C186&amp;ssl=1 300w, https:\/\/i0.wp.com\/eltrabajo.cl\/portal\/wp-content\/uploads\/2019\/12\/lagos.jpg?resize=200%2C124&amp;ssl=1 200w, https:\/\/i0.wp.com\/eltrabajo.cl\/portal\/wp-content\/uploads\/2019\/12\/lagos.jpg?resize=242%2C150&amp;ssl=1 242w, https:\/\/i0.wp.com\/eltrabajo.cl\/portal\/wp-content\/uploads\/2019\/12\/lagos.jpg?resize=400%2C248&amp;ssl=1 400w\" sizes=\"auto, (max-width: 580px) 100vw, 580px\" \/><figcaption id=\"caption-attachment-96274\" class=\"wp-caption-text\">Matt Lagos es un volante netamente ofensivo que se destaca por su poder de gol.<\/figcaption><\/figure>\n<p>&nbsp;<\/p>\n<figure id=\"attachment_96275\" aria-describedby=\"caption-attachment-96275\" style=\"width: 580px\" class=\"wp-caption alignnone\"><img data-recalc-dims=\"1\" loading=\"lazy\" decoding=\"async\" class=\"size-full wp-image-96275\" src=\"https:\/\/i0.wp.com\/www.eltrabajo.cl\/portal\/wp-content\/uploads\/2019\/12\/morales.jpg?resize=580%2C358\" alt=\"V\u00edctor Morales llega para afirmar la l\u00ednea defensiva albirroja.\" width=\"580\" height=\"358\" srcset=\"https:\/\/i0.wp.com\/eltrabajo.cl\/portal\/wp-content\/uploads\/2019\/12\/morales.jpg?w=580&amp;ssl=1 580w, https:\/\/i0.wp.com\/eltrabajo.cl\/portal\/wp-content\/uploads\/2019\/12\/morales.jpg?resize=300%2C185&amp;ssl=1 300w, https:\/\/i0.wp.com\/eltrabajo.cl\/portal\/wp-content\/uploads\/2019\/12\/morales.jpg?resize=200%2C123&amp;ssl=1 200w, https:\/\/i0.wp.com\/eltrabajo.cl\/portal\/wp-content\/uploads\/2019\/12\/morales.jpg?resize=243%2C150&amp;ssl=1 243w, https:\/\/i0.wp.com\/eltrabajo.cl\/portal\/wp-content\/uploads\/2019\/12\/morales.jpg?resize=400%2C247&amp;ssl=1 400w\" sizes=\"auto, (max-width: 580px) 100vw, 580px\" \/><figcaption id=\"caption-attachment-96275\" class=\"wp-caption-text\">V\u00edctor Morales llega para afirmar la l\u00ednea defensiva albirroja.<\/figcaption><\/figure>\n<p>&nbsp;<\/p>\n<figure id=\"attachment_96276\" aria-describedby=\"caption-attachment-96276\" style=\"width: 580px\" class=\"wp-caption alignnone\"><img data-recalc-dims=\"1\" loading=\"lazy\" decoding=\"async\" class=\"size-full wp-image-96276\" src=\"https:\/\/i0.wp.com\/www.eltrabajo.cl\/portal\/wp-content\/uploads\/2019\/12\/rodriguez.jpg?resize=580%2C358\" alt=\"El golero Fabi\u00e1n Rodr\u00edguez tiene un curriculum muy interesante por lo que se espera mucho mientras forme parte del Un\u00ed Un\u00ed.\" width=\"580\" height=\"358\" srcset=\"https:\/\/i0.wp.com\/eltrabajo.cl\/portal\/wp-content\/uploads\/2019\/12\/rodriguez.jpg?w=580&amp;ssl=1 580w, https:\/\/i0.wp.com\/eltrabajo.cl\/portal\/wp-content\/uploads\/2019\/12\/rodriguez.jpg?resize=300%2C185&amp;ssl=1 300w, https:\/\/i0.wp.com\/eltrabajo.cl\/portal\/wp-content\/uploads\/2019\/12\/rodriguez.jpg?resize=200%2C123&amp;ssl=1 200w, https:\/\/i0.wp.com\/eltrabajo.cl\/portal\/wp-content\/uploads\/2019\/12\/rodriguez.jpg?resize=243%2C150&amp;ssl=1 243w, https:\/\/i0.wp.com\/eltrabajo.cl\/portal\/wp-content\/uploads\/2019\/12\/rodriguez.jpg?resize=400%2C247&amp;ssl=1 400w\" sizes=\"auto, (max-width: 580px) 100vw, 580px\" \/><figcaption id=\"caption-attachment-96276\" class=\"wp-caption-text\">El golero Fabi\u00e1n Rodr\u00edguez tiene un curriculum muy interesante por lo que se espera mucho mientras forme parte del Un\u00ed Un\u00ed.<\/figcaption><\/figure>\n","protected":false},"excerpt":{"rendered":"<p>Tras la Navidad el conjunto aconcag\u00fcino oficializ\u00f3 la llegada de tres jugadores que llegan para reforzar su planilla 2020. Cuarenta y ocho horas fren\u00e9ticas en cuanto a la incorporaci\u00f3n de refuerzos, tuvo&#8230;<\/p>\n","protected":false},"author":482,"featured_media":96275,"comment_status":"open","ping_status":"open","sticky":false,"template":"","format":"standard","meta":{"advanced_seo_description":"","jetpack_seo_html_title":"","jetpack_seo_noindex":false,"_jetpack_memberships_contains_paid_content":false,"footnotes":""},"categories":[19],"tags":[],"class_list":["post-96273","post","type-post","status-publish","format-standard","has-post-thumbnail","hentry","category-deportes"],"jetpack_featured_media_url":"https:\/\/i0.wp.com\/eltrabajo.cl\/portal\/wp-content\/uploads\/2019\/12\/morales.jpg?fit=580%2C358&ssl=1","jetpack_sharing_enabled":true,"jetpack_likes_enabled":true,"jetpack-related-posts":[],"_links":{"self":[{"href":"https:\/\/eltrabajo.cl\/portal\/wp-json\/wp\/v2\/posts\/96273","targetHints":{"allow":["GET"]}}],"collection":[{"href":"https:\/\/eltrabajo.cl\/portal\/wp-json\/wp\/v2\/posts"}],"about":[{"href":"https:\/\/eltrabajo.cl\/portal\/wp-json\/wp\/v2\/types\/post"}],"author":[{"embeddable":true,"href":"https:\/\/eltrabajo.cl\/portal\/wp-json\/wp\/v2\/users\/482"}],"replies":[{"embeddable":true,"href":"https:\/\/eltrabajo.cl\/portal\/wp-json\/wp\/v2\/comments?post=96273"}],"version-history":[{"count":0,"href":"https:\/\/eltrabajo.cl\/portal\/wp-json\/wp\/v2\/posts\/96273\/revisions"}],"wp:featuredmedia":[{"embeddable":true,"href":"https:\/\/eltrabajo.cl\/portal\/wp-json\/wp\/v2\/media\/96275"}],"wp:attachment":[{"href":"https:\/\/eltrabajo.cl\/portal\/wp-json\/wp\/v2\/media?parent=96273"}],"wp:term":[{"taxonomy":"category","embeddable":true,"href":"https:\/\/eltrabajo.cl\/portal\/wp-json\/wp\/v2\/categories?post=96273"},{"taxonomy":"post_tag","embeddable":true,"href":"https:\/\/eltrabajo.cl\/portal\/wp-json\/wp\/v2\/tags?post=96273"}],"curies":[{"name":"wp","href":"https:\/\/api.w.org\/{rel}","templated":true}]}}