{"id":96284,"date":"2019-12-30T02:11:23","date_gmt":"2019-12-30T05:11:23","guid":{"rendered":"http:\/\/www.eltrabajo.cl\/portal\/?p=96284"},"modified":"2019-12-30T02:11:23","modified_gmt":"2019-12-30T05:11:23","slug":"vecino-sufrio-grave-accidente-y-hoy-requiere-de-ayuda-economica","status":"publish","type":"post","link":"https:\/\/eltrabajo.cl\/portal\/vecino-sufrio-grave-accidente-y-hoy-requiere-de-ayuda-economica\/","title":{"rendered":"Vecino sufri\u00f3 grave accidente y hoy requiere de ayuda econ\u00f3mica"},"content":{"rendered":"<p><span style=\"color: #ff0000;\"><strong>Para financiar gastos del Hospital y da\u00f1os por colisionar un veh\u00edculo:<\/strong><\/span><\/p>\n<ul>\n<li><strong>Pedro Gallardo Mu\u00f1oz se encuentra desempleado y se moviliza con la ayuda de sus muletas, tras sufrir una fractura en su rodilla luego de protagonizar un accidente de tr\u00e1nsito hace unos d\u00edas en calle Abraham Ahumada de San Felipe.<\/strong><\/li>\n<\/ul>\n<p>Una compleja situaci\u00f3n econ\u00f3mica es la que atraviesa un vecino de Putaendo, <strong>Pedro Humberto Gallardo Mu\u00f1oz<\/strong>, quien actualmente se encuentra desempleado tras sufrir una grave fractura en su pierna producto de un accidente de tr\u00e1nsito que protagoniz\u00f3 el pasado 17 de diciembre en la ciudad de San Felipe.<\/p>\n<p>Don Pedro de 49 a\u00f1os de edad, detalla a <strong>Diario El Trabajo<\/strong> que luego de haber sido dado de alta de la Unidad de Traumatolog\u00eda del Hospital San Juan de Dios de Los Andes, su panorama econ\u00f3mico es cr\u00edtico, debido a que debe reunir dinero para costear la intervenci\u00f3n quir\u00fargica a la que fue sometido y los da\u00f1os causados a un veh\u00edculo al que habr\u00eda colisionado con su motocicleta en calle Abraham Ahumada, por no respetar la se\u00f1al Pare ubicada en dicha arteria.<\/p>\n<p>&#8211; <strong>\u00bfC\u00f3mo ocurri\u00f3 el accidente?<\/strong><\/p>\n<p>&#8211; Yo soy de Putaendo y resulta que vine a San Felipe en la moto y yo la verdad no me di cuenta si hab\u00eda o no un disco Pare en calle Abraham Ahumada, colision\u00e9 con un veh\u00edculo.<\/p>\n<p>&#8211; <strong>\u00bfA ra\u00edz del accidente usted result\u00f3 con lesiones graves?<\/strong><\/p>\n<p>&#8211; La lesi\u00f3n grave fue que me quebr\u00e9 la rodilla en la r\u00f3tula, me tuvieron que operar y ahora estoy con reposo. Primero estuve dos d\u00edas en el hospital de San Felipe y de ah\u00ed me mandaron a Los Andes y me llevaron a pabell\u00f3n y me dieron de alta este martes 24.<\/p>\n<p>&#8211; <strong>\u00bfEn estos momentos est\u00e1 sin trabajo?<\/strong><\/p>\n<p>&#8211; S\u00ed, estoy sin trabajo, y con esto que me pas\u00f3 jod\u00ed. Yo he trabajado en la construcci\u00f3n, estoy operado y todav\u00eda estoy con el yeso.<\/p>\n<p>&#8211; <strong>\u00bfCu\u00e1nto ser\u00eda el tiempo de recuperaci\u00f3n?<\/strong><\/p>\n<p>&#8211; Los m\u00e9dicos me dijeron que ser\u00eda como en dos meses.<\/p>\n<p>&#8211; <strong>\u00bfUd. vive con su familia?<\/strong><\/p>\n<p>&#8211; Yo vivo con mi hermano, tengo mi familia pero en estos momentos no est\u00e1n conmigo. Lo que me preocupa m\u00e1s es que yo tengo que pagar el hospital porque tengo tramo C y me sali\u00f3 muy alto por Fonasa, y tengo que pagarle al ni\u00f1o del veh\u00edculo los da\u00f1os del veh\u00edculo y me estaba cobrando como $225.000.<\/p>\n<p>&#8211; <strong>\u00bfDel Hospital cu\u00e1nto es lo que tiene que cancelar?<\/strong><\/p>\n<p>&#8211; Como $200.000 porque en pura cama que estuve me salieron $110.000 y ah\u00ed me sali\u00f3 parte de la operaci\u00f3n que yo ten\u00eda que ir a ver eso, y no pude porque no ten\u00eda la plata. Necesitar\u00eda como $500.000 para cancelar todo y quedar libre, porque de ah\u00ed tengo que pagar un parte. Nunca me ha gustado hacer esto a m\u00ed porque siempre he trabajado, pero estoy necesitado.<\/p>\n<p>Para quienes puedan ayudar con un aporte econ\u00f3mico en beneficio de don Pedro Gallardo Mu\u00f1oz, favor realizar una transferencia a la Cuenta RUT del Banco Estado:11517043, RUT: 11.517.043-0 o bien comunicarse directamente al tel\u00e9fono 968696914.<\/p>\n<p><strong>Pablo Salinas Sald\u00edas<\/strong><\/p>\n<p>&nbsp;<\/p>\n<figure id=\"attachment_96285\" aria-describedby=\"caption-attachment-96285\" style=\"width: 580px\" class=\"wp-caption alignnone\"><img data-recalc-dims=\"1\" loading=\"lazy\" decoding=\"async\" class=\"size-full wp-image-96285\" src=\"https:\/\/i0.wp.com\/www.eltrabajo.cl\/portal\/wp-content\/uploads\/2019\/12\/PEDRO-GALLARDO-MU%C3%91OZ-copia.jpg?resize=580%2C707\" alt=\"El vecino de Putaendo, Pedro Gallardo Mu\u00f1oz requiere ayuda de la comunidad tras sufrir un grave accidente en San Felipe.\" width=\"580\" height=\"707\" srcset=\"https:\/\/i0.wp.com\/eltrabajo.cl\/portal\/wp-content\/uploads\/2019\/12\/PEDRO-GALLARDO-MU%C3%91OZ-copia.jpg?w=580&amp;ssl=1 580w, https:\/\/i0.wp.com\/eltrabajo.cl\/portal\/wp-content\/uploads\/2019\/12\/PEDRO-GALLARDO-MU%C3%91OZ-copia.jpg?resize=246%2C300&amp;ssl=1 246w, https:\/\/i0.wp.com\/eltrabajo.cl\/portal\/wp-content\/uploads\/2019\/12\/PEDRO-GALLARDO-MU%C3%91OZ-copia.jpg?resize=123%2C150&amp;ssl=1 123w, https:\/\/i0.wp.com\/eltrabajo.cl\/portal\/wp-content\/uploads\/2019\/12\/PEDRO-GALLARDO-MU%C3%91OZ-copia.jpg?resize=400%2C488&amp;ssl=1 400w\" sizes=\"auto, (max-width: 580px) 100vw, 580px\" \/><figcaption id=\"caption-attachment-96285\" class=\"wp-caption-text\">El vecino de Putaendo, Pedro Gallardo Mu\u00f1oz requiere ayuda de la comunidad tras sufrir un grave accidente en San Felipe.<\/figcaption><\/figure>\n","protected":false},"excerpt":{"rendered":"<p>Para financiar gastos del Hospital y da\u00f1os por colisionar un veh\u00edculo: Pedro Gallardo Mu\u00f1oz se encuentra desempleado y se moviliza con la ayuda de sus muletas, tras sufrir una fractura en su&#8230;<\/p>\n","protected":false},"author":482,"featured_media":96286,"comment_status":"open","ping_status":"open","sticky":false,"template":"","format":"standard","meta":{"advanced_seo_description":"","jetpack_seo_html_title":"","jetpack_seo_noindex":false,"_jetpack_memberships_contains_paid_content":false,"footnotes":""},"categories":[15],"tags":[],"class_list":["post-96284","post","type-post","status-publish","format-standard","has-post-thumbnail","hentry","category-comunidad"],"jetpack_featured_media_url":"https:\/\/i0.wp.com\/eltrabajo.cl\/portal\/wp-content\/uploads\/2019\/12\/PEDRO-GALLARDO-MU%C3%91OZ.jpg?fit=580%2C359&ssl=1","jetpack_sharing_enabled":true,"jetpack_likes_enabled":true,"jetpack-related-posts":[],"_links":{"self":[{"href":"https:\/\/eltrabajo.cl\/portal\/wp-json\/wp\/v2\/posts\/96284","targetHints":{"allow":["GET"]}}],"collection":[{"href":"https:\/\/eltrabajo.cl\/portal\/wp-json\/wp\/v2\/posts"}],"about":[{"href":"https:\/\/eltrabajo.cl\/portal\/wp-json\/wp\/v2\/types\/post"}],"author":[{"embeddable":true,"href":"https:\/\/eltrabajo.cl\/portal\/wp-json\/wp\/v2\/users\/482"}],"replies":[{"embeddable":true,"href":"https:\/\/eltrabajo.cl\/portal\/wp-json\/wp\/v2\/comments?post=96284"}],"version-history":[{"count":0,"href":"https:\/\/eltrabajo.cl\/portal\/wp-json\/wp\/v2\/posts\/96284\/revisions"}],"wp:featuredmedia":[{"embeddable":true,"href":"https:\/\/eltrabajo.cl\/portal\/wp-json\/wp\/v2\/media\/96286"}],"wp:attachment":[{"href":"https:\/\/eltrabajo.cl\/portal\/wp-json\/wp\/v2\/media?parent=96284"}],"wp:term":[{"taxonomy":"category","embeddable":true,"href":"https:\/\/eltrabajo.cl\/portal\/wp-json\/wp\/v2\/categories?post=96284"},{"taxonomy":"post_tag","embeddable":true,"href":"https:\/\/eltrabajo.cl\/portal\/wp-json\/wp\/v2\/tags?post=96284"}],"curies":[{"name":"wp","href":"https:\/\/api.w.org\/{rel}","templated":true}]}}