{"id":96288,"date":"2019-12-30T02:15:56","date_gmt":"2019-12-30T05:15:56","guid":{"rendered":"http:\/\/www.eltrabajo.cl\/portal\/?p=96288"},"modified":"2019-12-30T02:15:56","modified_gmt":"2019-12-30T05:15:56","slug":"roban-dos-camiones-desde-taller-en-calle-tacna-de-san-felipe","status":"publish","type":"post","link":"https:\/\/eltrabajo.cl\/portal\/roban-dos-camiones-desde-taller-en-calle-tacna-de-san-felipe\/","title":{"rendered":"Roban dos camiones desde taller en calle Tacna de San Felipe"},"content":{"rendered":"<p><span style=\"color: #ff0000;\"><strong>Habr\u00edan golpeado y maniatado a cuidador la madrugada del s\u00e1bado:<\/strong><\/span><\/p>\n<ul>\n<li><strong>BAJADA: Uno de los camioneros afectados se entrevist\u00f3 con Diario El Trabajo para requerir a la comunidad en entregar cualquier informaci\u00f3n necesaria para lograr el paradero de los m\u00f3viles. El hecho fue denunciado ante Carabineros y la Polic\u00eda de Investigaciones de San Felipe.<\/strong><\/li>\n<\/ul>\n<p>Dos camiones fueron sustra\u00eddos por cuatro sujetos desde un taller ubicado en calle Tacna de San Felipe, donde aparentemente los delincuentes habr\u00edan golpeado y maniatado a un cuidador para lograr el cometido a eso de las 03:00 horas de este s\u00e1bado.<\/p>\n<p>En entrevista exclusiva de <strong>Diario El Trabajo<\/strong> con uno de los propietarios de los camiones robados, <strong>Roque Pizarro<\/strong> precis\u00f3 que los sujetos habr\u00edan planificado la sustracci\u00f3n de los pesados m\u00f3viles avaluados en $35 millones, logrando escapar con las especies sin conocerse hasta el momento sus paraderos, denunci\u00e1ndose el delito ante Carabineros y personal de la Polic\u00eda de Investigaciones.<\/p>\n<p>\u201cLos tipos llegaron cerca de las 03:00 horas, se nota que son de Santiago, porque llegaron en un veh\u00edculo de alta gama y llegaron con una gr\u00faa tambi\u00e9n. Se metieron al taller que est\u00e1 ubicado en calle Tacna s\/n cerca de la Departamental, es un taller donde guardo mis camiones. Estuvieron como una hora dentro y echaron a andar los camiones y se los llevaron, con destino desconocido. Yo fui a pedir ayuda a Carabineros a la PDI y en realidad no encuentro nada efectivo porque no me han ayudado en nada.<\/p>\n<p>&#8211; <strong>\u00bfSon dos camiones los sustra\u00eddos?<\/strong><\/p>\n<p>&#8211; S\u00ed, ese Mercedes Blanco es de don H\u00e9ctor Maureira y el otro es una tolva de color salm\u00f3n.<\/p>\n<p>&#8211; <strong>\u00bfCu\u00e1nto ser\u00eda el aval\u00fao de los camiones?<\/strong><\/p>\n<p>&#8211; Mi cami\u00f3n vale $35.000.000, no tengo GPS y hasta el momento no hemos sabido nada de los camiones. Le pedimos a Carabineros, a la PDI y a la gente que nos ayude en la b\u00fasqueda de esos camiones porque ese es el sustento que tenemos para ir a trabajar. Yo trabajo en el movimiento de tierra.<\/p>\n<p>&#8211; <strong>\u00bfHay un registro audiovisual del momento del robo?<\/strong><\/p>\n<p>&#8211; S\u00ed, tomamos la c\u00e1mara para saber a qu\u00e9 hora se los llevaron, es la c\u00e1mara de un negocio cercano.<\/p>\n<p>El entrevistado requiri\u00f3 a la comunidad en comunicar cualquier tipo de informaci\u00f3n de los camiones placa patente FJ HP \u2013 35 y ZK 46 20, al tel\u00e9fono: <strong>+56 993385997<\/strong>.<\/p>\n<p><strong>Pablo Salinas Sald\u00edas<\/strong><\/p>\n<p>&nbsp;<\/p>\n<figure id=\"attachment_96289\" aria-describedby=\"caption-attachment-96289\" style=\"width: 580px\" class=\"wp-caption alignnone\"><img data-recalc-dims=\"1\" loading=\"lazy\" decoding=\"async\" class=\"size-full wp-image-96289\" src=\"https:\/\/i0.wp.com\/www.eltrabajo.cl\/portal\/wp-content\/uploads\/2019\/12\/CAMION-BLANCO.jpg?resize=580%2C358\" alt=\"Este es el segundo cami\u00f3n robado la madrugada de este s\u00e1bado desde el taller ubicado en calle Tacna s\/n en San Felipe cercano a Villa Deparamental. El valor aproximado es de $25  millones.\" width=\"580\" height=\"358\" srcset=\"https:\/\/i0.wp.com\/eltrabajo.cl\/portal\/wp-content\/uploads\/2019\/12\/CAMION-BLANCO.jpg?w=580&amp;ssl=1 580w, https:\/\/i0.wp.com\/eltrabajo.cl\/portal\/wp-content\/uploads\/2019\/12\/CAMION-BLANCO.jpg?resize=300%2C185&amp;ssl=1 300w, https:\/\/i0.wp.com\/eltrabajo.cl\/portal\/wp-content\/uploads\/2019\/12\/CAMION-BLANCO.jpg?resize=200%2C123&amp;ssl=1 200w, https:\/\/i0.wp.com\/eltrabajo.cl\/portal\/wp-content\/uploads\/2019\/12\/CAMION-BLANCO.jpg?resize=243%2C150&amp;ssl=1 243w, https:\/\/i0.wp.com\/eltrabajo.cl\/portal\/wp-content\/uploads\/2019\/12\/CAMION-BLANCO.jpg?resize=400%2C247&amp;ssl=1 400w\" sizes=\"auto, (max-width: 580px) 100vw, 580px\" \/><figcaption id=\"caption-attachment-96289\" class=\"wp-caption-text\">Este es el segundo cami\u00f3n robado la madrugada de este s\u00e1bado desde el taller ubicado en calle Tacna s\/n en San Felipe cercano a Villa Deparamental. El valor aproximado es de $25 millones.<\/figcaption><\/figure>\n<p>&nbsp;<\/p>\n<figure id=\"attachment_96290\" aria-describedby=\"caption-attachment-96290\" style=\"width: 580px\" class=\"wp-caption alignnone\"><img data-recalc-dims=\"1\" loading=\"lazy\" decoding=\"async\" class=\"size-full wp-image-96290\" src=\"https:\/\/i0.wp.com\/www.eltrabajo.cl\/portal\/wp-content\/uploads\/2019\/12\/CAMION-TOLVA1.jpg?resize=580%2C746\" alt=\"Este es el cami\u00f3n de propiedad de don Roque Pizarro avaluado en $35.000.000.\" width=\"580\" height=\"746\" srcset=\"https:\/\/i0.wp.com\/eltrabajo.cl\/portal\/wp-content\/uploads\/2019\/12\/CAMION-TOLVA1.jpg?w=580&amp;ssl=1 580w, https:\/\/i0.wp.com\/eltrabajo.cl\/portal\/wp-content\/uploads\/2019\/12\/CAMION-TOLVA1.jpg?resize=233%2C300&amp;ssl=1 233w, https:\/\/i0.wp.com\/eltrabajo.cl\/portal\/wp-content\/uploads\/2019\/12\/CAMION-TOLVA1.jpg?resize=117%2C150&amp;ssl=1 117w, https:\/\/i0.wp.com\/eltrabajo.cl\/portal\/wp-content\/uploads\/2019\/12\/CAMION-TOLVA1.jpg?resize=400%2C514&amp;ssl=1 400w\" sizes=\"auto, (max-width: 580px) 100vw, 580px\" \/><figcaption id=\"caption-attachment-96290\" class=\"wp-caption-text\">Este es el cami\u00f3n de propiedad de don Roque Pizarro avaluado en $35.000.000.<\/figcaption><\/figure>\n","protected":false},"excerpt":{"rendered":"<p>Habr\u00edan golpeado y maniatado a cuidador la madrugada del s\u00e1bado: BAJADA: Uno de los camioneros afectados se entrevist\u00f3 con Diario El Trabajo para requerir a la comunidad en entregar cualquier informaci\u00f3n necesaria&#8230;<\/p>\n","protected":false},"author":482,"featured_media":96291,"comment_status":"open","ping_status":"open","sticky":false,"template":"","format":"standard","meta":{"advanced_seo_description":"","jetpack_seo_html_title":"","jetpack_seo_noindex":false,"_jetpack_memberships_contains_paid_content":false,"footnotes":""},"categories":[21],"tags":[],"class_list":["post-96288","post","type-post","status-publish","format-standard","has-post-thumbnail","hentry","category-policial"],"jetpack_featured_media_url":"https:\/\/i0.wp.com\/eltrabajo.cl\/portal\/wp-content\/uploads\/2019\/12\/portada-camiones.jpg?fit=580%2C359&ssl=1","jetpack_sharing_enabled":true,"jetpack_likes_enabled":true,"jetpack-related-posts":[],"_links":{"self":[{"href":"https:\/\/eltrabajo.cl\/portal\/wp-json\/wp\/v2\/posts\/96288","targetHints":{"allow":["GET"]}}],"collection":[{"href":"https:\/\/eltrabajo.cl\/portal\/wp-json\/wp\/v2\/posts"}],"about":[{"href":"https:\/\/eltrabajo.cl\/portal\/wp-json\/wp\/v2\/types\/post"}],"author":[{"embeddable":true,"href":"https:\/\/eltrabajo.cl\/portal\/wp-json\/wp\/v2\/users\/482"}],"replies":[{"embeddable":true,"href":"https:\/\/eltrabajo.cl\/portal\/wp-json\/wp\/v2\/comments?post=96288"}],"version-history":[{"count":0,"href":"https:\/\/eltrabajo.cl\/portal\/wp-json\/wp\/v2\/posts\/96288\/revisions"}],"wp:featuredmedia":[{"embeddable":true,"href":"https:\/\/eltrabajo.cl\/portal\/wp-json\/wp\/v2\/media\/96291"}],"wp:attachment":[{"href":"https:\/\/eltrabajo.cl\/portal\/wp-json\/wp\/v2\/media?parent=96288"}],"wp:term":[{"taxonomy":"category","embeddable":true,"href":"https:\/\/eltrabajo.cl\/portal\/wp-json\/wp\/v2\/categories?post=96288"},{"taxonomy":"post_tag","embeddable":true,"href":"https:\/\/eltrabajo.cl\/portal\/wp-json\/wp\/v2\/tags?post=96288"}],"curies":[{"name":"wp","href":"https:\/\/api.w.org\/{rel}","templated":true}]}}