{"id":96294,"date":"2019-12-31T05:02:08","date_gmt":"2019-12-31T08:02:08","guid":{"rendered":"http:\/\/www.eltrabajo.cl\/portal\/?p=96294"},"modified":"2019-12-30T22:03:27","modified_gmt":"2019-12-31T01:03:27","slug":"pequenas-realizaron-muestra-de-fin-de-ano-en-cancha-de-poblacion-la-santita","status":"publish","type":"post","link":"https:\/\/eltrabajo.cl\/portal\/pequenas-realizaron-muestra-de-fin-de-ano-en-cancha-de-poblacion-la-santita\/","title":{"rendered":"Peque\u00f1as realizaron muestra de fin de a\u00f1o en cancha de Poblaci\u00f3n La Santita"},"content":{"rendered":"<p><span style=\"color: #ff0000;\"><strong>Club de patinaje \u2018Patinarte\u2019:<\/strong><\/span><\/p>\n<p>Este viernes el Club de Patinaje \u2018Patinarte\u2019 realiz\u00f3 una muestra del trabajo que han venido desarrollando en estos tres meses de funcionamiento. La actividad se llev\u00f3 a efecto en la cancha de la Poblaci\u00f3n La Santita, lugar donde funcionan con normalidad.<\/p>\n<p>Una de las fundadoras del club, <strong>Elsa Espinoza<\/strong>, dijo a nuestro medio lo siguiente: <em>\u201cMira nosotros en este minuto estamos trabajando con el Club Santos de la Villa La Santita, tenemos un grupo de ocho peque\u00f1as y esperamos seguir creciendo con la rama de deportes de patinaje; son peque\u00f1as que est\u00e1n desde los 4 hasta los 14 a\u00f1os actualmente y esperamos seguir creciendo\u201d.<\/em><\/p>\n<p>&#8211; <strong>\u00bfQu\u00e9 es lo que realizan ustedes?<\/strong><\/p>\n<p>&#8211; En el fondo lo que queremos es que sea una actividad distractiva para las ni\u00f1as, para que no est\u00e9n en sus casas especialmente ahora en la \u00e9poca de verano, en que se pueden entretener, desarrollar ciertos valores y adem\u00e1s la rama del deporte como tal, pero en este minuto es formativo porque son muy peque\u00f1itas, que est\u00e1n reci\u00e9n partiendo, entonces principalmente es formativo lo que tenemos actualmente.<\/p>\n<p>&#8211; <strong>\u00bfC\u00f3mo surge esto?<\/strong><\/p>\n<p>&#8211; Inicialmente fuimos cuatro apoderados que ten\u00edamos inquietudes de que las ni\u00f1as estuvieran haciendo deportes, de ah\u00ed empezamos a sumar m\u00e1s apoderados para que siguieran en esta rama. De ah\u00ed que necesit\u00e1bamos una cancha, as\u00ed es que vinimos a hablar aqu\u00ed con los vecinos de la Villa La Santita y result\u00f3 esto s\u00faper bien, porque ellos nos acogieron, nos han brindado su apoyo, est\u00e1n en los entrenamientos y ahora est\u00e1n en esta peque\u00f1a muestra.<\/p>\n<p>El club lleva trabajando tres meses y esperan para el mes de mayo de 2020 hacer una muestra grande, exponiendo todos los avances.<\/p>\n<p>Reconocer que a pesar del poco tiempo les ha ido bien. Tienen una entrenadora que tiene mucha experiencia. Viene de Santiago. Se trata de Elizabeth Starner, dijo Elsa Espinoza, quien por lo mismo dijo que <em>\u201centonces creemos que lo estamos haciendo bien, tenemos el apoyo de los vecinos, del club deportivo y esperamos crecer\u201d<\/em>.<\/p>\n<p>Al finalizar, Elsa Espinoza realiz\u00f3 una invitaci\u00f3n a todas las ni\u00f1as de San Felipe interesadas en participar, <em>\u201cpara que vengan, nos apoyen, las ni\u00f1as tienen que hacer deporte, tienen que tener actividad sana, aqu\u00ed nosotros tratamos de inculcarle la vida saludable, le hacemos colaciones normalmente que sean saludables, es todo un concepto de la vida sana y saludable, vemos una bonita instancia aqu\u00ed para comenzar a transmitir a los ni\u00f1os\u201d,<\/em> \u00a0se\u00f1al\u00f3.<\/p>\n<p>El Club de Patinaje \u2018Patinarte\u2019 funciona los d\u00edas viernes desde las 19:00 a 21:00 horas, y los d\u00edas s\u00e1bado de 09:00 a 11:00 horas. El valor de la inscripci\u00f3n es de 25 mil pesos, pero el pr\u00f3ximo a\u00f1o esperan tener proyectos, postularlos para que ese valor vaya bajando, porque entienden que tiene que ser al alcance de todos.<\/p>\n<p>&nbsp;<\/p>\n<figure id=\"attachment_96299\" aria-describedby=\"caption-attachment-96299\" style=\"width: 580px\" class=\"wp-caption alignnone\"><img data-recalc-dims=\"1\" loading=\"lazy\" decoding=\"async\" class=\"size-full wp-image-96299\" src=\"https:\/\/i0.wp.com\/www.eltrabajo.cl\/portal\/wp-content\/uploads\/2019\/12\/patinarte-15.-Total-9-Patinadoras-y-4-invitadas.jpg?resize=580%2C360\" alt=\"En la muestra participaron en total 13 patinadoras, nueve de ellas pertenecientes al club y cuatro que fueron invitadas.\" width=\"580\" height=\"360\" srcset=\"https:\/\/i0.wp.com\/eltrabajo.cl\/portal\/wp-content\/uploads\/2019\/12\/patinarte-15.-Total-9-Patinadoras-y-4-invitadas.jpg?w=580&amp;ssl=1 580w, https:\/\/i0.wp.com\/eltrabajo.cl\/portal\/wp-content\/uploads\/2019\/12\/patinarte-15.-Total-9-Patinadoras-y-4-invitadas.jpg?resize=300%2C186&amp;ssl=1 300w, https:\/\/i0.wp.com\/eltrabajo.cl\/portal\/wp-content\/uploads\/2019\/12\/patinarte-15.-Total-9-Patinadoras-y-4-invitadas.jpg?resize=200%2C124&amp;ssl=1 200w, https:\/\/i0.wp.com\/eltrabajo.cl\/portal\/wp-content\/uploads\/2019\/12\/patinarte-15.-Total-9-Patinadoras-y-4-invitadas.jpg?resize=242%2C150&amp;ssl=1 242w, https:\/\/i0.wp.com\/eltrabajo.cl\/portal\/wp-content\/uploads\/2019\/12\/patinarte-15.-Total-9-Patinadoras-y-4-invitadas.jpg?resize=400%2C248&amp;ssl=1 400w\" sizes=\"auto, (max-width: 580px) 100vw, 580px\" \/><figcaption id=\"caption-attachment-96299\" class=\"wp-caption-text\">En la muestra participaron en total 13 patinadoras, nueve de ellas pertenecientes al club y cuatro que fueron invitadas.<\/figcaption><\/figure>\n<p>&nbsp;<\/p>\n<figure id=\"attachment_96295\" aria-describedby=\"caption-attachment-96295\" style=\"width: 580px\" class=\"wp-caption alignnone\"><img data-recalc-dims=\"1\" loading=\"lazy\" decoding=\"async\" class=\"size-full wp-image-96295\" src=\"https:\/\/i0.wp.com\/www.eltrabajo.cl\/portal\/wp-content\/uploads\/2019\/12\/patinarte-2.-Vecinos-y-comunidad-reuniendose.jpg?resize=580%2C360\" alt=\"Los vecinos que siempre han apoyado el funcionamiento del club de patinaje disfrutaron felices del espect\u00e1culo.\" width=\"580\" height=\"360\" srcset=\"https:\/\/i0.wp.com\/eltrabajo.cl\/portal\/wp-content\/uploads\/2019\/12\/patinarte-2.-Vecinos-y-comunidad-reuniendose.jpg?w=580&amp;ssl=1 580w, https:\/\/i0.wp.com\/eltrabajo.cl\/portal\/wp-content\/uploads\/2019\/12\/patinarte-2.-Vecinos-y-comunidad-reuniendose.jpg?resize=300%2C186&amp;ssl=1 300w, https:\/\/i0.wp.com\/eltrabajo.cl\/portal\/wp-content\/uploads\/2019\/12\/patinarte-2.-Vecinos-y-comunidad-reuniendose.jpg?resize=200%2C124&amp;ssl=1 200w, https:\/\/i0.wp.com\/eltrabajo.cl\/portal\/wp-content\/uploads\/2019\/12\/patinarte-2.-Vecinos-y-comunidad-reuniendose.jpg?resize=242%2C150&amp;ssl=1 242w, https:\/\/i0.wp.com\/eltrabajo.cl\/portal\/wp-content\/uploads\/2019\/12\/patinarte-2.-Vecinos-y-comunidad-reuniendose.jpg?resize=400%2C248&amp;ssl=1 400w\" sizes=\"auto, (max-width: 580px) 100vw, 580px\" \/><figcaption id=\"caption-attachment-96295\" class=\"wp-caption-text\">Los vecinos que siempre han apoyado el funcionamiento del club de patinaje disfrutaron felices del espect\u00e1culo.<\/figcaption><\/figure>\n<p>&nbsp;<\/p>\n<figure id=\"attachment_96297\" aria-describedby=\"caption-attachment-96297\" style=\"width: 580px\" class=\"wp-caption alignnone\"><img data-recalc-dims=\"1\" loading=\"lazy\" decoding=\"async\" class=\"size-full wp-image-96297\" src=\"https:\/\/i0.wp.com\/www.eltrabajo.cl\/portal\/wp-content\/uploads\/2019\/12\/patinarte-10-Todas-1.jpg?resize=580%2C360\" alt=\"Las alumnas mostraron toda su destreza adquirida durante estos meses de pr\u00e1ctica.\" width=\"580\" height=\"360\" srcset=\"https:\/\/i0.wp.com\/eltrabajo.cl\/portal\/wp-content\/uploads\/2019\/12\/patinarte-10-Todas-1.jpg?w=580&amp;ssl=1 580w, https:\/\/i0.wp.com\/eltrabajo.cl\/portal\/wp-content\/uploads\/2019\/12\/patinarte-10-Todas-1.jpg?resize=300%2C186&amp;ssl=1 300w, https:\/\/i0.wp.com\/eltrabajo.cl\/portal\/wp-content\/uploads\/2019\/12\/patinarte-10-Todas-1.jpg?resize=200%2C124&amp;ssl=1 200w, https:\/\/i0.wp.com\/eltrabajo.cl\/portal\/wp-content\/uploads\/2019\/12\/patinarte-10-Todas-1.jpg?resize=242%2C150&amp;ssl=1 242w, https:\/\/i0.wp.com\/eltrabajo.cl\/portal\/wp-content\/uploads\/2019\/12\/patinarte-10-Todas-1.jpg?resize=400%2C248&amp;ssl=1 400w\" sizes=\"auto, (max-width: 580px) 100vw, 580px\" \/><figcaption id=\"caption-attachment-96297\" class=\"wp-caption-text\">Las alumnas mostraron toda su destreza adquirida durante estos meses de pr\u00e1ctica.<\/figcaption><\/figure>\n<p>&nbsp;<\/p>\n<figure id=\"attachment_96300\" aria-describedby=\"caption-attachment-96300\" style=\"width: 580px\" class=\"wp-caption alignnone\"><img data-recalc-dims=\"1\" loading=\"lazy\" decoding=\"async\" class=\"size-full wp-image-96300\" src=\"https:\/\/i0.wp.com\/www.eltrabajo.cl\/portal\/wp-content\/uploads\/2019\/12\/patinarte-16.-Patinadoras-mas-Directiva-Club-Deportivo-SANTOS.jpg?resize=580%2C310\" alt=\"En la imagen las protagonistas de la muestra junto a la directiva del Club Santos.\" width=\"580\" height=\"310\" srcset=\"https:\/\/i0.wp.com\/eltrabajo.cl\/portal\/wp-content\/uploads\/2019\/12\/patinarte-16.-Patinadoras-mas-Directiva-Club-Deportivo-SANTOS.jpg?w=580&amp;ssl=1 580w, https:\/\/i0.wp.com\/eltrabajo.cl\/portal\/wp-content\/uploads\/2019\/12\/patinarte-16.-Patinadoras-mas-Directiva-Club-Deportivo-SANTOS.jpg?resize=300%2C160&amp;ssl=1 300w, https:\/\/i0.wp.com\/eltrabajo.cl\/portal\/wp-content\/uploads\/2019\/12\/patinarte-16.-Patinadoras-mas-Directiva-Club-Deportivo-SANTOS.jpg?resize=200%2C107&amp;ssl=1 200w, https:\/\/i0.wp.com\/eltrabajo.cl\/portal\/wp-content\/uploads\/2019\/12\/patinarte-16.-Patinadoras-mas-Directiva-Club-Deportivo-SANTOS.jpg?resize=281%2C150&amp;ssl=1 281w, https:\/\/i0.wp.com\/eltrabajo.cl\/portal\/wp-content\/uploads\/2019\/12\/patinarte-16.-Patinadoras-mas-Directiva-Club-Deportivo-SANTOS.jpg?resize=400%2C214&amp;ssl=1 400w\" sizes=\"auto, (max-width: 580px) 100vw, 580px\" \/><figcaption id=\"caption-attachment-96300\" class=\"wp-caption-text\">En la imagen las protagonistas de la muestra junto a la directiva del Club Santos.<\/figcaption><\/figure>\n<p>&nbsp;<\/p>\n<figure id=\"attachment_96296\" aria-describedby=\"caption-attachment-96296\" style=\"width: 580px\" class=\"wp-caption alignnone\"><img data-recalc-dims=\"1\" loading=\"lazy\" decoding=\"async\" class=\"size-full wp-image-96296\" src=\"https:\/\/i0.wp.com\/www.eltrabajo.cl\/portal\/wp-content\/uploads\/2019\/12\/patinarte-7.-Elena-Tapia-7-a%C3%B1os.jpg?resize=580%2C536\" alt=\"Elena Tapia, de solo 7 a\u00f1os de edad, patinadora del club, mostrando lo que ha aprendido.\" width=\"580\" height=\"536\" srcset=\"https:\/\/i0.wp.com\/eltrabajo.cl\/portal\/wp-content\/uploads\/2019\/12\/patinarte-7.-Elena-Tapia-7-a%C3%B1os.jpg?w=580&amp;ssl=1 580w, https:\/\/i0.wp.com\/eltrabajo.cl\/portal\/wp-content\/uploads\/2019\/12\/patinarte-7.-Elena-Tapia-7-a%C3%B1os.jpg?resize=300%2C277&amp;ssl=1 300w, https:\/\/i0.wp.com\/eltrabajo.cl\/portal\/wp-content\/uploads\/2019\/12\/patinarte-7.-Elena-Tapia-7-a%C3%B1os.jpg?resize=162%2C150&amp;ssl=1 162w, https:\/\/i0.wp.com\/eltrabajo.cl\/portal\/wp-content\/uploads\/2019\/12\/patinarte-7.-Elena-Tapia-7-a%C3%B1os.jpg?resize=400%2C370&amp;ssl=1 400w\" sizes=\"auto, (max-width: 580px) 100vw, 580px\" \/><figcaption id=\"caption-attachment-96296\" class=\"wp-caption-text\">Elena Tapia, de solo 7 a\u00f1os de edad, patinadora del club, mostrando lo que ha aprendido.<\/figcaption><\/figure>\n<p>&nbsp;<\/p>\n","protected":false},"excerpt":{"rendered":"<p>Club de patinaje \u2018Patinarte\u2019: Este viernes el Club de Patinaje \u2018Patinarte\u2019 realiz\u00f3 una muestra del trabajo que han venido desarrollando en estos tres meses de funcionamiento. La actividad se llev\u00f3 a efecto&#8230;<\/p>\n","protected":false},"author":482,"featured_media":96297,"comment_status":"open","ping_status":"open","sticky":false,"template":"","format":"standard","meta":{"advanced_seo_description":"","jetpack_seo_html_title":"","jetpack_seo_noindex":false,"_jetpack_memberships_contains_paid_content":false,"footnotes":""},"categories":[15],"tags":[],"class_list":["post-96294","post","type-post","status-publish","format-standard","has-post-thumbnail","hentry","category-comunidad"],"jetpack_featured_media_url":"https:\/\/i0.wp.com\/eltrabajo.cl\/portal\/wp-content\/uploads\/2019\/12\/patinarte-10-Todas-1.jpg?fit=580%2C360&ssl=1","jetpack_sharing_enabled":true,"jetpack_likes_enabled":true,"jetpack-related-posts":[],"_links":{"self":[{"href":"https:\/\/eltrabajo.cl\/portal\/wp-json\/wp\/v2\/posts\/96294","targetHints":{"allow":["GET"]}}],"collection":[{"href":"https:\/\/eltrabajo.cl\/portal\/wp-json\/wp\/v2\/posts"}],"about":[{"href":"https:\/\/eltrabajo.cl\/portal\/wp-json\/wp\/v2\/types\/post"}],"author":[{"embeddable":true,"href":"https:\/\/eltrabajo.cl\/portal\/wp-json\/wp\/v2\/users\/482"}],"replies":[{"embeddable":true,"href":"https:\/\/eltrabajo.cl\/portal\/wp-json\/wp\/v2\/comments?post=96294"}],"version-history":[{"count":0,"href":"https:\/\/eltrabajo.cl\/portal\/wp-json\/wp\/v2\/posts\/96294\/revisions"}],"wp:featuredmedia":[{"embeddable":true,"href":"https:\/\/eltrabajo.cl\/portal\/wp-json\/wp\/v2\/media\/96297"}],"wp:attachment":[{"href":"https:\/\/eltrabajo.cl\/portal\/wp-json\/wp\/v2\/media?parent=96294"}],"wp:term":[{"taxonomy":"category","embeddable":true,"href":"https:\/\/eltrabajo.cl\/portal\/wp-json\/wp\/v2\/categories?post=96294"},{"taxonomy":"post_tag","embeddable":true,"href":"https:\/\/eltrabajo.cl\/portal\/wp-json\/wp\/v2\/tags?post=96294"}],"curies":[{"name":"wp","href":"https:\/\/api.w.org\/{rel}","templated":true}]}}