{"id":96309,"date":"2019-12-31T05:04:27","date_gmt":"2019-12-31T08:04:27","guid":{"rendered":"http:\/\/www.eltrabajo.cl\/portal\/?p=96309"},"modified":"2019-12-30T22:11:46","modified_gmt":"2019-12-31T01:11:46","slug":"ninas-del-star-dance-san-felipe-regresan-con-copas-medallas-y-trofeos","status":"publish","type":"post","link":"https:\/\/eltrabajo.cl\/portal\/ninas-del-star-dance-san-felipe-regresan-con-copas-medallas-y-trofeos\/","title":{"rendered":"Ni\u00f1as del Star Dance San Felipe regresan con copas, medallas y trofeos"},"content":{"rendered":"<p><span style=\"color: #ff0000;\"><strong>Torneo Intense Dance, en el Teatro Telet\u00f3n de Santiago:<\/strong><\/span><\/p>\n<p>Con triunfos deportivos y muchos aplausos cierran el a\u00f1o 2019 las catorce ni\u00f1as estudiantes del Liceo Corina Urbina que participaron como <strong><em>Equipo de Danza Star Dance<\/em><\/strong> en el Torneo Intense Dance, realizando en el Teatro Telet\u00f3n de Santiago, las ni\u00f1as y j\u00f3venes cursan entre 7\u00ba b\u00e1sico a 4\u00ba medio, y presentaron en este certamen cinco coreograf\u00edas, obteniendo los siguientes resultados:<\/p>\n<p>1\u00ba lugar Equipo Jazz; 2\u00ba lugar Equipo Pomp\u00f3n; 2\u00ba lugar D\u00fao Pomp\u00f3n; 2\u00ba lugar S\u00f3lo Jazz, y 1\u00ba lugar D\u00fao Jazz, haci\u00e9ndose acreedoras a una beca de perfeccionamiento en Estados Unidos para julio de 2020.<\/p>\n<p>\u00ab<em>Estoy como profesora de danza muy contenta con estos resultados, ellas como deportistas tambi\u00e9n han evolucionado cada d\u00eda m\u00e1s, esperamos que este 2020 sea de lo mejor para nuestro liceo y logremos m\u00e1s trofeos y medallas, felicitar a cada una de las chicas, se esforzaron mucho y recibieron el justo medallaje en este importante torneo<\/em>\u00bb, coment\u00f3 a <strong>Diario El Trabajo<\/strong> la profesora a cargo del Star Dance, <strong>Teresa Cordero<\/strong>.<\/p>\n<p><strong>Roberto Gonz\u00e1lez Short<\/strong><\/p>\n<p>&nbsp;<\/p>\n<figure id=\"attachment_96312\" aria-describedby=\"caption-attachment-96312\" style=\"width: 580px\" class=\"wp-caption alignnone\"><img data-recalc-dims=\"1\" loading=\"lazy\" decoding=\"async\" class=\"size-full wp-image-96312\" src=\"https:\/\/i0.wp.com\/www.eltrabajo.cl\/portal\/wp-content\/uploads\/2019\/12\/Dance1.jpg?resize=580%2C360\" alt=\"NUESTRAS ESTRELLAS.- Ellas son la mayor\u00eda del Equipo Star Dance del Liceo Corina Urbina de San Felipe, tocando las estrellas.\" width=\"580\" height=\"360\" srcset=\"https:\/\/i0.wp.com\/eltrabajo.cl\/portal\/wp-content\/uploads\/2019\/12\/Dance1.jpg?w=580&amp;ssl=1 580w, https:\/\/i0.wp.com\/eltrabajo.cl\/portal\/wp-content\/uploads\/2019\/12\/Dance1.jpg?resize=300%2C186&amp;ssl=1 300w, https:\/\/i0.wp.com\/eltrabajo.cl\/portal\/wp-content\/uploads\/2019\/12\/Dance1.jpg?resize=200%2C124&amp;ssl=1 200w, https:\/\/i0.wp.com\/eltrabajo.cl\/portal\/wp-content\/uploads\/2019\/12\/Dance1.jpg?resize=242%2C150&amp;ssl=1 242w, https:\/\/i0.wp.com\/eltrabajo.cl\/portal\/wp-content\/uploads\/2019\/12\/Dance1.jpg?resize=400%2C248&amp;ssl=1 400w\" sizes=\"auto, (max-width: 580px) 100vw, 580px\" \/><figcaption id=\"caption-attachment-96312\" class=\"wp-caption-text\">NUESTRAS ESTRELLAS.- Ellas son la mayor\u00eda del Equipo Star Dance del Liceo Corina Urbina de San Felipe, tocando las estrellas.<\/figcaption><\/figure>\n<p>&nbsp;<\/p>\n<figure id=\"attachment_96311\" aria-describedby=\"caption-attachment-96311\" style=\"width: 580px\" class=\"wp-caption alignnone\"><img data-recalc-dims=\"1\" loading=\"lazy\" decoding=\"async\" class=\"size-full wp-image-96311\" src=\"https:\/\/i0.wp.com\/www.eltrabajo.cl\/portal\/wp-content\/uploads\/2019\/12\/Dance_Teresa-Cordero.jpg?resize=580%2C619\" alt=\"Profesora a cargo del Star Dance, Teresa Cordero.\" width=\"580\" height=\"619\" srcset=\"https:\/\/i0.wp.com\/eltrabajo.cl\/portal\/wp-content\/uploads\/2019\/12\/Dance_Teresa-Cordero.jpg?w=580&amp;ssl=1 580w, https:\/\/i0.wp.com\/eltrabajo.cl\/portal\/wp-content\/uploads\/2019\/12\/Dance_Teresa-Cordero.jpg?resize=281%2C300&amp;ssl=1 281w, https:\/\/i0.wp.com\/eltrabajo.cl\/portal\/wp-content\/uploads\/2019\/12\/Dance_Teresa-Cordero.jpg?resize=141%2C150&amp;ssl=1 141w, https:\/\/i0.wp.com\/eltrabajo.cl\/portal\/wp-content\/uploads\/2019\/12\/Dance_Teresa-Cordero.jpg?resize=400%2C427&amp;ssl=1 400w\" sizes=\"auto, (max-width: 580px) 100vw, 580px\" \/><figcaption id=\"caption-attachment-96311\" class=\"wp-caption-text\">Profesora a cargo del Star Dance, Teresa Cordero.<\/figcaption><\/figure>\n<p>&nbsp;<\/p>\n<figure id=\"attachment_96313\" aria-describedby=\"caption-attachment-96313\" style=\"width: 580px\" class=\"wp-caption alignnone\"><img data-recalc-dims=\"1\" loading=\"lazy\" decoding=\"async\" class=\"size-full wp-image-96313\" src=\"https:\/\/i0.wp.com\/www.eltrabajo.cl\/portal\/wp-content\/uploads\/2019\/12\/Dance2.jpg?resize=580%2C683\" alt=\"BECADAS AL EXTERIOR.- Aqu\u00ed vemos a las m\u00e1s peque\u00f1itas con su diploma y beca, por ganar en Dobles Mayor.\" width=\"580\" height=\"683\" srcset=\"https:\/\/i0.wp.com\/eltrabajo.cl\/portal\/wp-content\/uploads\/2019\/12\/Dance2.jpg?w=580&amp;ssl=1 580w, https:\/\/i0.wp.com\/eltrabajo.cl\/portal\/wp-content\/uploads\/2019\/12\/Dance2.jpg?resize=255%2C300&amp;ssl=1 255w, https:\/\/i0.wp.com\/eltrabajo.cl\/portal\/wp-content\/uploads\/2019\/12\/Dance2.jpg?resize=127%2C150&amp;ssl=1 127w, https:\/\/i0.wp.com\/eltrabajo.cl\/portal\/wp-content\/uploads\/2019\/12\/Dance2.jpg?resize=400%2C471&amp;ssl=1 400w\" sizes=\"auto, (max-width: 580px) 100vw, 580px\" \/><figcaption id=\"caption-attachment-96313\" class=\"wp-caption-text\">BECADAS AL EXTERIOR.- Aqu\u00ed vemos a las m\u00e1s peque\u00f1itas con su diploma y beca, por ganar en Dobles Mayor.<\/figcaption><\/figure>\n<p>&nbsp;<\/p>\n<figure id=\"attachment_96310\" aria-describedby=\"caption-attachment-96310\" style=\"width: 580px\" class=\"wp-caption alignnone\"><img data-recalc-dims=\"1\" loading=\"lazy\" decoding=\"async\" class=\"size-full wp-image-96310\" src=\"https:\/\/i0.wp.com\/www.eltrabajo.cl\/portal\/wp-content\/uploads\/2019\/12\/Dance_Nataly-Araya-y-Jevenett-Collao.jpg?resize=580%2C757\" alt=\"CON LUZ PROPIA.- Nataly Araya y Jevenett Collao tambi\u00e9n se lucieron en grande en este importante torneo nacional.\" width=\"580\" height=\"757\" srcset=\"https:\/\/i0.wp.com\/eltrabajo.cl\/portal\/wp-content\/uploads\/2019\/12\/Dance_Nataly-Araya-y-Jevenett-Collao.jpg?w=580&amp;ssl=1 580w, https:\/\/i0.wp.com\/eltrabajo.cl\/portal\/wp-content\/uploads\/2019\/12\/Dance_Nataly-Araya-y-Jevenett-Collao.jpg?resize=230%2C300&amp;ssl=1 230w, https:\/\/i0.wp.com\/eltrabajo.cl\/portal\/wp-content\/uploads\/2019\/12\/Dance_Nataly-Araya-y-Jevenett-Collao.jpg?resize=115%2C150&amp;ssl=1 115w, https:\/\/i0.wp.com\/eltrabajo.cl\/portal\/wp-content\/uploads\/2019\/12\/Dance_Nataly-Araya-y-Jevenett-Collao.jpg?resize=400%2C522&amp;ssl=1 400w\" sizes=\"auto, (max-width: 580px) 100vw, 580px\" \/><figcaption id=\"caption-attachment-96310\" class=\"wp-caption-text\">CON LUZ PROPIA.- Nataly Araya y Jevenett Collao tambi\u00e9n se lucieron en grande en este importante torneo nacional.<\/figcaption><\/figure>\n<p>&nbsp;<\/p>\n","protected":false},"excerpt":{"rendered":"<p>Torneo Intense Dance, en el Teatro Telet\u00f3n de Santiago: Con triunfos deportivos y muchos aplausos cierran el a\u00f1o 2019 las catorce ni\u00f1as estudiantes del Liceo Corina Urbina que participaron como Equipo de&#8230;<\/p>\n","protected":false},"author":482,"featured_media":96312,"comment_status":"open","ping_status":"open","sticky":false,"template":"","format":"standard","meta":{"advanced_seo_description":"","jetpack_seo_html_title":"","jetpack_seo_noindex":false,"_jetpack_memberships_contains_paid_content":false,"footnotes":""},"categories":[15],"tags":[],"class_list":["post-96309","post","type-post","status-publish","format-standard","has-post-thumbnail","hentry","category-comunidad"],"jetpack_featured_media_url":"https:\/\/i0.wp.com\/eltrabajo.cl\/portal\/wp-content\/uploads\/2019\/12\/Dance1.jpg?fit=580%2C360&ssl=1","jetpack_sharing_enabled":true,"jetpack_likes_enabled":true,"jetpack-related-posts":[],"_links":{"self":[{"href":"https:\/\/eltrabajo.cl\/portal\/wp-json\/wp\/v2\/posts\/96309","targetHints":{"allow":["GET"]}}],"collection":[{"href":"https:\/\/eltrabajo.cl\/portal\/wp-json\/wp\/v2\/posts"}],"about":[{"href":"https:\/\/eltrabajo.cl\/portal\/wp-json\/wp\/v2\/types\/post"}],"author":[{"embeddable":true,"href":"https:\/\/eltrabajo.cl\/portal\/wp-json\/wp\/v2\/users\/482"}],"replies":[{"embeddable":true,"href":"https:\/\/eltrabajo.cl\/portal\/wp-json\/wp\/v2\/comments?post=96309"}],"version-history":[{"count":0,"href":"https:\/\/eltrabajo.cl\/portal\/wp-json\/wp\/v2\/posts\/96309\/revisions"}],"wp:featuredmedia":[{"embeddable":true,"href":"https:\/\/eltrabajo.cl\/portal\/wp-json\/wp\/v2\/media\/96312"}],"wp:attachment":[{"href":"https:\/\/eltrabajo.cl\/portal\/wp-json\/wp\/v2\/media?parent=96309"}],"wp:term":[{"taxonomy":"category","embeddable":true,"href":"https:\/\/eltrabajo.cl\/portal\/wp-json\/wp\/v2\/categories?post=96309"},{"taxonomy":"post_tag","embeddable":true,"href":"https:\/\/eltrabajo.cl\/portal\/wp-json\/wp\/v2\/tags?post=96309"}],"curies":[{"name":"wp","href":"https:\/\/api.w.org\/{rel}","templated":true}]}}