{"id":96318,"date":"2019-12-31T05:06:33","date_gmt":"2019-12-31T08:06:33","guid":{"rendered":"http:\/\/www.eltrabajo.cl\/portal\/?p=96318"},"modified":"2019-12-30T22:17:13","modified_gmt":"2019-12-31T01:17:13","slug":"hoy-se-acaba-2019-y-muchos-tienen-expresaron-su-esperanza-de-un-mejor-2020","status":"publish","type":"post","link":"https:\/\/eltrabajo.cl\/portal\/hoy-se-acaba-2019-y-muchos-tienen-expresaron-su-esperanza-de-un-mejor-2020\/","title":{"rendered":"Hoy se acaba 2019 y muchos tienen expresaron su esperanza de un mejor 2020"},"content":{"rendered":"<p><span style=\"color: #ff0000;\"><strong>Saqueos, sentencias, incendios y muchas protestas:<\/strong><\/span><\/p>\n<p>Hoy se acaba el convulso a\u00f1o 2019. A muchos les fue bien, a otros no tanto. Mientras nuevos supermercados llegan a instalarse en nuestra comuna, por otra parte empresas centenarias como Conservera Pentzke cierran en n\u00fameros rojos, no importa cu\u00e1nto ni c\u00f3mo, 2019 ser\u00e1 para la presente generaci\u00f3n un a\u00f1o para recordar. Tambi\u00e9n su \u00faltimo trimestre lleno de barricadas y masivas protestas en todo el pa\u00eds.<\/p>\n<p>&nbsp;<\/p>\n<p><span style=\"color: #ff0000;\"><strong>DESPIDEN EL A\u00d1O<\/strong><\/span><\/p>\n<p>Esperando conocer c\u00f3mo despiden el a\u00f1o y qu\u00e9 esperan de 2020, conversamos ayer lunes con varios sanfelipe\u00f1os, vemos qu\u00e9 opinan a continuaci\u00f3n.<\/p>\n<p>&#8211; <strong>Manuel Cort\u00e9s, comerciante<\/strong>: <em>\u00abEste 2019 me trat\u00f3 regular, hay mucha competencia en la calle, mucha gente vendiendo bebidas como yo. Espero que el 2020 sea mejor, ojala se acabe la sequ\u00eda y mejoren mis ventas\u00bb.<\/em><\/p>\n<p>&#8211; <strong>Ver\u00f3nica Ar\u00e9valo Gonz\u00e1lez, ama de casa<\/strong>: <em>\u00abUn a\u00f1o 2019 bueno para m\u00ed y mi familia, tuvimos trabajo y salud. Espero para 2020 lo mismo y menos protestas\u00bb.<\/em><\/p>\n<p>&#8211; <strong>Francisco Fuentes, monta\u00f1ista<\/strong>: <em>\u00abEn este 2019 me fue bien, particip\u00e9 pac\u00edficamente en las marchas, evit\u00e9 los disturbios y tuve buena salud y trabajo. Para 2020 espero que se cambie esta constituci\u00f3n y tener salud y trabajo\u00bb.<\/em><\/p>\n<p>&#8211; <strong>Luis Castro, pensionado<\/strong>: <em>\u00abTuve un 2019 tranquilo, no me afectaron las protestas porque no particip\u00e9 en ellas. Para el 2020 anhelo seguir tranquilo y disfrutando de mi vejez sin problemas\u00bb.<\/em><\/p>\n<p>Este a\u00f1o se caracteriz\u00f3 por el recrudecimiento de la feroz sequ\u00eda en el Valle de Aconcagua, dejando miles de animales muertos y obligando a sus due\u00f1os a llevar a los que se pudo a otras regiones. Se hizo justicia a <strong><em>Marjorie Varas Cataldo<\/em><\/strong> asesinada en Llay Llay; a la ni\u00f1a <strong><em>\u00c1mbar Lazcano<\/em><\/strong> violada y muerta en Los Andes, y tambi\u00e9n al joven <strong>Guido Cabello<\/strong>, vilmente asesinado en calle Prat de San Felipe.<\/p>\n<p>En lo social todos lo sabemos: Chile Despert\u00f3 y Aconcagua tambi\u00e9n, quemaron la Municipalidad de Catemu, algunos supermercados, farmacias y almacenes saqueados, producto del vandalismo infiltrado en algunas marchas. Ojala 2020 sea mejor que el que hoy muere. Para todos.<\/p>\n<p><strong>Roberto Gonz\u00e1lez Short<\/strong><\/p>\n<p>&nbsp;<\/p>\n<figure id=\"attachment_96323\" aria-describedby=\"caption-attachment-96323\" style=\"width: 580px\" class=\"wp-caption alignnone\"><img data-recalc-dims=\"1\" loading=\"lazy\" decoding=\"async\" class=\"size-full wp-image-96323\" src=\"https:\/\/i0.wp.com\/www.eltrabajo.cl\/portal\/wp-content\/uploads\/2019\/12\/Finde1.jpg?resize=580%2C358\" alt=\"EL A\u00d1O SE FUE.- Tambi\u00e9n durante este a\u00f1o las Fuerzas Vivas del Valle de Aconcagua se hicieron sentir en cada rinc\u00f3n de las comunas. Aqu\u00ed, una noche en Villa El Se\u00f1orial. (Archivo)\" width=\"580\" height=\"358\" srcset=\"https:\/\/i0.wp.com\/eltrabajo.cl\/portal\/wp-content\/uploads\/2019\/12\/Finde1.jpg?w=580&amp;ssl=1 580w, https:\/\/i0.wp.com\/eltrabajo.cl\/portal\/wp-content\/uploads\/2019\/12\/Finde1.jpg?resize=300%2C185&amp;ssl=1 300w, https:\/\/i0.wp.com\/eltrabajo.cl\/portal\/wp-content\/uploads\/2019\/12\/Finde1.jpg?resize=200%2C123&amp;ssl=1 200w, https:\/\/i0.wp.com\/eltrabajo.cl\/portal\/wp-content\/uploads\/2019\/12\/Finde1.jpg?resize=243%2C150&amp;ssl=1 243w, https:\/\/i0.wp.com\/eltrabajo.cl\/portal\/wp-content\/uploads\/2019\/12\/Finde1.jpg?resize=400%2C247&amp;ssl=1 400w\" sizes=\"auto, (max-width: 580px) 100vw, 580px\" \/><figcaption id=\"caption-attachment-96323\" class=\"wp-caption-text\">EL A\u00d1O SE FUE.- Tambi\u00e9n durante este a\u00f1o las Fuerzas Vivas del Valle de Aconcagua se hicieron sentir en cada rinc\u00f3n de las comunas. Aqu\u00ed, una noche en Villa El Se\u00f1orial. (Archivo)<\/figcaption><\/figure>\n<p>&nbsp;<\/p>\n<figure id=\"attachment_96322\" aria-describedby=\"caption-attachment-96322\" style=\"width: 580px\" class=\"wp-caption alignnone\"><img data-recalc-dims=\"1\" loading=\"lazy\" decoding=\"async\" class=\"size-full wp-image-96322\" src=\"https:\/\/i0.wp.com\/www.eltrabajo.cl\/portal\/wp-content\/uploads\/2019\/12\/Finde_Veronica-Arevalo-Gonzalez.jpg?resize=580%2C598\" alt=\"Ver\u00f3nica Ar\u00e9valo Gonz\u00e1lez, ama de casa sanfelipe\u00f1a.\" width=\"580\" height=\"598\" srcset=\"https:\/\/i0.wp.com\/eltrabajo.cl\/portal\/wp-content\/uploads\/2019\/12\/Finde_Veronica-Arevalo-Gonzalez.jpg?w=580&amp;ssl=1 580w, https:\/\/i0.wp.com\/eltrabajo.cl\/portal\/wp-content\/uploads\/2019\/12\/Finde_Veronica-Arevalo-Gonzalez.jpg?resize=291%2C300&amp;ssl=1 291w, https:\/\/i0.wp.com\/eltrabajo.cl\/portal\/wp-content\/uploads\/2019\/12\/Finde_Veronica-Arevalo-Gonzalez.jpg?resize=145%2C150&amp;ssl=1 145w, https:\/\/i0.wp.com\/eltrabajo.cl\/portal\/wp-content\/uploads\/2019\/12\/Finde_Veronica-Arevalo-Gonzalez.jpg?resize=400%2C412&amp;ssl=1 400w\" sizes=\"auto, (max-width: 580px) 100vw, 580px\" \/><figcaption id=\"caption-attachment-96322\" class=\"wp-caption-text\">Ver\u00f3nica Ar\u00e9valo Gonz\u00e1lez, ama de casa sanfelipe\u00f1a.<\/figcaption><\/figure>\n<p>&nbsp;<\/p>\n<figure id=\"attachment_96321\" aria-describedby=\"caption-attachment-96321\" style=\"width: 580px\" class=\"wp-caption alignnone\"><img data-recalc-dims=\"1\" loading=\"lazy\" decoding=\"async\" class=\"size-full wp-image-96321\" src=\"https:\/\/i0.wp.com\/www.eltrabajo.cl\/portal\/wp-content\/uploads\/2019\/12\/Finde_Manuel-Cortes.jpg?resize=580%2C598\" alt=\"Manuel Cort\u00e9s, comerciante de golosinas y bebidas en la Plaza de Armas.\" width=\"580\" height=\"598\" srcset=\"https:\/\/i0.wp.com\/eltrabajo.cl\/portal\/wp-content\/uploads\/2019\/12\/Finde_Manuel-Cortes.jpg?w=580&amp;ssl=1 580w, https:\/\/i0.wp.com\/eltrabajo.cl\/portal\/wp-content\/uploads\/2019\/12\/Finde_Manuel-Cortes.jpg?resize=291%2C300&amp;ssl=1 291w, https:\/\/i0.wp.com\/eltrabajo.cl\/portal\/wp-content\/uploads\/2019\/12\/Finde_Manuel-Cortes.jpg?resize=145%2C150&amp;ssl=1 145w, https:\/\/i0.wp.com\/eltrabajo.cl\/portal\/wp-content\/uploads\/2019\/12\/Finde_Manuel-Cortes.jpg?resize=400%2C412&amp;ssl=1 400w\" sizes=\"auto, (max-width: 580px) 100vw, 580px\" \/><figcaption id=\"caption-attachment-96321\" class=\"wp-caption-text\">Manuel Cort\u00e9s, comerciante de golosinas y bebidas en la Plaza de Armas.<\/figcaption><\/figure>\n<p>&nbsp;<\/p>\n<figure id=\"attachment_96320\" aria-describedby=\"caption-attachment-96320\" style=\"width: 580px\" class=\"wp-caption alignnone\"><img data-recalc-dims=\"1\" loading=\"lazy\" decoding=\"async\" class=\"size-full wp-image-96320\" src=\"https:\/\/i0.wp.com\/www.eltrabajo.cl\/portal\/wp-content\/uploads\/2019\/12\/Finde_Luis-Castro.jpg?resize=580%2C600\" alt=\"Luis Castro, pensionado y fiel socio de \u2018La Esquina de La Pu\u00f1alada\u2019, en la Plaza de Armas.\" width=\"580\" height=\"600\" srcset=\"https:\/\/i0.wp.com\/eltrabajo.cl\/portal\/wp-content\/uploads\/2019\/12\/Finde_Luis-Castro.jpg?w=580&amp;ssl=1 580w, https:\/\/i0.wp.com\/eltrabajo.cl\/portal\/wp-content\/uploads\/2019\/12\/Finde_Luis-Castro.jpg?resize=290%2C300&amp;ssl=1 290w, https:\/\/i0.wp.com\/eltrabajo.cl\/portal\/wp-content\/uploads\/2019\/12\/Finde_Luis-Castro.jpg?resize=145%2C150&amp;ssl=1 145w, https:\/\/i0.wp.com\/eltrabajo.cl\/portal\/wp-content\/uploads\/2019\/12\/Finde_Luis-Castro.jpg?resize=400%2C414&amp;ssl=1 400w\" sizes=\"auto, (max-width: 580px) 100vw, 580px\" \/><figcaption id=\"caption-attachment-96320\" class=\"wp-caption-text\">Luis Castro, pensionado y fiel socio de \u2018La Esquina de La Pu\u00f1alada\u2019, en la Plaza de Armas.<\/figcaption><\/figure>\n<p>&nbsp;<\/p>\n<figure id=\"attachment_96319\" aria-describedby=\"caption-attachment-96319\" style=\"width: 580px\" class=\"wp-caption alignnone\"><img data-recalc-dims=\"1\" loading=\"lazy\" decoding=\"async\" class=\"size-full wp-image-96319\" src=\"https:\/\/i0.wp.com\/www.eltrabajo.cl\/portal\/wp-content\/uploads\/2019\/12\/Finde_Francisco-Fuentes.jpg?resize=580%2C598\" alt=\"Francisco Fuentes, conocido monta\u00f1ista aconcag\u00fcino.\" width=\"580\" height=\"598\" srcset=\"https:\/\/i0.wp.com\/eltrabajo.cl\/portal\/wp-content\/uploads\/2019\/12\/Finde_Francisco-Fuentes.jpg?w=580&amp;ssl=1 580w, https:\/\/i0.wp.com\/eltrabajo.cl\/portal\/wp-content\/uploads\/2019\/12\/Finde_Francisco-Fuentes.jpg?resize=291%2C300&amp;ssl=1 291w, https:\/\/i0.wp.com\/eltrabajo.cl\/portal\/wp-content\/uploads\/2019\/12\/Finde_Francisco-Fuentes.jpg?resize=145%2C150&amp;ssl=1 145w, https:\/\/i0.wp.com\/eltrabajo.cl\/portal\/wp-content\/uploads\/2019\/12\/Finde_Francisco-Fuentes.jpg?resize=400%2C412&amp;ssl=1 400w\" sizes=\"auto, (max-width: 580px) 100vw, 580px\" \/><figcaption id=\"caption-attachment-96319\" class=\"wp-caption-text\">Francisco Fuentes, conocido monta\u00f1ista aconcag\u00fcino.<\/figcaption><\/figure>\n","protected":false},"excerpt":{"rendered":"<p>Saqueos, sentencias, incendios y muchas protestas: Hoy se acaba el convulso a\u00f1o 2019. A muchos les fue bien, a otros no tanto. Mientras nuevos supermercados llegan a instalarse en nuestra comuna, por&#8230;<\/p>\n","protected":false},"author":482,"featured_media":96323,"comment_status":"open","ping_status":"open","sticky":false,"template":"","format":"standard","meta":{"advanced_seo_description":"","jetpack_seo_html_title":"","jetpack_seo_noindex":false,"_jetpack_memberships_contains_paid_content":false,"footnotes":""},"categories":[15],"tags":[],"class_list":["post-96318","post","type-post","status-publish","format-standard","has-post-thumbnail","hentry","category-comunidad"],"jetpack_featured_media_url":"https:\/\/i0.wp.com\/eltrabajo.cl\/portal\/wp-content\/uploads\/2019\/12\/Finde1.jpg?fit=580%2C358&ssl=1","jetpack_sharing_enabled":true,"jetpack_likes_enabled":true,"jetpack-related-posts":[],"_links":{"self":[{"href":"https:\/\/eltrabajo.cl\/portal\/wp-json\/wp\/v2\/posts\/96318","targetHints":{"allow":["GET"]}}],"collection":[{"href":"https:\/\/eltrabajo.cl\/portal\/wp-json\/wp\/v2\/posts"}],"about":[{"href":"https:\/\/eltrabajo.cl\/portal\/wp-json\/wp\/v2\/types\/post"}],"author":[{"embeddable":true,"href":"https:\/\/eltrabajo.cl\/portal\/wp-json\/wp\/v2\/users\/482"}],"replies":[{"embeddable":true,"href":"https:\/\/eltrabajo.cl\/portal\/wp-json\/wp\/v2\/comments?post=96318"}],"version-history":[{"count":0,"href":"https:\/\/eltrabajo.cl\/portal\/wp-json\/wp\/v2\/posts\/96318\/revisions"}],"wp:featuredmedia":[{"embeddable":true,"href":"https:\/\/eltrabajo.cl\/portal\/wp-json\/wp\/v2\/media\/96323"}],"wp:attachment":[{"href":"https:\/\/eltrabajo.cl\/portal\/wp-json\/wp\/v2\/media?parent=96318"}],"wp:term":[{"taxonomy":"category","embeddable":true,"href":"https:\/\/eltrabajo.cl\/portal\/wp-json\/wp\/v2\/categories?post=96318"},{"taxonomy":"post_tag","embeddable":true,"href":"https:\/\/eltrabajo.cl\/portal\/wp-json\/wp\/v2\/tags?post=96318"}],"curies":[{"name":"wp","href":"https:\/\/api.w.org\/{rel}","templated":true}]}}