{"id":96328,"date":"2019-12-31T05:08:41","date_gmt":"2019-12-31T08:08:41","guid":{"rendered":"http:\/\/www.eltrabajo.cl\/portal\/?p=96328"},"modified":"2019-12-30T22:24:30","modified_gmt":"2019-12-31T01:24:30","slug":"y-se-nos-acaba-2019-un-ano-con-muy-pocas-luces-en-lo-deportivo","status":"publish","type":"post","link":"https:\/\/eltrabajo.cl\/portal\/y-se-nos-acaba-2019-un-ano-con-muy-pocas-luces-en-lo-deportivo\/","title":{"rendered":"Recuento: Y se nos acaba 2019, un a\u00f1o con muy pocas luces en lo deportivo"},"content":{"rendered":"<p>Hoy 31 de diciembre, \u00faltimo d\u00eda del a\u00f1o, momento ideal para hacer el ya cl\u00e1sico recuento deportivo de <strong>Diario El Trabajo<\/strong>.<\/p>\n<p>Sin \u00e1nimo de ser amargados o malhumorados, pero s\u00ed muy realistas, este 2019 -a diferencia de otros que lo precedieron- regal\u00f3 pocas, por no decir nulas alegr\u00edas a nivel masivo, salvo los t\u00edtulos nacionales escolares del voleibol de los colegios <strong>Codillera<\/strong> (damas) y el <strong>Instituto Abd\u00f3n Cifuentes<\/strong>, que logr\u00f3 un hist\u00f3rico podio en el Sudamericano de Paraguay. A esos \u00e9xitos se uni\u00f3 la <strong>Selecci\u00f3n de Catemu<\/strong> al quedarse con el t\u00edtulo mayor del f\u00fatbol aficionado de la regi\u00f3n de Valpara\u00edso.<\/p>\n<p>Tambi\u00e9n con notas doradas puede escribirse la medalla de oro que obtuvieron los primos <strong>Grimalt<\/strong> en el voleibol playa en los Juegos Panamericanos de Lima. La gesta de estos deportistas fue recibida de manera especial en San Felipe a ra\u00edz que uno de ellos (Marco) est\u00e1 fuertemente ligado con la ciudad, en la cual vivi\u00f3 y realiz\u00f3 sus estudios.<\/p>\n<p>En esta vuelta alrededor del sol sobresali\u00f3 con notas grandes la sanci\u00f3n de tres a\u00f1os sobre la balista sanfelipe\u00f1a <strong>Natalia Duc\u00f3<\/strong>, la que con este castigo se perder\u00e1 las principales competencias del orbe como por ejemplo ser\u00e1n los Juegos Ol\u00edmpicos de Tokio.<\/p>\n<p>Otra nota que tambi\u00e9n fue negativa fue el paulatino pero sostenido alejamiento de la alta competencia de la santamariana <strong>Natali Rosas<\/strong>, una atleta que debido al escaso apoyo opt\u00f3 por emprender en una empresa particular, dejando de lado la alta competencia, con lo que el valle de Aconcagua perdi\u00f3 a una de sus mejores embajadoras.<\/p>\n<p>Sin ning\u00fan \u00e9xito e imponiendo un registro negativo de no ganar ning\u00fan partido en toda la competencia B de la LNB, el club <strong>Arturo Prat<\/strong> termin\u00f3 descendiendo a la Tercera Divisi\u00f3n del b\u00e1squetbol chileno.<\/p>\n<p>En el f\u00fatbol de alto nivel, que es el deporte que capta la mayor atenci\u00f3n, <strong>Trasandino<\/strong> y <strong>Uni\u00f3n San Felipe<\/strong>, tuvieron campa\u00f1as solo regulares, al no dar con objetivos planteados para la temporada.<\/p>\n<p>La falta de experiencia le termin\u00f3 jugando una mala pasada a los andinos al embarcarse en un ambicioso proyecto deportivo que encabez\u00f3 el entrenador <strong>Christian Mu\u00f1oz<\/strong>. El estratego que fue desafectado en el inicio de la postemporada (fue reemplazado por <strong>Miguel S\u00e1nchez<\/strong>) arm\u00f3 un plantel que seg\u00fan propia confesi\u00f3n de los directivos del \u2018Tra\u2019, superaba en un 50% el presupuesto del 2018, pero la inversi\u00f3n no rindi\u00f3 frutos ya que no lograron el ascenso a la Segunda Divisi\u00f3n.<\/p>\n<p>Uni\u00f3n San Felipe repiti\u00f3 el mismo derrotero del a\u00f1o anterior, al tener un comienzo simplemente desastroso en el que sufrieron cinco derrotas en l\u00ednea. Las sucesivas ca\u00eddas sacaron del banco t\u00e9cnico al trasandino <strong>Andr\u00e9s Yllana<\/strong>, quien cedi\u00f3 su lugar a <strong>Germ\u00e1n Corengia<\/strong>.<\/p>\n<p>Con Corengia en la banca, los albirrojos se convirtieron en protagonistas del torneo, amenazando a ratos el ingreso directo a la postemporada, pero justo en el \u00faltimo pleito con La Serena, que coincidi\u00f3 con el estallido social, el Un\u00ed Un\u00ed cay\u00f3 goleado, en lo que fue la derrota que dej\u00f3 dudas de su real potencial.<\/p>\n<p>El azar y el movimiento social terminaron jugando a favor de los sanfelipe\u00f1os porque la ANFP determin\u00f3 que deber\u00e1 jugarse un octagonal para otorgar el segundo ascenso a la Primera A, pero esa es otra historia que reci\u00e9n se escribir\u00e1 al inicio de 2020.<\/p>\n<p>En este recuento anual no puede quedar fuera el crecimiento que experiment\u00f3 el baloncesto aconcag\u00fcino. De la mano de la <strong>ABAR<\/strong>, se consigui\u00f3 armar una liga s\u00f3lida, que sigue en un franco crecimiento, lo que se refleja en que ya hay dos divisiones en las que intervienen quintetos de toda la futura regi\u00f3n Cordillera.<\/p>\n<p>Como puede constatarse, el 2019 solo respondi\u00f3 a medias, ahora solo resta esperar que el nuevo a\u00f1o que est\u00e1 a horas de comenzar, traiga alegr\u00edas al por mayor para felicidad de cada uno de los lectores de <strong>Diario El Trabajo<\/strong>. Muchas felicidades y un abrazo a todos.<\/p>\n<p><strong>Jorge Vega Oses<\/strong><\/p>\n<p>&nbsp;<\/p>\n<figure id=\"attachment_96329\" aria-describedby=\"caption-attachment-96329\" style=\"width: 580px\" class=\"wp-caption alignnone\"><img data-recalc-dims=\"1\" loading=\"lazy\" decoding=\"async\" class=\"size-full wp-image-96329\" src=\"https:\/\/i0.wp.com\/www.eltrabajo.cl\/portal\/wp-content\/uploads\/2019\/12\/recuento-catemu.jpg?resize=580%2C360\" alt=\"El combinado de Catemu regal\u00f3 una enorme alegr\u00eda al titularse campeones en el Regional de F\u00fatbol de Honor.\" width=\"580\" height=\"360\" srcset=\"https:\/\/i0.wp.com\/eltrabajo.cl\/portal\/wp-content\/uploads\/2019\/12\/recuento-catemu.jpg?w=580&amp;ssl=1 580w, https:\/\/i0.wp.com\/eltrabajo.cl\/portal\/wp-content\/uploads\/2019\/12\/recuento-catemu.jpg?resize=300%2C186&amp;ssl=1 300w, https:\/\/i0.wp.com\/eltrabajo.cl\/portal\/wp-content\/uploads\/2019\/12\/recuento-catemu.jpg?resize=200%2C124&amp;ssl=1 200w, https:\/\/i0.wp.com\/eltrabajo.cl\/portal\/wp-content\/uploads\/2019\/12\/recuento-catemu.jpg?resize=242%2C150&amp;ssl=1 242w, https:\/\/i0.wp.com\/eltrabajo.cl\/portal\/wp-content\/uploads\/2019\/12\/recuento-catemu.jpg?resize=400%2C248&amp;ssl=1 400w\" sizes=\"auto, (max-width: 580px) 100vw, 580px\" \/><figcaption id=\"caption-attachment-96329\" class=\"wp-caption-text\">El combinado de Catemu regal\u00f3 una enorme alegr\u00eda al titularse campeones en el Regional de F\u00fatbol de Honor.<\/figcaption><\/figure>\n<p>&nbsp;<\/p>\n<figure id=\"attachment_96331\" aria-describedby=\"caption-attachment-96331\" style=\"width: 580px\" class=\"wp-caption alignnone\"><img data-recalc-dims=\"1\" loading=\"lazy\" decoding=\"async\" class=\"size-full wp-image-96331\" src=\"https:\/\/i0.wp.com\/www.eltrabajo.cl\/portal\/wp-content\/uploads\/2019\/12\/recuento-IAC.jpg?resize=580%2C358\" alt=\"El seleccionado del IAC hizo historia al ganar el Nacional Escolar y posteriormente ser tercero en el Sudamericano de Paraguay.\" width=\"580\" height=\"358\" srcset=\"https:\/\/i0.wp.com\/eltrabajo.cl\/portal\/wp-content\/uploads\/2019\/12\/recuento-IAC.jpg?w=580&amp;ssl=1 580w, https:\/\/i0.wp.com\/eltrabajo.cl\/portal\/wp-content\/uploads\/2019\/12\/recuento-IAC.jpg?resize=300%2C185&amp;ssl=1 300w, https:\/\/i0.wp.com\/eltrabajo.cl\/portal\/wp-content\/uploads\/2019\/12\/recuento-IAC.jpg?resize=200%2C123&amp;ssl=1 200w, https:\/\/i0.wp.com\/eltrabajo.cl\/portal\/wp-content\/uploads\/2019\/12\/recuento-IAC.jpg?resize=243%2C150&amp;ssl=1 243w, https:\/\/i0.wp.com\/eltrabajo.cl\/portal\/wp-content\/uploads\/2019\/12\/recuento-IAC.jpg?resize=400%2C247&amp;ssl=1 400w\" sizes=\"auto, (max-width: 580px) 100vw, 580px\" \/><figcaption id=\"caption-attachment-96331\" class=\"wp-caption-text\">El seleccionado del IAC hizo historia al ganar el Nacional Escolar y posteriormente ser tercero en el Sudamericano de Paraguay.<\/figcaption><\/figure>\n<p>&nbsp;<\/p>\n<figure id=\"attachment_96330\" aria-describedby=\"caption-attachment-96330\" style=\"width: 580px\" class=\"wp-caption alignnone\"><img data-recalc-dims=\"1\" loading=\"lazy\" decoding=\"async\" class=\"size-full wp-image-96330\" src=\"https:\/\/i0.wp.com\/www.eltrabajo.cl\/portal\/wp-content\/uploads\/2019\/12\/recuento-grimalt.jpg?resize=580%2C359\" alt=\"Los primos Grimalt se consagraron como monarcas Panamericanos en el voleibol playa.\" width=\"580\" height=\"359\" srcset=\"https:\/\/i0.wp.com\/eltrabajo.cl\/portal\/wp-content\/uploads\/2019\/12\/recuento-grimalt.jpg?w=580&amp;ssl=1 580w, https:\/\/i0.wp.com\/eltrabajo.cl\/portal\/wp-content\/uploads\/2019\/12\/recuento-grimalt.jpg?resize=300%2C186&amp;ssl=1 300w, https:\/\/i0.wp.com\/eltrabajo.cl\/portal\/wp-content\/uploads\/2019\/12\/recuento-grimalt.jpg?resize=200%2C124&amp;ssl=1 200w, https:\/\/i0.wp.com\/eltrabajo.cl\/portal\/wp-content\/uploads\/2019\/12\/recuento-grimalt.jpg?resize=242%2C150&amp;ssl=1 242w, https:\/\/i0.wp.com\/eltrabajo.cl\/portal\/wp-content\/uploads\/2019\/12\/recuento-grimalt.jpg?resize=400%2C248&amp;ssl=1 400w\" sizes=\"auto, (max-width: 580px) 100vw, 580px\" \/><figcaption id=\"caption-attachment-96330\" class=\"wp-caption-text\">Los primos Grimalt se consagraron como monarcas Panamericanos en el voleibol playa.<\/figcaption><\/figure>\n<p>&nbsp;<\/p>\n<figure id=\"attachment_96332\" aria-describedby=\"caption-attachment-96332\" style=\"width: 580px\" class=\"wp-caption alignnone\"><img data-recalc-dims=\"1\" loading=\"lazy\" decoding=\"async\" class=\"size-full wp-image-96332\" src=\"https:\/\/i0.wp.com\/www.eltrabajo.cl\/portal\/wp-content\/uploads\/2019\/12\/recuento-natalia-duco.jpg?resize=580%2C358\" alt=\"La balista sanfelipe\u00f1a Natalia Duc\u00f3 fue sancionada con tres a\u00f1os de suspensi\u00f3n por haber arrojado positivo en un control de doping.\" width=\"580\" height=\"358\" srcset=\"https:\/\/i0.wp.com\/eltrabajo.cl\/portal\/wp-content\/uploads\/2019\/12\/recuento-natalia-duco.jpg?w=580&amp;ssl=1 580w, https:\/\/i0.wp.com\/eltrabajo.cl\/portal\/wp-content\/uploads\/2019\/12\/recuento-natalia-duco.jpg?resize=300%2C185&amp;ssl=1 300w, https:\/\/i0.wp.com\/eltrabajo.cl\/portal\/wp-content\/uploads\/2019\/12\/recuento-natalia-duco.jpg?resize=200%2C123&amp;ssl=1 200w, https:\/\/i0.wp.com\/eltrabajo.cl\/portal\/wp-content\/uploads\/2019\/12\/recuento-natalia-duco.jpg?resize=243%2C150&amp;ssl=1 243w, https:\/\/i0.wp.com\/eltrabajo.cl\/portal\/wp-content\/uploads\/2019\/12\/recuento-natalia-duco.jpg?resize=400%2C247&amp;ssl=1 400w\" sizes=\"auto, (max-width: 580px) 100vw, 580px\" \/><figcaption id=\"caption-attachment-96332\" class=\"wp-caption-text\">La balista sanfelipe\u00f1a Natalia Duc\u00f3 fue sancionada con tres a\u00f1os de suspensi\u00f3n por haber arrojado positivo en un control de doping.<\/figcaption><\/figure>\n<p>&nbsp;<\/p>\n<figure id=\"attachment_96333\" aria-describedby=\"caption-attachment-96333\" style=\"width: 580px\" class=\"wp-caption alignnone\"><img data-recalc-dims=\"1\" loading=\"lazy\" decoding=\"async\" class=\"size-full wp-image-96333\" src=\"https:\/\/i0.wp.com\/www.eltrabajo.cl\/portal\/wp-content\/uploads\/2019\/12\/recuento-prat.jpg?resize=580%2C360\" alt=\"El quinteto del Prat baj\u00f3 a la tercera categor\u00eda del baloncesto chileno luego de cumplir una campa\u00f1a para el olvido en la LNB.\" width=\"580\" height=\"360\" srcset=\"https:\/\/i0.wp.com\/eltrabajo.cl\/portal\/wp-content\/uploads\/2019\/12\/recuento-prat.jpg?w=580&amp;ssl=1 580w, https:\/\/i0.wp.com\/eltrabajo.cl\/portal\/wp-content\/uploads\/2019\/12\/recuento-prat.jpg?resize=300%2C186&amp;ssl=1 300w, https:\/\/i0.wp.com\/eltrabajo.cl\/portal\/wp-content\/uploads\/2019\/12\/recuento-prat.jpg?resize=200%2C124&amp;ssl=1 200w, https:\/\/i0.wp.com\/eltrabajo.cl\/portal\/wp-content\/uploads\/2019\/12\/recuento-prat.jpg?resize=242%2C150&amp;ssl=1 242w, https:\/\/i0.wp.com\/eltrabajo.cl\/portal\/wp-content\/uploads\/2019\/12\/recuento-prat.jpg?resize=400%2C248&amp;ssl=1 400w\" sizes=\"auto, (max-width: 580px) 100vw, 580px\" \/><figcaption id=\"caption-attachment-96333\" class=\"wp-caption-text\">El quinteto del Prat baj\u00f3 a la tercera categor\u00eda del baloncesto chileno luego de cumplir una campa\u00f1a para el olvido en la LNB.<\/figcaption><\/figure>\n<p>&nbsp;<\/p>\n<figure id=\"attachment_96334\" aria-describedby=\"caption-attachment-96334\" style=\"width: 580px\" class=\"wp-caption alignnone\"><img data-recalc-dims=\"1\" loading=\"lazy\" decoding=\"async\" class=\"size-full wp-image-96334\" src=\"https:\/\/i0.wp.com\/www.eltrabajo.cl\/portal\/wp-content\/uploads\/2019\/12\/trasandino.jpg?resize=580%2C441\" alt=\"Una vez m\u00e1s Trasandino defraud\u00f3 a su hinchada al no conseguir el ascenso a la tercera categor\u00eda del futbol profesional chileno.\" width=\"580\" height=\"441\" srcset=\"https:\/\/i0.wp.com\/eltrabajo.cl\/portal\/wp-content\/uploads\/2019\/12\/trasandino.jpg?w=580&amp;ssl=1 580w, https:\/\/i0.wp.com\/eltrabajo.cl\/portal\/wp-content\/uploads\/2019\/12\/trasandino.jpg?resize=300%2C228&amp;ssl=1 300w, https:\/\/i0.wp.com\/eltrabajo.cl\/portal\/wp-content\/uploads\/2019\/12\/trasandino.jpg?resize=197%2C150&amp;ssl=1 197w, https:\/\/i0.wp.com\/eltrabajo.cl\/portal\/wp-content\/uploads\/2019\/12\/trasandino.jpg?resize=400%2C304&amp;ssl=1 400w\" sizes=\"auto, (max-width: 580px) 100vw, 580px\" \/><figcaption id=\"caption-attachment-96334\" class=\"wp-caption-text\">Una vez m\u00e1s Trasandino defraud\u00f3 a su hinchada al no conseguir el ascenso a la tercera categor\u00eda del futbol profesional chileno.<\/figcaption><\/figure>\n<p>&nbsp;<\/p>\n<figure id=\"attachment_96335\" aria-describedby=\"caption-attachment-96335\" style=\"width: 580px\" class=\"wp-caption alignnone\"><img data-recalc-dims=\"1\" loading=\"lazy\" decoding=\"async\" class=\"size-full wp-image-96335\" src=\"https:\/\/i0.wp.com\/www.eltrabajo.cl\/portal\/wp-content\/uploads\/2019\/12\/uni-uni-1.jpg?resize=580%2C393\" alt=\"Tras un muy mal inicio el Un\u00ed Un\u00ed logr\u00f3 enderezar su campa\u00f1a en el torneo de la Primera B.\" width=\"580\" height=\"393\" srcset=\"https:\/\/i0.wp.com\/eltrabajo.cl\/portal\/wp-content\/uploads\/2019\/12\/uni-uni-1.jpg?w=580&amp;ssl=1 580w, https:\/\/i0.wp.com\/eltrabajo.cl\/portal\/wp-content\/uploads\/2019\/12\/uni-uni-1.jpg?resize=300%2C203&amp;ssl=1 300w, https:\/\/i0.wp.com\/eltrabajo.cl\/portal\/wp-content\/uploads\/2019\/12\/uni-uni-1.jpg?resize=200%2C136&amp;ssl=1 200w, https:\/\/i0.wp.com\/eltrabajo.cl\/portal\/wp-content\/uploads\/2019\/12\/uni-uni-1.jpg?resize=221%2C150&amp;ssl=1 221w, https:\/\/i0.wp.com\/eltrabajo.cl\/portal\/wp-content\/uploads\/2019\/12\/uni-uni-1.jpg?resize=400%2C271&amp;ssl=1 400w\" sizes=\"auto, (max-width: 580px) 100vw, 580px\" \/><figcaption id=\"caption-attachment-96335\" class=\"wp-caption-text\">Tras un muy mal inicio el Un\u00ed Un\u00ed logr\u00f3 enderezar su campa\u00f1a en el torneo de la Primera B.<\/figcaption><\/figure>\n","protected":false},"excerpt":{"rendered":"<p>Hoy 31 de diciembre, \u00faltimo d\u00eda del a\u00f1o, momento ideal para hacer el ya cl\u00e1sico recuento deportivo de Diario El Trabajo. Sin \u00e1nimo de ser amargados o malhumorados, pero s\u00ed muy realistas,&#8230;<\/p>\n","protected":false},"author":482,"featured_media":96329,"comment_status":"open","ping_status":"open","sticky":false,"template":"","format":"standard","meta":{"advanced_seo_description":"","jetpack_seo_html_title":"","jetpack_seo_noindex":false,"_jetpack_memberships_contains_paid_content":false,"footnotes":""},"categories":[19],"tags":[],"class_list":["post-96328","post","type-post","status-publish","format-standard","has-post-thumbnail","hentry","category-deportes"],"jetpack_featured_media_url":"https:\/\/i0.wp.com\/eltrabajo.cl\/portal\/wp-content\/uploads\/2019\/12\/recuento-catemu.jpg?fit=580%2C360&ssl=1","jetpack_sharing_enabled":true,"jetpack_likes_enabled":true,"jetpack-related-posts":[],"_links":{"self":[{"href":"https:\/\/eltrabajo.cl\/portal\/wp-json\/wp\/v2\/posts\/96328","targetHints":{"allow":["GET"]}}],"collection":[{"href":"https:\/\/eltrabajo.cl\/portal\/wp-json\/wp\/v2\/posts"}],"about":[{"href":"https:\/\/eltrabajo.cl\/portal\/wp-json\/wp\/v2\/types\/post"}],"author":[{"embeddable":true,"href":"https:\/\/eltrabajo.cl\/portal\/wp-json\/wp\/v2\/users\/482"}],"replies":[{"embeddable":true,"href":"https:\/\/eltrabajo.cl\/portal\/wp-json\/wp\/v2\/comments?post=96328"}],"version-history":[{"count":0,"href":"https:\/\/eltrabajo.cl\/portal\/wp-json\/wp\/v2\/posts\/96328\/revisions"}],"wp:featuredmedia":[{"embeddable":true,"href":"https:\/\/eltrabajo.cl\/portal\/wp-json\/wp\/v2\/media\/96329"}],"wp:attachment":[{"href":"https:\/\/eltrabajo.cl\/portal\/wp-json\/wp\/v2\/media?parent=96328"}],"wp:term":[{"taxonomy":"category","embeddable":true,"href":"https:\/\/eltrabajo.cl\/portal\/wp-json\/wp\/v2\/categories?post=96328"},{"taxonomy":"post_tag","embeddable":true,"href":"https:\/\/eltrabajo.cl\/portal\/wp-json\/wp\/v2\/tags?post=96328"}],"curies":[{"name":"wp","href":"https:\/\/api.w.org\/{rel}","templated":true}]}}