{"id":96338,"date":"2019-12-31T05:09:48","date_gmt":"2019-12-31T08:09:48","guid":{"rendered":"http:\/\/www.eltrabajo.cl\/portal\/?p=96338"},"modified":"2019-12-31T02:15:48","modified_gmt":"2019-12-31T05:15:48","slug":"dolor-de-madre-que-clama-justicia-para-su-hijo-de-15-anos-que-murio-apunalado","status":"publish","type":"post","link":"https:\/\/eltrabajo.cl\/portal\/dolor-de-madre-que-clama-justicia-para-su-hijo-de-15-anos-que-murio-apunalado\/","title":{"rendered":"Dolor de madre que clama justicia para su hijo de 15 a\u00f1os que muri\u00f3 apu\u00f1alado"},"content":{"rendered":"<p><span style=\"color: #ff0000;\"><strong>Claudia Montano en entrevista exclusiva de Diario El Trabajo:<\/strong><\/span><\/p>\n<ul>\n<li><strong>Un triste final de a\u00f1o para la familia Ben\u00edtez Montano tras el homicidio del muchacho que so\u00f1aba en convertirse a futuro en un detective de la PDI. El crimen impact\u00f3 este 2019 a la opini\u00f3n p\u00fablica por tener como protagonistas a dos menores de edad. <\/strong><\/li>\n<\/ul>\n<p>El pasado 8 de diciembre ocurri\u00f3 uno de los cr\u00edmenes m\u00e1s impactantes de este 2019 en San Felipe, al confirmarse el lamentable deceso de <strong>Mart\u00edn Ben\u00edtez Montano, de 15 a\u00f1os de edad,<\/strong> quien perdi\u00f3 la vida de una pu\u00f1alada propinada presuntamente por un adolescente de s\u00f3lo 14 a\u00f1os de edad en medio de una fiesta en una vivienda del sector Punta El Olivo.<\/p>\n<p>La opini\u00f3n p\u00fablica se estremeci\u00f3 al informarse de este homicidio que tiene como protagonistas a dos menores de edad, dejando a dos familias viviendo un verdadero calvario.\u00a0 Por el lado de la familia de Mart\u00edn, la p\u00e9rdida irreparable de la vida del muchacho que viv\u00eda en la poblaci\u00f3n Juan Pablo II de San Felipe, estudiante del Liceo Roberto Humeres, quien pretend\u00eda a futuro convertirse en detective de la Polic\u00eda de Investigaciones.<\/p>\n<p>Por el otro lado de la moneda, la familia del principal sospechoso de 14 a\u00f1os de edad, quien tras permanecer algunos d\u00edas recluido en su domicilio, la justicia determin\u00f3 que fuera enviado a un Centro de Reclusi\u00f3n para Adolescentes a cargo del Servicio Nacional de Menores (Sename), formalizado por homicidio simple.<\/p>\n<p><strong>Diario El Trabajo<\/strong> se entrevist\u00f3 en exclusiva con <strong>Claudia Montano Contreras<\/strong>, madre de Mart\u00edn Ben\u00edtez, quien con mucho dolor en su alma fue detallando los \u00faltimos momentos con vida del menor de sus cinco hijos, clamando justicia por su reto\u00f1o a pocas horas de concluir este a\u00f1o 2019.<\/p>\n<p>&#8211; <strong>\u00bfC\u00f3mo ha podido sobrellevar la muerte de su hijo?<\/strong><\/p>\n<p>&#8211; Cada d\u00eda que pasa es peor, es m\u00e1s doloroso, Mart\u00edn se extra\u00f1a m\u00e1s. Es dif\u00edcil, es un proceso tremendamente dif\u00edcil, as\u00ed que aqu\u00ed estamos, tambi\u00e9n tengo m\u00e1s hijos, tengo nietos.\u00a0 Gracias a Dios una familia muy unida, pero nos hace mucha falta el Mart\u00edn.<\/p>\n<p>&#8211; <strong>\u00bfCu\u00e1ntos hijos tiene?<\/strong><\/p>\n<p>&#8211; Tengo cinco hijos, incluyendo a Mart\u00edn que es el menor.<\/p>\n<p>&#8211; <strong>\u00bfC\u00f3mo era Mart\u00edn con su familia?<\/strong><\/p>\n<p>&#8211; Adorable, era una persona muy amigo de sus amigos, su familia lo m\u00e1s importante, un enamorado de su mam\u00e1, conmigo era como el marido chico, viv\u00eda pendiente de m\u00ed, era amable con sus sobrinos, amaba a sus hermanos por sobre todas las cosas, a su tata, a toda la familia. Somos una familia bien unida, bastante \u2018aclanada\u2019.\u00a0 \u00c9l era un ni\u00f1o alegre que le gustaba ayudar y era sencillo para todo, no le importaban cosas de marca.\u00a0 Era un \u2018loquillo\u2019 tambi\u00e9n, por ejemplo permiso para fiestas, o dec\u00eda: \u2018voy donde un amigo\u2019, ya pero hasta las nueve y llegaba a las diez.<\/p>\n<p>&#8211; <strong>\u00bfQu\u00e9 es lo que ha podido saber de lo que ocurri\u00f3 en esa fiesta?<\/strong><\/p>\n<p>&#8211; He recopilado poco porque duele enterarse, porque hay versiones que son diferentes, que te dicen una cosa, que despu\u00e9s te dicen otra, entonces cuesta llegar un poquito a \u00bfqu\u00e9 pas\u00f3 ese d\u00eda?.\u00a0 Mart\u00edn ese d\u00eda estuvo todo el d\u00eda conmigo, yo lo fui a dejar a La Troya porque jugaba a la pelota con un grupo de amigos de ese lugar, porque nosotros viv\u00edamos por all\u00e1.\u00a0 Lo fui a dejar a las 09:06 minutos en punto y lo s\u00e9 porque me dijo: \u2018El partido era a las 09:00 horas y ya son las 09:06 horas\u2019. Cuando se baj\u00f3 de la camioneta le dije: \u2018Cu\u00eddese y lo de siempre y me avisa cualquier cosa si quiere que lo venga a buscar\u2019.<\/p>\n<p>&#8211; <strong>\u00bfMart\u00edn estaba en una casa en el sector Punta El Olivo?<\/strong><\/p>\n<p>&#8211; No ten\u00eda idea que iba a ir a una fiesta, \u00e9l estaba jugando a la pelota, lo dej\u00e9 en la cancha de La Troya y se llev\u00f3 en la mochila ropa para cambiarse para pasarse a esa fiesta seguramente. Llevaba jeans y un poler\u00f3n, entonces yo despu\u00e9s averiguando contact\u00e9 a un amigo (su mejor amigo) y \u00e9l me cont\u00f3 exactamente todo, y este amigo estuvo con \u00e9l (Mart\u00edn) todo el rato. Me dijo que Mart\u00edn pas\u00f3 a su casa a cambiarse ropa y que despu\u00e9s le pidi\u00f3 que lo acompa\u00f1ara a esta fiesta, estuvieron juntos todo el rato.\u00a0 Esta fiesta era por t\u00e9rmino de a\u00f1o por la salida de 4\u00ba Medio de no s\u00e9 qui\u00e9n, creo que era de la due\u00f1a de casa, de la hija del caballero que llev\u00f3 a Mart\u00edn al Hospital.<\/p>\n<p>&#8211; <strong>\u00bfQu\u00e9 habr\u00eda sucedido previo al homicidio?<\/strong><\/p>\n<p>&#8211; Mart\u00edn estar\u00eda sentado, ah\u00ed empezaron a pelear ellos y este otro chico habr\u00eda sacado una cuchilla o cortaplumas. (El amigo de mi hijo) tambi\u00e9n se meti\u00f3 entre ellos, pero no sabe en qu\u00e9 minuto, fue todo tan r\u00e1pido y Mart\u00edn se levanta la polera y dice: \u2018Me apu\u00f1al\u00f3\u2019 y cay\u00f3 al suelo y cay\u00f3 de frente. Martincito ten\u00eda tierra en la nariz. Entonces se corrieron todos, me imagino quedaron todos en shock.\u00a0 Le avisaron al pap\u00e1 de la ni\u00f1a de la due\u00f1a de la fiesta, a Mart\u00edn lo apu\u00f1alaron en el costado izquierdo y su amigo le estuvo afirmando para que no le saliera m\u00e1s sangre porque la estocada fue tan precisa, que me lo dijeron en el Instituto M\u00e9dico Legal, en el coraz\u00f3n y el coraz\u00f3n empez\u00f3 a sangrar y los pulmones se le taparon de sangre. Mart\u00edn perdi\u00f3 el conocimiento casi al tiro. \u00c9l (amigo de mi hijo) no se dio ni cuenta que Mart\u00edn ya se hab\u00eda muerto. Falleci\u00f3 a la 01:23 horas de la madrugada, no he visto la autopsia, me recomendaron que no, porque hay cosas muy fr\u00edas. Yo llegu\u00e9 como a las 01:35 horas al Hospital.<\/p>\n<p>&#8211; <strong>\u00bfLe comunicaron de inmediato que su hijo estaba fallecido?<\/strong><\/p>\n<p>&#8211; Yo esperaba que me comunicaran que mi hijo estaba mal herido, me dijeron de una que mi hijo hab\u00eda fallecido a la 01:23 horas, yo recuerdo vagamente que gritaba, gritaba y gritaba que quer\u00eda verlo y me llevaron hasta donde estaba \u00e9l.<\/p>\n<p>&#8211; <strong>Esta navidad debi\u00f3 haber sido muy triste<\/strong><\/p>\n<p>&#8211; El 8 de diciembre cambi\u00f3 mi vida y cada d\u00eda es m\u00e1s terrible, la gente que me aborda y me dice que soy valiente \u00bfPor qu\u00e9? \u00bfPorque sigo respirando?.\u00a0 Yo s\u00e9 que mis otros hijos me necesitan, tengo unos maravillosos nietos. Yo he sido con mis hijos y mis nietos muy cari\u00f1osa. Mart\u00edn al ser el m\u00e1s chico tomaba un lugar muy especial porque era la guagua. Todos en mi familia se caracterizan por ser querendones con otros.\u00a0 Por eso cada d\u00eda para m\u00ed es dif\u00edcil, yo soy de esa mam\u00e1s que el mayor tiene 34 (a\u00f1os) y Mart\u00edn que era el m\u00e1s chico, los besaba por igual. Entonces, no tenerlo f\u00edsicamente es tremendo, he le\u00eddo mucho, he tratado, rezo mucho, he tratado de encontrar el consuelo, es terrible toda esta situaci\u00f3n que est\u00e1 pasando. Es una etapa donde uno quiere estar sola.\u00a0 La Pascua por los ni\u00f1os estuve con mi hijo mayor, porque los otros tres est\u00e1n en Estados Unidos y con mi hijo mayor estuve el d\u00eda de Navidad.<\/p>\n<p>&#8211; <strong>\u00bfEs impactante enterarse que el presunto homicida es un menor de 14 a\u00f1os?<\/strong><\/p>\n<p>&#8211; Cuando lleg\u00f3 mi hijo de 20 a\u00f1os al Hospital, despu\u00e9s llego mi pap\u00e1, lleg\u00f3 la Pily que es como mi hermana, en alg\u00fan minuto sal\u00ed a tomar ag\u00fcita despu\u00e9s del impacto y le pregunt\u00e9 a un carabinero por la persona que hab\u00eda hecho todo esto, porque yo no sab\u00eda nada, y me dice: \u2018Nosotros lo tenemos detenido y est\u00e1 confeso\u2019, me dijo el carabinero. Yo le pregunt\u00e9 \u00bfD\u00f3nde est\u00e1? Y me dijo que estaba en la Comisar\u00eda. Le pregunt\u00e9 \u00bfSe muestra arrepentido? \u00bfMuestra alg\u00fan arrepentimiento \u00e9l de lo que hizo? y el carabinero me respondi\u00f3: \u2018No\u2019. Cuesta un poco pensar que tu hijo est\u00e1 muerto y preguntarse \u00bfqu\u00e9 viene ahora? (\u2026) Despu\u00e9s cuando me entero que \u00e9l (imputado) tiene 14 a\u00f1os. Es tanto el dolor que te abarca todo, que yo no ten\u00eda un lugar, un espacio en el coraz\u00f3n como para sentir rabia por la persona que me arrebat\u00f3 a mi hijo. Si bien a Mart\u00edn lo quer\u00edan mucho, tambi\u00e9n se hab\u00eda peleado con otros ni\u00f1os, pero nunca anduvo con un arma en la mochila, entonces me cuesta creer que un ni\u00f1o est\u00e9 en una fiesta con un cortaplumas, para hacer da\u00f1o. Despu\u00e9s uno empieza a recopilar cosas y si los dos se ten\u00edan mala \u00bfqu\u00e9 hac\u00edan los dos en la misma fiesta?. Mart\u00edn jam\u00e1s me dijo que estuvo pololeando, \u00e9l era reservado con ese tipo de cosas, pero finalmente terminaba cont\u00e1ndome algunas cosas, me dec\u00eda que yo era la PDI porque andaba detr\u00e1s de \u00e9l, cuid\u00e1ndolo.<\/p>\n<p>&#8211; <strong>Se habl\u00f3 de \u2018celos\u2019 por una ni\u00f1a.<\/strong><\/p>\n<p>&#8211; Cuando dicen celos, no s\u00e9 a qu\u00e9 se refieren. Voy a ser s\u00faper honesta y yo s\u00e9 que se refieren a esa chica de la fiesta, yo a ella la he visto dos veces, cuando me entregaron la mochila de Mart\u00edn y despu\u00e9s en el Cementerio, podr\u00eda haberle preguntado qu\u00e9 pas\u00f3. Pero no quise ser imprudente porque siento que nada de lo que sepa ahora me va a devolver al Mart\u00edn, y saber detalles es casi para perturbarme m\u00e1s, es m\u00e1s doloroso para una madre saber ese tipo de detalles, lo \u00fanico cierto es que mi hijo est\u00e1 enterrado bajo tierra y yo lo echo mucho de menos, para sus hermanos y para sus abuelos.\u00a0 Como familia estamos muy impactados.<\/p>\n<p>&#8211; <strong>\u00bfUsted fue a hablar directamente con los padres del imputado?<\/strong><\/p>\n<p>&#8211; Cuando me entregaron los papeles para la sepultaci\u00f3n de \u00e9l (Mart\u00edn), me dijeron que los pap\u00e1s de este chico (imputado) estaban en el Tribunal de Garant\u00eda y yo fui hacia all\u00e1 y me present\u00e9 como la mam\u00e1 de Mart\u00edn. Yo tambi\u00e9n entiendo el dolor de ellos porque estas cosas pudieron haberse dado vuelta, Mart\u00edn tambi\u00e9n hab\u00eda peleado como muchos ni\u00f1os pelean, siempre le dec\u00eda que no se metiera en problemas (\u2026) Tengo entendido que ya hab\u00edan peleado con este chico un a\u00f1o antes, esta cuesti\u00f3n no ven\u00eda de ahora, yo no s\u00e9 qui\u00e9n es \u00e9l (imputado), no lo conozco, pero fui donde sus pap\u00e1s y me fij\u00e9 en el dolor de ellos, porque en cosa de segundos te cambia la vida para siempre y as\u00ed como est\u00e1n en esa posici\u00f3n ellos ahora, yo tambi\u00e9n pude haberla vivido.\u00a0 No s\u00e9 qu\u00e9 es mejor, si tener a mi hijo para ir a rezarle o tener a mi hijo preso, no s\u00e9 cu\u00e1l de las dos cosas es peor.\u00a0 Ahora que yo no tenga rencor, que haya sido generosa haberles dado un abrazo fraterno, sintiendo la p\u00e9rdida de mi hijo y que el de ellos lo tengan detenido, no significa que no se haga justicia y se clarifiquen las cosas.\u00a0 Porque esto fue un hecho de connotaci\u00f3n p\u00fablica aqu\u00ed en Aconcagua, entonces que los ni\u00f1os tomen parte de esto, que se cuiden y esto es un mensaje que di cuando est\u00e1bamos enterrando a mi hijo en el Parque El Almendral, yo tambi\u00e9n le dije a los ni\u00f1os: \u2018Cu\u00eddense\u2019 porque uno no puede tener a los chiquillos encerrados tampoco, Mart\u00edn no era un ni\u00f1ito que lo pod\u00edas mantener encerrado, a \u00e9l le gustaba salir y muchas veces lo iba a dejar y buscar a las fiestas (\u2026) no s\u00e9 si me falt\u00f3 estar m\u00e1s atenta, yo siento que yo di lo que ten\u00eda que hacer con cada uno de mis hijos y pasan estas cosas irreversibles.<\/p>\n<p>&#8211; <strong>\u00bfAhora espera que se haga justicia?<\/strong><\/p>\n<p>&#8211; Definitivamente s\u00ed, eso es lo que esperamos como familia, que se haga justicia con Mart\u00edn, no puede quedar impune su muerte, y de todas maneras pase lo que pase, para las otras familias, para los otros ni\u00f1os y los amiguitos de Mart\u00edn, que se cuiden y que la vida no es de andar arreglando las cosas con una cuchilla o una pistola ni nada de eso. Hoy en d\u00eda la juventud est\u00e1 lamentablemente m\u00e1s agresiva y tambi\u00e9n est\u00e1n con drogas, pero nosotros como familia queremos justicia para Mart\u00edn.<\/p>\n<p><strong>Pablo Salinas Sald\u00edas<\/strong><\/p>\n<p><strong>\u00a0<\/strong><\/p>\n<figure id=\"attachment_96339\" aria-describedby=\"caption-attachment-96339\" style=\"width: 580px\" class=\"wp-caption alignnone\"><img data-recalc-dims=\"1\" loading=\"lazy\" decoding=\"async\" class=\"size-full wp-image-96339\" src=\"https:\/\/i0.wp.com\/www.eltrabajo.cl\/portal\/wp-content\/uploads\/2019\/12\/FAMILIA-2.jpg?resize=580%2C358\" alt=\"En la fotograf\u00eda de izquierda a derecha: Claudia Montano junto a sus hijos Sebasti\u00e1n, Mart\u00edn y Jos\u00e9 Manuel, el hermano mayor.\" width=\"580\" height=\"358\" srcset=\"https:\/\/i0.wp.com\/eltrabajo.cl\/portal\/wp-content\/uploads\/2019\/12\/FAMILIA-2.jpg?w=580&amp;ssl=1 580w, https:\/\/i0.wp.com\/eltrabajo.cl\/portal\/wp-content\/uploads\/2019\/12\/FAMILIA-2.jpg?resize=300%2C185&amp;ssl=1 300w, https:\/\/i0.wp.com\/eltrabajo.cl\/portal\/wp-content\/uploads\/2019\/12\/FAMILIA-2.jpg?resize=200%2C123&amp;ssl=1 200w, https:\/\/i0.wp.com\/eltrabajo.cl\/portal\/wp-content\/uploads\/2019\/12\/FAMILIA-2.jpg?resize=243%2C150&amp;ssl=1 243w, https:\/\/i0.wp.com\/eltrabajo.cl\/portal\/wp-content\/uploads\/2019\/12\/FAMILIA-2.jpg?resize=400%2C247&amp;ssl=1 400w\" sizes=\"auto, (max-width: 580px) 100vw, 580px\" \/><figcaption id=\"caption-attachment-96339\" class=\"wp-caption-text\">En la fotograf\u00eda de izquierda a derecha: Claudia Montano junto a sus hijos Sebasti\u00e1n, Mart\u00edn y Jos\u00e9 Manuel, el hermano mayor.<\/figcaption><\/figure>\n<p>&nbsp;<\/p>\n<figure id=\"attachment_96340\" aria-describedby=\"caption-attachment-96340\" style=\"width: 580px\" class=\"wp-caption alignnone\"><img data-recalc-dims=\"1\" loading=\"lazy\" decoding=\"async\" class=\"size-full wp-image-96340\" src=\"https:\/\/i0.wp.com\/www.eltrabajo.cl\/portal\/wp-content\/uploads\/2019\/12\/FAMILIA-3.jpg?resize=580%2C358\" alt=\"De izquierda a derecha: El padre de Claudia Montano, Jos\u00e9 Manuel; Mart\u00edn y Sebasti\u00e1n Ben\u00edtez Montano.\" width=\"580\" height=\"358\" srcset=\"https:\/\/i0.wp.com\/eltrabajo.cl\/portal\/wp-content\/uploads\/2019\/12\/FAMILIA-3.jpg?w=580&amp;ssl=1 580w, https:\/\/i0.wp.com\/eltrabajo.cl\/portal\/wp-content\/uploads\/2019\/12\/FAMILIA-3.jpg?resize=300%2C185&amp;ssl=1 300w, https:\/\/i0.wp.com\/eltrabajo.cl\/portal\/wp-content\/uploads\/2019\/12\/FAMILIA-3.jpg?resize=200%2C123&amp;ssl=1 200w, https:\/\/i0.wp.com\/eltrabajo.cl\/portal\/wp-content\/uploads\/2019\/12\/FAMILIA-3.jpg?resize=243%2C150&amp;ssl=1 243w, https:\/\/i0.wp.com\/eltrabajo.cl\/portal\/wp-content\/uploads\/2019\/12\/FAMILIA-3.jpg?resize=400%2C247&amp;ssl=1 400w\" sizes=\"auto, (max-width: 580px) 100vw, 580px\" \/><figcaption id=\"caption-attachment-96340\" class=\"wp-caption-text\">De izquierda a derecha: El padre de Claudia Montano, Jos\u00e9 Manuel; Mart\u00edn y Sebasti\u00e1n Ben\u00edtez Montano.<\/figcaption><\/figure>\n<p>&nbsp;<\/p>\n<figure id=\"attachment_96341\" aria-describedby=\"caption-attachment-96341\" style=\"width: 579px\" class=\"wp-caption alignnone\"><img data-recalc-dims=\"1\" loading=\"lazy\" decoding=\"async\" class=\"size-full wp-image-96341\" src=\"https:\/\/i0.wp.com\/www.eltrabajo.cl\/portal\/wp-content\/uploads\/2019\/12\/FAMILIA1.jpg?resize=579%2C579\" alt=\"Claudia Montano posaba en esta fotograf\u00eda feliz con el menor de sus hijos, Mart\u00edn, quien lamentablemente muri\u00f3 apu\u00f1alado el 8 de diciembre pasado.\" width=\"579\" height=\"579\" srcset=\"https:\/\/i0.wp.com\/eltrabajo.cl\/portal\/wp-content\/uploads\/2019\/12\/FAMILIA1.jpg?w=579&amp;ssl=1 579w, https:\/\/i0.wp.com\/eltrabajo.cl\/portal\/wp-content\/uploads\/2019\/12\/FAMILIA1.jpg?resize=300%2C300&amp;ssl=1 300w, https:\/\/i0.wp.com\/eltrabajo.cl\/portal\/wp-content\/uploads\/2019\/12\/FAMILIA1.jpg?resize=150%2C150&amp;ssl=1 150w, https:\/\/i0.wp.com\/eltrabajo.cl\/portal\/wp-content\/uploads\/2019\/12\/FAMILIA1.jpg?resize=400%2C400&amp;ssl=1 400w, https:\/\/i0.wp.com\/eltrabajo.cl\/portal\/wp-content\/uploads\/2019\/12\/FAMILIA1.jpg?resize=144%2C144&amp;ssl=1 144w\" sizes=\"auto, (max-width: 579px) 100vw, 579px\" \/><figcaption id=\"caption-attachment-96341\" class=\"wp-caption-text\">Claudia Montano posaba en esta fotograf\u00eda feliz con el menor de sus hijos, Mart\u00edn, quien lamentablemente muri\u00f3 apu\u00f1alado el 8 de diciembre pasado.<\/figcaption><\/figure>\n<p><strong>\u00a0<\/strong><\/p>\n<p>&nbsp;<\/p>\n","protected":false},"excerpt":{"rendered":"<p>Claudia Montano en entrevista exclusiva de Diario El Trabajo: Un triste final de a\u00f1o para la familia Ben\u00edtez Montano tras el homicidio del muchacho que so\u00f1aba en convertirse a futuro en un&#8230;<\/p>\n","protected":false},"author":482,"featured_media":96339,"comment_status":"closed","ping_status":"open","sticky":false,"template":"","format":"standard","meta":{"advanced_seo_description":"","jetpack_seo_html_title":"","jetpack_seo_noindex":false,"_jetpack_memberships_contains_paid_content":false,"footnotes":""},"categories":[15],"tags":[],"class_list":["post-96338","post","type-post","status-publish","format-standard","has-post-thumbnail","hentry","category-comunidad"],"jetpack_featured_media_url":"https:\/\/i0.wp.com\/eltrabajo.cl\/portal\/wp-content\/uploads\/2019\/12\/FAMILIA-2.jpg?fit=580%2C358&ssl=1","jetpack_sharing_enabled":true,"jetpack_likes_enabled":true,"jetpack-related-posts":[],"_links":{"self":[{"href":"https:\/\/eltrabajo.cl\/portal\/wp-json\/wp\/v2\/posts\/96338","targetHints":{"allow":["GET"]}}],"collection":[{"href":"https:\/\/eltrabajo.cl\/portal\/wp-json\/wp\/v2\/posts"}],"about":[{"href":"https:\/\/eltrabajo.cl\/portal\/wp-json\/wp\/v2\/types\/post"}],"author":[{"embeddable":true,"href":"https:\/\/eltrabajo.cl\/portal\/wp-json\/wp\/v2\/users\/482"}],"replies":[{"embeddable":true,"href":"https:\/\/eltrabajo.cl\/portal\/wp-json\/wp\/v2\/comments?post=96338"}],"version-history":[{"count":0,"href":"https:\/\/eltrabajo.cl\/portal\/wp-json\/wp\/v2\/posts\/96338\/revisions"}],"wp:featuredmedia":[{"embeddable":true,"href":"https:\/\/eltrabajo.cl\/portal\/wp-json\/wp\/v2\/media\/96339"}],"wp:attachment":[{"href":"https:\/\/eltrabajo.cl\/portal\/wp-json\/wp\/v2\/media?parent=96338"}],"wp:term":[{"taxonomy":"category","embeddable":true,"href":"https:\/\/eltrabajo.cl\/portal\/wp-json\/wp\/v2\/categories?post=96338"},{"taxonomy":"post_tag","embeddable":true,"href":"https:\/\/eltrabajo.cl\/portal\/wp-json\/wp\/v2\/tags?post=96338"}],"curies":[{"name":"wp","href":"https:\/\/api.w.org\/{rel}","templated":true}]}}