{"id":96349,"date":"2020-01-03T05:02:45","date_gmt":"2020-01-03T08:02:45","guid":{"rendered":"http:\/\/www.eltrabajo.cl\/portal\/?p=96349"},"modified":"2020-01-02T21:59:49","modified_gmt":"2020-01-03T00:59:49","slug":"vecinos-claman-por-reparacion-completa-de-calle-el-convento","status":"publish","type":"post","link":"https:\/\/eltrabajo.cl\/portal\/vecinos-claman-por-reparacion-completa-de-calle-el-convento\/","title":{"rendered":"Vecinos claman por reparaci\u00f3n completa de calle El Convento"},"content":{"rendered":"<p><span style=\"color: #ff0000;\"><strong>Municipio asegura que ya est\u00e1n en la etapa de dise\u00f1o:<\/strong><\/span><\/p>\n<p>Los a\u00f1os pasan y pese a ello el problema vial del mal estado de calle El Convento, que une El Almendral y La Troya, sigue sin resolverse por parte de las autoridades, lo que llev\u00f3 a un usuario de dicha v\u00eda a solicitar a nuestro medio publicar su malestar por el p\u00e9simo estado de la capa asf\u00e1ltica tan da\u00f1ada.<\/p>\n<p>Se trata de <strong>Pedro Carvajal<\/strong>, sanfelipe\u00f1o que usa la calle El Convento regularmente por temas de trabajo, que coment\u00f3 lo siguiente: <em>\u00abLo que quiero pedir es que las autoridades se apiaden un poquito de este camino en el que traficamos muchas personas. Yo uso d\u00eda y noche ese camino y aunque me queda m\u00e1s cerca, s\u00ed se hacen tira los veh\u00edculos, y no son tantos los parceleros los que da\u00f1an el camino como se dice, yo creo que tiene que ver mucho con que hay varias poblaciones en ese trayecto del camino malo, no s\u00e9 si las autoridades aqu\u00ed puedan ponerse la mano en el coraz\u00f3n, ya terminamos el a\u00f1o y estamos igual, ojala se pongan una mano en el coraz\u00f3n y la reparen\u00bb,<\/em> dijo este conductor sanfelipe\u00f1o.<\/p>\n<p><strong>Diario El Trabajo<\/strong> consult\u00f3 al Secplac <strong>Claudio Paredes<\/strong>, quien reconoci\u00f3 que <em>\u00abefectivamente esta ha sido una preocupaci\u00f3n de la administraci\u00f3n del alcalde Patricio Freire ese sector y en particular esa calle, por lo que ya desde hace un par de a\u00f1os se empez\u00f3 a trabajar un proyecto de postulaci\u00f3n al Gobierno Regional para que se financie el dise\u00f1o. En este sentido primeramente se obtuvo el RS que es la aprobaci\u00f3n t\u00e9cnica ante el Ministerio de Desarrollo Social. Posteriormente la Municipalidad postul\u00f3 al Gore (Gobierno Regional) el financiamiento, y en la \u00faltima sesi\u00f3n del Gore del a\u00f1o 2019 se aprobaron los recursos para poder licitar un dise\u00f1o, eso nos permitir\u00e1 como municipalidad poder en un plazo relativamente acotado contar con un dise\u00f1o aprobado por el Serviu, y posteriormente buscar los recursos y financiar la obra, por tanto estamos bien encaminados para poder dar una soluci\u00f3n definitiva a los vecinos del sector<\/em>\u00bb, dijo Paredes.<\/p>\n<p><strong>Roberto Gonz\u00e1lez Short<\/strong><\/p>\n<p>&nbsp;<\/p>\n<figure id=\"attachment_96350\" aria-describedby=\"caption-attachment-96350\" style=\"width: 580px\" class=\"wp-caption alignnone\"><img data-recalc-dims=\"1\" loading=\"lazy\" decoding=\"async\" class=\"size-full wp-image-96350\" src=\"https:\/\/i0.wp.com\/www.eltrabajo.cl\/portal\/wp-content\/uploads\/2020\/01\/Convento2.jpg?resize=580%2C358\" alt=\"URGE INTERVENCI\u00d3N.- Seg\u00fan Paredes, en poco tiempo esto ser\u00e1 cosa del pasado, as\u00ed tambi\u00e9n lo esperan los vecinos.\" width=\"580\" height=\"358\" srcset=\"https:\/\/i0.wp.com\/eltrabajo.cl\/portal\/wp-content\/uploads\/2020\/01\/Convento2.jpg?w=580&amp;ssl=1 580w, https:\/\/i0.wp.com\/eltrabajo.cl\/portal\/wp-content\/uploads\/2020\/01\/Convento2.jpg?resize=300%2C185&amp;ssl=1 300w, https:\/\/i0.wp.com\/eltrabajo.cl\/portal\/wp-content\/uploads\/2020\/01\/Convento2.jpg?resize=200%2C123&amp;ssl=1 200w, https:\/\/i0.wp.com\/eltrabajo.cl\/portal\/wp-content\/uploads\/2020\/01\/Convento2.jpg?resize=243%2C150&amp;ssl=1 243w, https:\/\/i0.wp.com\/eltrabajo.cl\/portal\/wp-content\/uploads\/2020\/01\/Convento2.jpg?resize=400%2C247&amp;ssl=1 400w\" sizes=\"auto, (max-width: 580px) 100vw, 580px\" \/><figcaption id=\"caption-attachment-96350\" class=\"wp-caption-text\">URGE INTERVENCI\u00d3N.- Seg\u00fan Paredes, en poco tiempo esto ser\u00e1 cosa del pasado, as\u00ed tambi\u00e9n lo esperan los vecinos.<\/figcaption><\/figure>\n<p>&nbsp;<\/p>\n<figure id=\"attachment_96352\" aria-describedby=\"caption-attachment-96352\" style=\"width: 580px\" class=\"wp-caption alignnone\"><img data-recalc-dims=\"1\" loading=\"lazy\" decoding=\"async\" class=\"size-full wp-image-96352\" src=\"https:\/\/i0.wp.com\/www.eltrabajo.cl\/portal\/wp-content\/uploads\/2020\/01\/Convento1.jpg?resize=580%2C567\" alt=\"CAMINO MUY DA\u00d1ADO.- Hoyos, piedras y barro es lo com\u00fan en esta v\u00eda lim\u00edtrofe con el sector rural de nuestra comuna.\" width=\"580\" height=\"567\" srcset=\"https:\/\/i0.wp.com\/eltrabajo.cl\/portal\/wp-content\/uploads\/2020\/01\/Convento1.jpg?w=580&amp;ssl=1 580w, https:\/\/i0.wp.com\/eltrabajo.cl\/portal\/wp-content\/uploads\/2020\/01\/Convento1.jpg?resize=300%2C293&amp;ssl=1 300w, https:\/\/i0.wp.com\/eltrabajo.cl\/portal\/wp-content\/uploads\/2020\/01\/Convento1.jpg?resize=153%2C150&amp;ssl=1 153w, https:\/\/i0.wp.com\/eltrabajo.cl\/portal\/wp-content\/uploads\/2020\/01\/Convento1.jpg?resize=400%2C391&amp;ssl=1 400w\" sizes=\"auto, (max-width: 580px) 100vw, 580px\" \/><figcaption id=\"caption-attachment-96352\" class=\"wp-caption-text\">CAMINO MUY DA\u00d1ADO.- Hoyos, piedras y barro es lo com\u00fan en esta v\u00eda lim\u00edtrofe con el sector rural de nuestra comuna.<\/figcaption><\/figure>\n<p>&nbsp;<\/p>\n<figure id=\"attachment_96351\" aria-describedby=\"caption-attachment-96351\" style=\"width: 580px\" class=\"wp-caption alignnone\"><img data-recalc-dims=\"1\" loading=\"lazy\" decoding=\"async\" class=\"size-full wp-image-96351\" src=\"https:\/\/i0.wp.com\/www.eltrabajo.cl\/portal\/wp-content\/uploads\/2020\/01\/Convento_Pedro-Carvajal.jpg?resize=580%2C519\" alt=\"Pedro Carvajal, pide a las autoridades que por favor reparen esta v\u00eda local.\" width=\"580\" height=\"519\" srcset=\"https:\/\/i0.wp.com\/eltrabajo.cl\/portal\/wp-content\/uploads\/2020\/01\/Convento_Pedro-Carvajal.jpg?w=580&amp;ssl=1 580w, https:\/\/i0.wp.com\/eltrabajo.cl\/portal\/wp-content\/uploads\/2020\/01\/Convento_Pedro-Carvajal.jpg?resize=300%2C268&amp;ssl=1 300w, https:\/\/i0.wp.com\/eltrabajo.cl\/portal\/wp-content\/uploads\/2020\/01\/Convento_Pedro-Carvajal.jpg?resize=168%2C150&amp;ssl=1 168w, https:\/\/i0.wp.com\/eltrabajo.cl\/portal\/wp-content\/uploads\/2020\/01\/Convento_Pedro-Carvajal.jpg?resize=400%2C358&amp;ssl=1 400w\" sizes=\"auto, (max-width: 580px) 100vw, 580px\" \/><figcaption id=\"caption-attachment-96351\" class=\"wp-caption-text\">Pedro Carvajal, pide a las autoridades que por favor reparen esta v\u00eda local.<\/figcaption><\/figure>\n","protected":false},"excerpt":{"rendered":"<p>Municipio asegura que ya est\u00e1n en la etapa de dise\u00f1o: Los a\u00f1os pasan y pese a ello el problema vial del mal estado de calle El Convento, que une El Almendral y&#8230;<\/p>\n","protected":false},"author":482,"featured_media":96350,"comment_status":"open","ping_status":"open","sticky":false,"template":"","format":"standard","meta":{"advanced_seo_description":"","jetpack_seo_html_title":"","jetpack_seo_noindex":false,"_jetpack_memberships_contains_paid_content":false,"footnotes":""},"categories":[15],"tags":[],"class_list":["post-96349","post","type-post","status-publish","format-standard","has-post-thumbnail","hentry","category-comunidad"],"jetpack_featured_media_url":"https:\/\/i0.wp.com\/eltrabajo.cl\/portal\/wp-content\/uploads\/2020\/01\/Convento2.jpg?fit=580%2C358&ssl=1","jetpack_sharing_enabled":true,"jetpack_likes_enabled":true,"jetpack-related-posts":[],"_links":{"self":[{"href":"https:\/\/eltrabajo.cl\/portal\/wp-json\/wp\/v2\/posts\/96349","targetHints":{"allow":["GET"]}}],"collection":[{"href":"https:\/\/eltrabajo.cl\/portal\/wp-json\/wp\/v2\/posts"}],"about":[{"href":"https:\/\/eltrabajo.cl\/portal\/wp-json\/wp\/v2\/types\/post"}],"author":[{"embeddable":true,"href":"https:\/\/eltrabajo.cl\/portal\/wp-json\/wp\/v2\/users\/482"}],"replies":[{"embeddable":true,"href":"https:\/\/eltrabajo.cl\/portal\/wp-json\/wp\/v2\/comments?post=96349"}],"version-history":[{"count":0,"href":"https:\/\/eltrabajo.cl\/portal\/wp-json\/wp\/v2\/posts\/96349\/revisions"}],"wp:featuredmedia":[{"embeddable":true,"href":"https:\/\/eltrabajo.cl\/portal\/wp-json\/wp\/v2\/media\/96350"}],"wp:attachment":[{"href":"https:\/\/eltrabajo.cl\/portal\/wp-json\/wp\/v2\/media?parent=96349"}],"wp:term":[{"taxonomy":"category","embeddable":true,"href":"https:\/\/eltrabajo.cl\/portal\/wp-json\/wp\/v2\/categories?post=96349"},{"taxonomy":"post_tag","embeddable":true,"href":"https:\/\/eltrabajo.cl\/portal\/wp-json\/wp\/v2\/tags?post=96349"}],"curies":[{"name":"wp","href":"https:\/\/api.w.org\/{rel}","templated":true}]}}