{"id":96354,"date":"2020-01-03T05:03:04","date_gmt":"2020-01-03T08:03:04","guid":{"rendered":"http:\/\/www.eltrabajo.cl\/portal\/?p=96354"},"modified":"2020-01-02T22:01:42","modified_gmt":"2020-01-03T01:01:42","slug":"encuentran-con-vida-a-mujer-desaparecida-la-noche-del-30-de-diciembre","status":"publish","type":"post","link":"https:\/\/eltrabajo.cl\/portal\/encuentran-con-vida-a-mujer-desaparecida-la-noche-del-30-de-diciembre\/","title":{"rendered":"Encuentran con vida a mujer desaparecida la noche del 30 de diciembre"},"content":{"rendered":"<p>\u201cYa fue encontrada. Gracias por compartir\u201d, as\u00ed reza un afiche con la imagen de Rosy, una mujer que desapareci\u00f3 el d\u00eda 30 de diciembre en horas de la noche, cuyo esposo, Patricio V\u00e1squez, la busc\u00f3 intensamente por todo San Felipe sin resultados positivos, hasta ayer en la tarde cuando fue encontrada por familiares saliendo de un local en el centro de San Felipe.<\/p>\n<p>Posteriormente fue trasladada hasta el Hospital San Camilo, el servicio de urgencia para su constataci\u00f3n de lesiones. Luego a Carabineros para poder terminar con el procedimiento.<\/p>\n<p>&nbsp;<\/p>\n<figure id=\"attachment_96356\" aria-describedby=\"caption-attachment-96356\" style=\"width: 580px\" class=\"wp-caption alignnone\"><img data-recalc-dims=\"1\" loading=\"lazy\" decoding=\"async\" class=\"size-full wp-image-96356\" src=\"https:\/\/i0.wp.com\/www.eltrabajo.cl\/portal\/wp-content\/uploads\/2020\/01\/Rosy.jpg?resize=580%2C696\" alt=\"Ac\u00e1 el afiche donde se indica que fue encontrada.\" width=\"580\" height=\"696\" srcset=\"https:\/\/i0.wp.com\/eltrabajo.cl\/portal\/wp-content\/uploads\/2020\/01\/Rosy.jpg?w=580&amp;ssl=1 580w, https:\/\/i0.wp.com\/eltrabajo.cl\/portal\/wp-content\/uploads\/2020\/01\/Rosy.jpg?resize=250%2C300&amp;ssl=1 250w, https:\/\/i0.wp.com\/eltrabajo.cl\/portal\/wp-content\/uploads\/2020\/01\/Rosy.jpg?resize=125%2C150&amp;ssl=1 125w, https:\/\/i0.wp.com\/eltrabajo.cl\/portal\/wp-content\/uploads\/2020\/01\/Rosy.jpg?resize=400%2C480&amp;ssl=1 400w\" sizes=\"auto, (max-width: 580px) 100vw, 580px\" \/><figcaption id=\"caption-attachment-96356\" class=\"wp-caption-text\">Ac\u00e1 el afiche donde se indica que fue encontrada.<\/figcaption><\/figure>\n","protected":false},"excerpt":{"rendered":"<p>\u201cYa fue encontrada. Gracias por compartir\u201d, as\u00ed reza un afiche con la imagen de Rosy, una mujer que desapareci\u00f3 el d\u00eda 30 de diciembre en horas de la noche, cuyo esposo, Patricio&#8230;<\/p>\n","protected":false},"author":482,"featured_media":96355,"comment_status":"open","ping_status":"open","sticky":false,"template":"","format":"standard","meta":{"advanced_seo_description":"","jetpack_seo_html_title":"","jetpack_seo_noindex":false,"_jetpack_memberships_contains_paid_content":false,"footnotes":""},"categories":[15],"tags":[],"class_list":["post-96354","post","type-post","status-publish","format-standard","has-post-thumbnail","hentry","category-comunidad"],"jetpack_featured_media_url":"https:\/\/i0.wp.com\/eltrabajo.cl\/portal\/wp-content\/uploads\/2020\/01\/Rosy-copia.jpg?fit=580%2C358&ssl=1","jetpack_sharing_enabled":true,"jetpack_likes_enabled":true,"jetpack-related-posts":[],"_links":{"self":[{"href":"https:\/\/eltrabajo.cl\/portal\/wp-json\/wp\/v2\/posts\/96354","targetHints":{"allow":["GET"]}}],"collection":[{"href":"https:\/\/eltrabajo.cl\/portal\/wp-json\/wp\/v2\/posts"}],"about":[{"href":"https:\/\/eltrabajo.cl\/portal\/wp-json\/wp\/v2\/types\/post"}],"author":[{"embeddable":true,"href":"https:\/\/eltrabajo.cl\/portal\/wp-json\/wp\/v2\/users\/482"}],"replies":[{"embeddable":true,"href":"https:\/\/eltrabajo.cl\/portal\/wp-json\/wp\/v2\/comments?post=96354"}],"version-history":[{"count":0,"href":"https:\/\/eltrabajo.cl\/portal\/wp-json\/wp\/v2\/posts\/96354\/revisions"}],"wp:featuredmedia":[{"embeddable":true,"href":"https:\/\/eltrabajo.cl\/portal\/wp-json\/wp\/v2\/media\/96355"}],"wp:attachment":[{"href":"https:\/\/eltrabajo.cl\/portal\/wp-json\/wp\/v2\/media?parent=96354"}],"wp:term":[{"taxonomy":"category","embeddable":true,"href":"https:\/\/eltrabajo.cl\/portal\/wp-json\/wp\/v2\/categories?post=96354"},{"taxonomy":"post_tag","embeddable":true,"href":"https:\/\/eltrabajo.cl\/portal\/wp-json\/wp\/v2\/tags?post=96354"}],"curies":[{"name":"wp","href":"https:\/\/api.w.org\/{rel}","templated":true}]}}