{"id":96363,"date":"2020-01-03T05:05:45","date_gmt":"2020-01-03T08:05:45","guid":{"rendered":"http:\/\/www.eltrabajo.cl\/portal\/?p=96363"},"modified":"2020-01-02T22:08:05","modified_gmt":"2020-01-03T01:08:05","slug":"aun-no-hay-detenidos-por-asesinato-a-tiros-de-alvaro-soto-en-calle-encon","status":"publish","type":"post","link":"https:\/\/eltrabajo.cl\/portal\/aun-no-hay-detenidos-por-asesinato-a-tiros-de-alvaro-soto-en-calle-encon\/","title":{"rendered":"A\u00fan no hay detenidos por asesinato a tiros de \u00c1lvaro Soto en calle Enc\u00f3n"},"content":{"rendered":"<p><span style=\"color: #ff0000;\"><strong>A casi un mes del brutal crimen:<\/strong><\/span><\/p>\n<ul>\n<li><strong>La Brigada de Homicidios de la PDI mantiene vigente la investigaci\u00f3n para dar con la captura de los autores de este asesinato ocurrido el 7 de diciembre del a\u00f1o reci\u00e9n pasado.\u00a0 La polic\u00eda baraja diversas hip\u00f3tesis del crimen, cuyos autores a\u00fan permanecen en el anonimato.<\/strong><\/li>\n<\/ul>\n<p>Este pr\u00f3ximo martes 7 de enero se cumple exactamente un mes del brutal homicidio de <strong>\u00c1lvaro Eduardo Soto Soto<\/strong>, de 26 a\u00f1os de edad, asesinado a tiros en la intersecci\u00f3n de las calles Hermanos Carrera esquina Enc\u00f3n en San Felipe, cuyos autores a\u00fan no han sido identificados por la Polic\u00eda de Investigaciones.<\/p>\n<p>Como se recordar\u00e1, el impactante hecho de sangre ocurri\u00f3 el 7 de diciembre del a\u00f1o que acaba de terminar, alrededor de las 20:40 horas, en circunstancias que el joven que fue v\u00edctima de estos hechos, conduc\u00eda un veh\u00edculo placa patente DB DG \u2013 24 por dicha arteria, acompa\u00f1ado de su polola.<\/p>\n<p>De acuerdo al testimonio de la testigo presencial, los hechos habr\u00edan ocurrido cuando su pareja detuvo la marcha del m\u00f3vil por la luz roja del sem\u00e1foro, cuando sorpresivamente una motocicleta tripulada por dos sujetos, los adelant\u00f3 hasta posicionarse frente al autom\u00f3vil.<\/p>\n<p>En cuesti\u00f3n de segundos, uno de los sujetos habr\u00eda extra\u00eddo un arma de fuego y habr\u00eda efectuado al menos tres disparos solo en contra de \u00c1lvaro Soto Soto, impactando uno de ellos en la cabeza, dej\u00e1ndolo gravemente herido, hasta que momentos m\u00e1s tarde el joven perdiera la vida tras ser ingresado de urgencias al Hospital San Camilo de San Felipe.<\/p>\n<p>Los autores de este homicidio no han logrado ser capturados por la Polic\u00eda de Investigaciones, quienes contin\u00faan efectuando diligencias para establecer sus identidades como los presuntos \u00a0autores de este crimen.<\/p>\n<p>As\u00ed lo inform\u00f3 a <strong>Diario El Trabajo<\/strong>, el jefe (s) de la Brigada de Homicidios de la PDI de Los Andes, comisario <strong>Luis B\u00e1ez<\/strong>: <em>\u201cTodav\u00eda se est\u00e1n haciendo diligencias investigativas para dar con los autores. Hasta el momento se est\u00e1n realizando diligencias para establecer la identidad de los posibles imputados y ya se tiene m\u00e1s o menos un modus operandi, pero que est\u00e1 a la espera de ser verificado por las diligencias que se est\u00e1n realizando por parte de la Brigada de Homicidios.\u00a0 Hasta el momento no hay detenidos, estamos en diligencias para ver y establecer qui\u00e9nes son los autores y establecer fehacientemente quienes son\u201d.<\/em><\/p>\n<p>Consultado respecto a que si el crimen se tratar\u00eda de un presunto ajuste de cuentas, el oficial policial se refiri\u00f3 a que se barajan diversas hip\u00f3tesis del homicidio que se mantiene en plena etapa de investigaci\u00f3n.<\/p>\n<p><strong>Pablo Salinas Sald\u00edas<\/strong><\/p>\n<p><strong>\u00a0<\/strong><\/p>\n<figure id=\"attachment_96366\" aria-describedby=\"caption-attachment-96366\" style=\"width: 580px\" class=\"wp-caption alignnone\"><img data-recalc-dims=\"1\" loading=\"lazy\" decoding=\"async\" class=\"size-full wp-image-96366\" src=\"https:\/\/i0.wp.com\/www.eltrabajo.cl\/portal\/wp-content\/uploads\/2020\/01\/crimen-SITIO-DEL-SUCESO-1.jpg?resize=580%2C358\" alt=\"El asesinato ocurri\u00f3 el 7 de diciembre del a\u00f1o reci\u00e9n pasado.\" width=\"580\" height=\"358\" srcset=\"https:\/\/i0.wp.com\/eltrabajo.cl\/portal\/wp-content\/uploads\/2020\/01\/crimen-SITIO-DEL-SUCESO-1.jpg?w=580&amp;ssl=1 580w, https:\/\/i0.wp.com\/eltrabajo.cl\/portal\/wp-content\/uploads\/2020\/01\/crimen-SITIO-DEL-SUCESO-1.jpg?resize=300%2C185&amp;ssl=1 300w, https:\/\/i0.wp.com\/eltrabajo.cl\/portal\/wp-content\/uploads\/2020\/01\/crimen-SITIO-DEL-SUCESO-1.jpg?resize=200%2C123&amp;ssl=1 200w, https:\/\/i0.wp.com\/eltrabajo.cl\/portal\/wp-content\/uploads\/2020\/01\/crimen-SITIO-DEL-SUCESO-1.jpg?resize=243%2C150&amp;ssl=1 243w, https:\/\/i0.wp.com\/eltrabajo.cl\/portal\/wp-content\/uploads\/2020\/01\/crimen-SITIO-DEL-SUCESO-1.jpg?resize=400%2C247&amp;ssl=1 400w\" sizes=\"auto, (max-width: 580px) 100vw, 580px\" \/><figcaption id=\"caption-attachment-96366\" class=\"wp-caption-text\">El asesinato ocurri\u00f3 el 7 de diciembre del a\u00f1o reci\u00e9n pasado.<\/figcaption><\/figure>\n<p>&nbsp;<\/p>\n<figure id=\"attachment_96365\" aria-describedby=\"caption-attachment-96365\" style=\"width: 580px\" class=\"wp-caption alignnone\"><img data-recalc-dims=\"1\" loading=\"lazy\" decoding=\"async\" class=\"size-full wp-image-96365\" src=\"https:\/\/i0.wp.com\/www.eltrabajo.cl\/portal\/wp-content\/uploads\/2020\/01\/crimen-AUTOMOVIL1-1.jpg?resize=580%2C358\" alt=\"El joven conduc\u00eda este veh\u00edculo al momento del crimen.\" width=\"580\" height=\"358\" srcset=\"https:\/\/i0.wp.com\/eltrabajo.cl\/portal\/wp-content\/uploads\/2020\/01\/crimen-AUTOMOVIL1-1.jpg?w=580&amp;ssl=1 580w, https:\/\/i0.wp.com\/eltrabajo.cl\/portal\/wp-content\/uploads\/2020\/01\/crimen-AUTOMOVIL1-1.jpg?resize=300%2C185&amp;ssl=1 300w, https:\/\/i0.wp.com\/eltrabajo.cl\/portal\/wp-content\/uploads\/2020\/01\/crimen-AUTOMOVIL1-1.jpg?resize=200%2C123&amp;ssl=1 200w, https:\/\/i0.wp.com\/eltrabajo.cl\/portal\/wp-content\/uploads\/2020\/01\/crimen-AUTOMOVIL1-1.jpg?resize=243%2C150&amp;ssl=1 243w, https:\/\/i0.wp.com\/eltrabajo.cl\/portal\/wp-content\/uploads\/2020\/01\/crimen-AUTOMOVIL1-1.jpg?resize=400%2C247&amp;ssl=1 400w\" sizes=\"auto, (max-width: 580px) 100vw, 580px\" \/><figcaption id=\"caption-attachment-96365\" class=\"wp-caption-text\">El joven conduc\u00eda este veh\u00edculo al momento del crimen.<\/figcaption><\/figure>\n<p>&nbsp;<\/p>\n<figure id=\"attachment_96364\" aria-describedby=\"caption-attachment-96364\" style=\"width: 580px\" class=\"wp-caption alignnone\"><img data-recalc-dims=\"1\" loading=\"lazy\" decoding=\"async\" class=\"size-full wp-image-96364\" src=\"https:\/\/i0.wp.com\/www.eltrabajo.cl\/portal\/wp-content\/uploads\/2020\/01\/crimen-ALVARO-SOTO-1.jpg?resize=580%2C468\" alt=\"El fallecido \u00c1lvaro Soto Soto registraba domicilio en la comuna de Santa Mar\u00eda.\" width=\"580\" height=\"468\" srcset=\"https:\/\/i0.wp.com\/eltrabajo.cl\/portal\/wp-content\/uploads\/2020\/01\/crimen-ALVARO-SOTO-1.jpg?w=580&amp;ssl=1 580w, https:\/\/i0.wp.com\/eltrabajo.cl\/portal\/wp-content\/uploads\/2020\/01\/crimen-ALVARO-SOTO-1.jpg?resize=300%2C242&amp;ssl=1 300w, https:\/\/i0.wp.com\/eltrabajo.cl\/portal\/wp-content\/uploads\/2020\/01\/crimen-ALVARO-SOTO-1.jpg?resize=186%2C150&amp;ssl=1 186w, https:\/\/i0.wp.com\/eltrabajo.cl\/portal\/wp-content\/uploads\/2020\/01\/crimen-ALVARO-SOTO-1.jpg?resize=400%2C323&amp;ssl=1 400w\" sizes=\"auto, (max-width: 580px) 100vw, 580px\" \/><figcaption id=\"caption-attachment-96364\" class=\"wp-caption-text\">El fallecido \u00c1lvaro Soto Soto registraba domicilio en la comuna de Santa Mar\u00eda.<\/figcaption><\/figure>\n","protected":false},"excerpt":{"rendered":"<p>A casi un mes del brutal crimen: La Brigada de Homicidios de la PDI mantiene vigente la investigaci\u00f3n para dar con la captura de los autores de este asesinato ocurrido el 7&#8230;<\/p>\n","protected":false},"author":482,"featured_media":96366,"comment_status":"open","ping_status":"open","sticky":false,"template":"","format":"standard","meta":{"advanced_seo_description":"","jetpack_seo_html_title":"","jetpack_seo_noindex":false,"_jetpack_memberships_contains_paid_content":false,"footnotes":""},"categories":[21],"tags":[],"class_list":["post-96363","post","type-post","status-publish","format-standard","has-post-thumbnail","hentry","category-policial"],"jetpack_featured_media_url":"https:\/\/i0.wp.com\/eltrabajo.cl\/portal\/wp-content\/uploads\/2020\/01\/crimen-SITIO-DEL-SUCESO-1.jpg?fit=580%2C358&ssl=1","jetpack_sharing_enabled":true,"jetpack_likes_enabled":true,"jetpack-related-posts":[],"_links":{"self":[{"href":"https:\/\/eltrabajo.cl\/portal\/wp-json\/wp\/v2\/posts\/96363","targetHints":{"allow":["GET"]}}],"collection":[{"href":"https:\/\/eltrabajo.cl\/portal\/wp-json\/wp\/v2\/posts"}],"about":[{"href":"https:\/\/eltrabajo.cl\/portal\/wp-json\/wp\/v2\/types\/post"}],"author":[{"embeddable":true,"href":"https:\/\/eltrabajo.cl\/portal\/wp-json\/wp\/v2\/users\/482"}],"replies":[{"embeddable":true,"href":"https:\/\/eltrabajo.cl\/portal\/wp-json\/wp\/v2\/comments?post=96363"}],"version-history":[{"count":0,"href":"https:\/\/eltrabajo.cl\/portal\/wp-json\/wp\/v2\/posts\/96363\/revisions"}],"wp:featuredmedia":[{"embeddable":true,"href":"https:\/\/eltrabajo.cl\/portal\/wp-json\/wp\/v2\/media\/96366"}],"wp:attachment":[{"href":"https:\/\/eltrabajo.cl\/portal\/wp-json\/wp\/v2\/media?parent=96363"}],"wp:term":[{"taxonomy":"category","embeddable":true,"href":"https:\/\/eltrabajo.cl\/portal\/wp-json\/wp\/v2\/categories?post=96363"},{"taxonomy":"post_tag","embeddable":true,"href":"https:\/\/eltrabajo.cl\/portal\/wp-json\/wp\/v2\/tags?post=96363"}],"curies":[{"name":"wp","href":"https:\/\/api.w.org\/{rel}","templated":true}]}}