{"id":96378,"date":"2020-01-06T05:01:23","date_gmt":"2020-01-06T08:01:23","guid":{"rendered":"http:\/\/www.eltrabajo.cl\/portal\/?p=96378"},"modified":"2020-01-05T21:40:22","modified_gmt":"2020-01-06T00:40:22","slug":"asaltan-con-pistola-a-chofer-de-colectivo-y-roban-su-vehiculo-a-plena-luz-del-dia","status":"publish","type":"post","link":"https:\/\/eltrabajo.cl\/portal\/asaltan-con-pistola-a-chofer-de-colectivo-y-roban-su-vehiculo-a-plena-luz-del-dia\/","title":{"rendered":"Asaltan con pistola a chofer de colectivo y roban su veh\u00edculo a plena luz del d\u00eda"},"content":{"rendered":"<p><span style=\"color: #ff0000;\"><strong>Violento atraco en cercan\u00edas de Puente Enc\u00f3n:<\/strong><\/span><\/p>\n<ul>\n<li><strong>El afectado perteneciente a la L\u00ednea 5 de colectivos, pierde su fuente laboral en la que ha desempe\u00f1ado por cerca de diez a\u00f1os. Hasta el momento se desconoce el autor del robo mientras que tampoco hay pistas del paradero del veh\u00edculo.<\/strong><\/li>\n<\/ul>\n<p>Un desalentador presente es el que atraviesa don <strong>Jaime Y\u00e9venes P\u00e9rez<\/strong>, de 61 a\u00f1os de edad, luego de haber sido asaltado por un delincuente quien lo enca\u00f1on\u00f3 con una pistola para apoderarse de su colectivo la tarde de este jueves en las cercan\u00edas de Puente Enc\u00f3n en San Felipe.<\/p>\n<p>Don Jaime detall\u00f3 a <strong>Diario El Trabajo<\/strong> los sucesos ocurridos aquella tarde, destacando que es primera vez que sufrido un robo dentro de los nueve a\u00f1os que se desempe\u00f1a como chofer de colectivo de la L\u00ednea 5 en San Felipe, perdiendo su fuente laboral.<\/p>\n<p>El afectado con movilidad reducida dice sentirse impotente tras sufrir este robo a mano armada, y que nada pudo hacer por defenderse del asalto, pero reflexiona que en estos casos, resistirse hubiera sido lo peor.<\/p>\n<p>&#8211;<strong> \u00bfC\u00f3mo sucedieron los hechos?<\/strong><\/p>\n<p>&#8211; Yo ven\u00eda de regreso a mi hogar, y pasado el puente me dieron ganas de orinar y me detuve para hacerlo, cuando estaba orinando lleg\u00f3 un tipo con una pistola y me apunt\u00f3 por detr\u00e1s, pas\u00f3 bala, usted sabe c\u00f3mo act\u00faan y ven\u00eda encapuchado, le vi los puros ojos. Sent\u00ed mucho miedo estar en esa situaci\u00f3n.<\/p>\n<p>&#8211; <strong>\u00bfQu\u00e9 hizo el delincuente?<\/strong><\/p>\n<p>&#8211; Lo primero que me gritaba es que quer\u00eda la plata, despu\u00e9s empez\u00f3 con las groser\u00edas de ah\u00ed tom\u00f3 el auto y parti\u00f3 hacia San Felipe. Mis documentos lamentablemente estaban todos dentro del auto.<\/p>\n<p>&#8211;<strong> \u00bfDentro del colectivo manten\u00eda dinero?<\/strong><\/p>\n<p>&#8211; S\u00ed, la recaudaci\u00f3n de las carreras aproximadamente $25.000 a $30.000.<\/p>\n<p>&#8211;<strong> \u00bfQu\u00e9 hizo despu\u00e9s del asalto?<\/strong><\/p>\n<p>&#8211; Me dirig\u00ed a pedir auxilio por ah\u00ed a la salida de Las Acacias y justo pas\u00f3 un colega y fuimos a Carabineros. Ellos ah\u00ed lo hablaron por radio, lo encargaron a otras patrullas.<\/p>\n<p>&#8211; <strong>\u00bfCon este robo Ud. pierde su \u00fanica fuente laboral?<\/strong><\/p>\n<p>&#8211; Exactamente, quedo a brazos cruzados. Ya llevo aproximadamente nueve a diez a\u00f1os. Nunca me hab\u00eda pasado esto, jam\u00e1s. Esto es una impotencia terrible y con el f\u00edsico m\u00edo no pude defenderme pero a veces resistirse es peor.<\/p>\n<p>Don Jaime Y\u00e9venes llama a la comunidad a entregar cualquier informaci\u00f3n sobre el paradero del veh\u00edculo marca Toyota placa patente GP YW \u2013 10 al tel\u00e9fono <strong>+56 953063431<\/strong> o directamente a Carabineros de San Felipe.<\/p>\n<p><strong>Pablo Salinas Sald\u00edas<\/strong><\/p>\n<p><strong>\u00a0<\/strong><\/p>\n<figure id=\"attachment_96381\" aria-describedby=\"caption-attachment-96381\" style=\"width: 580px\" class=\"wp-caption alignnone\"><img data-recalc-dims=\"1\" loading=\"lazy\" decoding=\"async\" class=\"size-full wp-image-96381\" src=\"https:\/\/i0.wp.com\/www.eltrabajo.cl\/portal\/wp-content\/uploads\/2020\/01\/robo-JAIME-YEVENES-PEREZ.jpg?resize=580%2C598\" alt=\"Don Jaime Y\u00e9venes P\u00e9rez, chofer de colectivo de la L\u00ednea 5 en San Felipe, sufri\u00f3 un asalto la tarde de este jueves en las cercan\u00edas del Puente Enc\u00f3n de esta comuna.\" width=\"580\" height=\"598\" srcset=\"https:\/\/i0.wp.com\/eltrabajo.cl\/portal\/wp-content\/uploads\/2020\/01\/robo-JAIME-YEVENES-PEREZ.jpg?w=580&amp;ssl=1 580w, https:\/\/i0.wp.com\/eltrabajo.cl\/portal\/wp-content\/uploads\/2020\/01\/robo-JAIME-YEVENES-PEREZ.jpg?resize=291%2C300&amp;ssl=1 291w, https:\/\/i0.wp.com\/eltrabajo.cl\/portal\/wp-content\/uploads\/2020\/01\/robo-JAIME-YEVENES-PEREZ.jpg?resize=145%2C150&amp;ssl=1 145w, https:\/\/i0.wp.com\/eltrabajo.cl\/portal\/wp-content\/uploads\/2020\/01\/robo-JAIME-YEVENES-PEREZ.jpg?resize=400%2C412&amp;ssl=1 400w\" sizes=\"auto, (max-width: 580px) 100vw, 580px\" \/><figcaption id=\"caption-attachment-96381\" class=\"wp-caption-text\">Don Jaime Y\u00e9venes P\u00e9rez, chofer de colectivo de la L\u00ednea 5 en San Felipe, sufri\u00f3 un asalto la tarde de este jueves en las cercan\u00edas del Puente Enc\u00f3n de esta comuna.<\/figcaption><\/figure>\n<p>&nbsp;<\/p>\n<figure id=\"attachment_96379\" aria-describedby=\"caption-attachment-96379\" style=\"width: 580px\" class=\"wp-caption alignnone\"><img data-recalc-dims=\"1\" loading=\"lazy\" decoding=\"async\" class=\"size-full wp-image-96379\" src=\"https:\/\/i0.wp.com\/www.eltrabajo.cl\/portal\/wp-content\/uploads\/2020\/01\/robo-COLECTIVO-ROBADO.jpg?resize=580%2C600\" alt=\"En redes sociales se ha difundido esta fotograf\u00eda para pedir a la comunidad informaci\u00f3n respecto al paradero del veh\u00edculo. \" width=\"580\" height=\"600\" srcset=\"https:\/\/i0.wp.com\/eltrabajo.cl\/portal\/wp-content\/uploads\/2020\/01\/robo-COLECTIVO-ROBADO.jpg?w=580&amp;ssl=1 580w, https:\/\/i0.wp.com\/eltrabajo.cl\/portal\/wp-content\/uploads\/2020\/01\/robo-COLECTIVO-ROBADO.jpg?resize=290%2C300&amp;ssl=1 290w, https:\/\/i0.wp.com\/eltrabajo.cl\/portal\/wp-content\/uploads\/2020\/01\/robo-COLECTIVO-ROBADO.jpg?resize=145%2C150&amp;ssl=1 145w, https:\/\/i0.wp.com\/eltrabajo.cl\/portal\/wp-content\/uploads\/2020\/01\/robo-COLECTIVO-ROBADO.jpg?resize=400%2C414&amp;ssl=1 400w\" sizes=\"auto, (max-width: 580px) 100vw, 580px\" \/><figcaption id=\"caption-attachment-96379\" class=\"wp-caption-text\">En redes sociales se ha difundido esta fotograf\u00eda para pedir a la comunidad informaci\u00f3n respecto al paradero del veh\u00edculo.<\/figcaption><\/figure>\n","protected":false},"excerpt":{"rendered":"<p>Violento atraco en cercan\u00edas de Puente Enc\u00f3n: El afectado perteneciente a la L\u00ednea 5 de colectivos, pierde su fuente laboral en la que ha desempe\u00f1ado por cerca de diez a\u00f1os. Hasta el&#8230;<\/p>\n","protected":false},"author":482,"featured_media":96380,"comment_status":"open","ping_status":"open","sticky":false,"template":"","format":"standard","meta":{"advanced_seo_description":"","jetpack_seo_html_title":"","jetpack_seo_noindex":false,"_jetpack_memberships_contains_paid_content":false,"footnotes":""},"categories":[21],"tags":[],"class_list":["post-96378","post","type-post","status-publish","format-standard","has-post-thumbnail","hentry","category-policial"],"jetpack_featured_media_url":"https:\/\/i0.wp.com\/eltrabajo.cl\/portal\/wp-content\/uploads\/2020\/01\/robo-COLECTIVO.jpg?fit=580%2C359&ssl=1","jetpack_sharing_enabled":true,"jetpack_likes_enabled":true,"jetpack-related-posts":[],"_links":{"self":[{"href":"https:\/\/eltrabajo.cl\/portal\/wp-json\/wp\/v2\/posts\/96378","targetHints":{"allow":["GET"]}}],"collection":[{"href":"https:\/\/eltrabajo.cl\/portal\/wp-json\/wp\/v2\/posts"}],"about":[{"href":"https:\/\/eltrabajo.cl\/portal\/wp-json\/wp\/v2\/types\/post"}],"author":[{"embeddable":true,"href":"https:\/\/eltrabajo.cl\/portal\/wp-json\/wp\/v2\/users\/482"}],"replies":[{"embeddable":true,"href":"https:\/\/eltrabajo.cl\/portal\/wp-json\/wp\/v2\/comments?post=96378"}],"version-history":[{"count":0,"href":"https:\/\/eltrabajo.cl\/portal\/wp-json\/wp\/v2\/posts\/96378\/revisions"}],"wp:featuredmedia":[{"embeddable":true,"href":"https:\/\/eltrabajo.cl\/portal\/wp-json\/wp\/v2\/media\/96380"}],"wp:attachment":[{"href":"https:\/\/eltrabajo.cl\/portal\/wp-json\/wp\/v2\/media?parent=96378"}],"wp:term":[{"taxonomy":"category","embeddable":true,"href":"https:\/\/eltrabajo.cl\/portal\/wp-json\/wp\/v2\/categories?post=96378"},{"taxonomy":"post_tag","embeddable":true,"href":"https:\/\/eltrabajo.cl\/portal\/wp-json\/wp\/v2\/tags?post=96378"}],"curies":[{"name":"wp","href":"https:\/\/api.w.org\/{rel}","templated":true}]}}