{"id":96398,"date":"2020-01-06T05:06:30","date_gmt":"2020-01-06T08:06:30","guid":{"rendered":"http:\/\/www.eltrabajo.cl\/portal\/?p=96398"},"modified":"2020-01-05T21:54:19","modified_gmt":"2020-01-06T00:54:19","slug":"dos-vecinos-y-un-perro-sufren-descarga-electrica-al-tocar-reja-en-santa-maria","status":"publish","type":"post","link":"https:\/\/eltrabajo.cl\/portal\/dos-vecinos-y-un-perro-sufren-descarga-electrica-al-tocar-reja-en-santa-maria\/","title":{"rendered":"Dos vecinos y un perro sufren descarga el\u00e9ctrica al tocar reja en Santa Mar\u00eda"},"content":{"rendered":"<p><span style=\"color: #ff0000;\"><strong>Fuga de energ\u00eda se expandi\u00f3 por numerosos domicilios:<\/strong><\/span><\/p>\n<ul>\n<li><strong>La emergencia se produjo durante la ma\u00f1ana de ayer domingo, registr\u00e1ndose dos vecinos afectados sin graves consecuencias y hasta un peque\u00f1o perrito abandonado, el que debi\u00f3 ser trasladado hasta una veterinaria sanfelipe\u00f1a.<\/strong><\/li>\n<\/ul>\n<p>Dos vecinos de Villa Los Olivos en el sector La Higuera de Santa Mar\u00eda y un perro en situaci\u00f3n de abandono, sufrieron una descarga el\u00e9ctrica al momento de tomar contacto con la reja de cierre perimetral de sus viviendas pasadas las 10:00 horas de la ma\u00f1ana de ayer domingo.<\/p>\n<p>El hecho fue informado de inmediato a personal de Bomberos quienes se dirigieron hasta ese sector para informar a todos los residentes dentro de un tramo de 200 metros sobre esta emergencia, donde las rejas se mantendr\u00edan energizadas con electricidad, aparentemente por una fuga, solicit\u00e1ndose adem\u00e1s la presencia de dos cuadrillas de la empresa Chilquinta, as\u00ed lo inform\u00f3 a <strong>Diario El Trabajo<\/strong> el relacionador p\u00fablico de Bomberos de Santa Mar\u00eda, <strong>Diego Arancibia Rodr\u00edguez<\/strong>.<\/p>\n<p>\u201c<em>Los Bomberos al llegar al lugar, por medio de sus instrumentos con un bast\u00f3n diel\u00e9ctrico encontraron energ\u00eda en diferentes puntos de un tramo de 150 metros aproximadamente. Bomberos llam\u00f3 a Chilquinta, el cual se present\u00f3 al poco tiempo. Las causas van a ser de su investigaci\u00f3n, ellos cortaron toda la luz de ese sector, aislando Villa Los Olivos, cortaron la energ\u00eda de los empalmes domiciliarios uno a uno para ir buscando la causa. Esto pudo haber sido por contacto directo o indirecto de alg\u00fan flujo de energ\u00eda que pudo haber sido por la acometida en mal estado o alg\u00fan tensor de un poste. Chilquinta hizo todas las maniobras necesarias hasta alrededor de las 15:30 horas, realizando mediciones hasta restablecer la energ\u00eda, no encontrando nada que pudiera causar accidente alguna persona o animal<\/em>\u201d.<\/p>\n<p>&#8211;<strong> \u00bfDos personas y un perro sufrieron una descarga el\u00e9ctrica? <\/strong><\/p>\n<p>&#8211; Un adulto joven al abrir la reja de su domicilio sufri\u00f3 una descarga (el\u00e9ctrica), no determinada su magnitud, sintiendo un fuerte dolor en su brazo y pierna izquierda. No fue necesaria la presencia del Samu porque no fue una descarga de los 220 volts, es una fuga de energ\u00eda que estaba siendo afectada en alg\u00fan lugar. La otra persona de sexo femenino se\u00f1al\u00f3 haber sentido en su domicilio pero de menor magnitud que el vecino. Avisamos casa por casa del problema existente, que no se acercaran a los puntos marcados, luego de esta labor, un vecino indic\u00f3 ver un perro acercarse a una de las rejas y recibir una descarga. Se encontr\u00f3 al perro vivo con signos de haber recibido una descarga el\u00e9ctrica.<\/p>\n<p>El perrito fue trasladado por un vecino hasta Veterinaria Alc\u00e1ntara de San Felipe para ser atendido y recibir los Primeros Auxilios indicados.<\/p>\n<p>En tanto Bomberos destac\u00f3 la oportuna intervenci\u00f3n de la empresa Chilquinta, que permiti\u00f3 restablecer la energ\u00eda el\u00e9ctrica durante la jornada sin riesgos hacia los inmuebles donde se origin\u00f3 esta inusual emergencia.<\/p>\n<p><strong>Pablo Salinas Sald\u00edas<\/strong><\/p>\n<p><strong>\u00a0<\/strong><\/p>\n<figure id=\"attachment_96400\" aria-describedby=\"caption-attachment-96400\" style=\"width: 580px\" class=\"wp-caption alignnone\"><img data-recalc-dims=\"1\" loading=\"lazy\" decoding=\"async\" class=\"size-full wp-image-96400\" src=\"https:\/\/i0.wp.com\/www.eltrabajo.cl\/portal\/wp-content\/uploads\/2020\/01\/EMERGENCIA1.jpg?resize=580%2C359\" alt=\"El perrito en situaci\u00f3n de abandono fue una de las v\u00edctimas de haber sufrido una descarga el\u00e9ctrica.\" width=\"580\" height=\"359\" srcset=\"https:\/\/i0.wp.com\/eltrabajo.cl\/portal\/wp-content\/uploads\/2020\/01\/EMERGENCIA1.jpg?w=580&amp;ssl=1 580w, https:\/\/i0.wp.com\/eltrabajo.cl\/portal\/wp-content\/uploads\/2020\/01\/EMERGENCIA1.jpg?resize=300%2C186&amp;ssl=1 300w, https:\/\/i0.wp.com\/eltrabajo.cl\/portal\/wp-content\/uploads\/2020\/01\/EMERGENCIA1.jpg?resize=200%2C124&amp;ssl=1 200w, https:\/\/i0.wp.com\/eltrabajo.cl\/portal\/wp-content\/uploads\/2020\/01\/EMERGENCIA1.jpg?resize=242%2C150&amp;ssl=1 242w, https:\/\/i0.wp.com\/eltrabajo.cl\/portal\/wp-content\/uploads\/2020\/01\/EMERGENCIA1.jpg?resize=400%2C248&amp;ssl=1 400w\" sizes=\"auto, (max-width: 580px) 100vw, 580px\" \/><figcaption id=\"caption-attachment-96400\" class=\"wp-caption-text\">El perrito en situaci\u00f3n de abandono fue una de las v\u00edctimas de haber sufrido una descarga el\u00e9ctrica.<\/figcaption><\/figure>\n<p>&nbsp;<\/p>\n<figure id=\"attachment_96401\" aria-describedby=\"caption-attachment-96401\" style=\"width: 580px\" class=\"wp-caption alignnone\"><img data-recalc-dims=\"1\" loading=\"lazy\" decoding=\"async\" class=\"size-full wp-image-96401\" src=\"https:\/\/i0.wp.com\/www.eltrabajo.cl\/portal\/wp-content\/uploads\/2020\/01\/EMERGENCIA2.jpg?resize=580%2C360\" alt=\"Personal de Chilquinta realizando las labores de investigaci\u00f3n de la fuga el\u00e9ctrica durante la jornada de ayer domingo.\" width=\"580\" height=\"360\" srcset=\"https:\/\/i0.wp.com\/eltrabajo.cl\/portal\/wp-content\/uploads\/2020\/01\/EMERGENCIA2.jpg?w=580&amp;ssl=1 580w, https:\/\/i0.wp.com\/eltrabajo.cl\/portal\/wp-content\/uploads\/2020\/01\/EMERGENCIA2.jpg?resize=300%2C186&amp;ssl=1 300w, https:\/\/i0.wp.com\/eltrabajo.cl\/portal\/wp-content\/uploads\/2020\/01\/EMERGENCIA2.jpg?resize=200%2C124&amp;ssl=1 200w, https:\/\/i0.wp.com\/eltrabajo.cl\/portal\/wp-content\/uploads\/2020\/01\/EMERGENCIA2.jpg?resize=242%2C150&amp;ssl=1 242w, https:\/\/i0.wp.com\/eltrabajo.cl\/portal\/wp-content\/uploads\/2020\/01\/EMERGENCIA2.jpg?resize=400%2C248&amp;ssl=1 400w\" sizes=\"auto, (max-width: 580px) 100vw, 580px\" \/><figcaption id=\"caption-attachment-96401\" class=\"wp-caption-text\">Personal de Chilquinta realizando las labores de investigaci\u00f3n de la fuga el\u00e9ctrica durante la jornada de ayer domingo.<\/figcaption><\/figure>\n<p>&nbsp;<\/p>\n<figure id=\"attachment_96399\" aria-describedby=\"caption-attachment-96399\" style=\"width: 580px\" class=\"wp-caption alignnone\"><img data-recalc-dims=\"1\" loading=\"lazy\" decoding=\"async\" class=\"size-full wp-image-96399\" src=\"https:\/\/i0.wp.com\/www.eltrabajo.cl\/portal\/wp-content\/uploads\/2020\/01\/emergencia-PERRITO-VETERINARIA.jpg?resize=580%2C600\" alt=\"El perrito fue atendido en la Veterinaria Alc\u00e1ntara de San Felipe. (Fotograf\u00eda: Ricardo Herrera Fern\u00e1ndez).\" width=\"580\" height=\"600\" srcset=\"https:\/\/i0.wp.com\/eltrabajo.cl\/portal\/wp-content\/uploads\/2020\/01\/emergencia-PERRITO-VETERINARIA.jpg?w=580&amp;ssl=1 580w, https:\/\/i0.wp.com\/eltrabajo.cl\/portal\/wp-content\/uploads\/2020\/01\/emergencia-PERRITO-VETERINARIA.jpg?resize=290%2C300&amp;ssl=1 290w, https:\/\/i0.wp.com\/eltrabajo.cl\/portal\/wp-content\/uploads\/2020\/01\/emergencia-PERRITO-VETERINARIA.jpg?resize=145%2C150&amp;ssl=1 145w, https:\/\/i0.wp.com\/eltrabajo.cl\/portal\/wp-content\/uploads\/2020\/01\/emergencia-PERRITO-VETERINARIA.jpg?resize=400%2C414&amp;ssl=1 400w\" sizes=\"auto, (max-width: 580px) 100vw, 580px\" \/><figcaption id=\"caption-attachment-96399\" class=\"wp-caption-text\">El perrito fue atendido en la Veterinaria Alc\u00e1ntara de San Felipe. (Fotograf\u00eda: Ricardo Herrera Fern\u00e1ndez).<\/figcaption><\/figure>\n","protected":false},"excerpt":{"rendered":"<p>Fuga de energ\u00eda se expandi\u00f3 por numerosos domicilios: La emergencia se produjo durante la ma\u00f1ana de ayer domingo, registr\u00e1ndose dos vecinos afectados sin graves consecuencias y hasta un peque\u00f1o perrito abandonado, el&#8230;<\/p>\n","protected":false},"author":482,"featured_media":96400,"comment_status":"open","ping_status":"open","sticky":false,"template":"","format":"standard","meta":{"advanced_seo_description":"","jetpack_seo_html_title":"","jetpack_seo_noindex":false,"_jetpack_memberships_contains_paid_content":false,"footnotes":""},"categories":[21],"tags":[],"class_list":["post-96398","post","type-post","status-publish","format-standard","has-post-thumbnail","hentry","category-policial"],"jetpack_featured_media_url":"https:\/\/i0.wp.com\/eltrabajo.cl\/portal\/wp-content\/uploads\/2020\/01\/EMERGENCIA1.jpg?fit=580%2C359&ssl=1","jetpack_sharing_enabled":true,"jetpack_likes_enabled":true,"jetpack-related-posts":[],"_links":{"self":[{"href":"https:\/\/eltrabajo.cl\/portal\/wp-json\/wp\/v2\/posts\/96398","targetHints":{"allow":["GET"]}}],"collection":[{"href":"https:\/\/eltrabajo.cl\/portal\/wp-json\/wp\/v2\/posts"}],"about":[{"href":"https:\/\/eltrabajo.cl\/portal\/wp-json\/wp\/v2\/types\/post"}],"author":[{"embeddable":true,"href":"https:\/\/eltrabajo.cl\/portal\/wp-json\/wp\/v2\/users\/482"}],"replies":[{"embeddable":true,"href":"https:\/\/eltrabajo.cl\/portal\/wp-json\/wp\/v2\/comments?post=96398"}],"version-history":[{"count":0,"href":"https:\/\/eltrabajo.cl\/portal\/wp-json\/wp\/v2\/posts\/96398\/revisions"}],"wp:featuredmedia":[{"embeddable":true,"href":"https:\/\/eltrabajo.cl\/portal\/wp-json\/wp\/v2\/media\/96400"}],"wp:attachment":[{"href":"https:\/\/eltrabajo.cl\/portal\/wp-json\/wp\/v2\/media?parent=96398"}],"wp:term":[{"taxonomy":"category","embeddable":true,"href":"https:\/\/eltrabajo.cl\/portal\/wp-json\/wp\/v2\/categories?post=96398"},{"taxonomy":"post_tag","embeddable":true,"href":"https:\/\/eltrabajo.cl\/portal\/wp-json\/wp\/v2\/tags?post=96398"}],"curies":[{"name":"wp","href":"https:\/\/api.w.org\/{rel}","templated":true}]}}