{"id":96427,"date":"2020-01-07T05:06:10","date_gmt":"2020-01-07T08:06:10","guid":{"rendered":"http:\/\/www.eltrabajo.cl\/portal\/?p=96427"},"modified":"2020-01-07T02:28:55","modified_gmt":"2020-01-07T05:28:55","slug":"sujetos-encapuchados-asaltan-cementerio-valle-de-auco-roban-dinero-y-se-llevan-auto","status":"publish","type":"post","link":"https:\/\/eltrabajo.cl\/portal\/sujetos-encapuchados-asaltan-cementerio-valle-de-auco-roban-dinero-y-se-llevan-auto\/","title":{"rendered":"Sujetos encapuchados asaltan Cementerio Valle de Auco, roban dinero y se llevan auto"},"content":{"rendered":"<p><span style=\"color: #ff0000;\"><strong>Desconocidos provocaron millonarios da\u00f1os:<\/strong><\/span><\/p>\n<p>Un grupo de aproximadamente seis personas se metieron a robar a las dependencias del Cementerio Valle de Auco ubicado en la carretera General San Mart\u00edn. Para ello amarraron al guardia y lo arrojaron al suelo donde lo dejaron mientras registraban toda la oficina.<\/p>\n<p>Los delincuentes provocaron da\u00f1os millonarios y junto con ello robaron alrededor de 400 mil pesos, llev\u00e1ndose consigo adem\u00e1s el autom\u00f3vil particular del nochero, un veh\u00edculo marca Chevrolet color rojo de cuatro puertas.<\/p>\n<p>El gerente del cementerio, <strong>Jaime del Campo<\/strong>, reconoci\u00f3 el hecho a la opini\u00f3n p\u00fablica se\u00f1alando lo siguiente: <em>\u201cUna situaci\u00f3n bien lamentable que sufrimos la madrugada de hoy (ayer), alrededor de la 01:30 horas; se activaron las alarmas de la oficina, lleg\u00f3 el mensaje al celular, activamos el protocolo, se llam\u00f3 a Carabineros, pero cuando lleg\u00f3 Carabineros ya hab\u00edan maniatado al nochero que tenemos, hab\u00edan dado vuelta la oficina completa, botaron todos los papeles al suelo, buscaban claramente dinero en efectivo. Gracias a Dios no encontraron, as\u00ed es que por ese lado estamos m\u00e1s o menos tranquilos, bastante asustado por el tema de los robos y los asaltos. La peor parte se la llev\u00f3 el nochero que lo dejaron amarrado en el suelo, le robaron el auto de \u00e9l, pero mal, con des\u00e1nimo cuando ocurren estas cosas\u201d,<\/em> dijo Jaime del Campo, gerente.<\/p>\n<p>&#8211; <strong>\u00bfC\u00f3mo qued\u00f3 el nochero?<\/strong><\/p>\n<p>&#8211; No tuvo mayores lesiones, pero s\u00ed lo dejamos para que quede tranquilo, se vaya con reposo; no le pas\u00f3 nada grave m\u00e1s que el susto; sufri\u00f3 una golpiza leve para poder tirarlo al suelo y dejarlo amarrado, pero m\u00e1s que eso\u2026 heridas no tiene.<\/p>\n<p>&#8211; <strong>\u00bfC\u00f3mo fue la din\u00e1mica de los hechos, qu\u00e9 les coment\u00f3 \u00e9l?<\/strong><\/p>\n<p>&#8211; El se encuentra en la zona de bodegas, \u00a0escuch\u00f3 la alarma de la oficina que est\u00e1 m\u00e1s abajo, baj\u00f3 y cuando iba camino a la oficina lo abordaron cuatro personas, porque en total eran seis; lo abordaron cuatro personas encapuchadas que lo amarraron, lo tiraron al suelo y se lo llevaron amarrado a la oficina abajo y ah\u00ed lo dejaron en un esquina, con la cabeza tapada. Pero fuera de eso estuvo tranquilo, antes de eso estuvo tranquilo, no hubo problemas, ahora estamos revisando el tema de las c\u00e1maras.<\/p>\n<p>&#8211; <strong>\u00bfAl revisar las c\u00e1maras, alg\u00fan distintivo de los sujetos o algo caracter\u00edstico que les haya llamado la atenci\u00f3n a ustedes?<\/strong><\/p>\n<p>&#8211; No, nada todav\u00eda, toda esa parte la est\u00e1 viendo Polic\u00eda de Investigaciones que llegaron hoy d\u00eda (ayer) en la ma\u00f1ana; se tomaron huellas dactilares, estuvo Carabineros aqu\u00ed toda la noche, pero estaban encapuchados, entonces es poco m\u00e1s dif\u00edcil de poder determinar alg\u00fan rasgo f\u00edsico que uno pudiera ver.<\/p>\n<p>En total, seg\u00fan el gerente, los da\u00f1os y dinero llegan a una suma cercana a los cuatro millones de pesos, sin contar el auto del nochero; cuatrocientos mil pesos\u00a0 en efectivo, correspondiente a lo recaudado del d\u00eda en caja chica, y lo dem\u00e1s en da\u00f1os que se provocaron en la oficina, quebraz\u00f3n de vidrios, puertas forzadas, robaron unas herramientas de la bodega. M\u00e1s las c\u00e1maras porque las quebraron y ayer se encontraban reponi\u00e9ndolas de nuevo para dejar todo operativo.<\/p>\n<p>El parque sigue funcionando y prestan servicio a una cantidad de 5.000 familias. Se encuentra ubicado \u00a0en Carretera General San Mart\u00edn en Rinconada.<\/p>\n<p>&nbsp;<\/p>\n<figure id=\"attachment_96428\" aria-describedby=\"caption-attachment-96428\" style=\"width: 580px\" class=\"wp-caption alignnone\"><img data-recalc-dims=\"1\" loading=\"lazy\" decoding=\"async\" class=\"size-full wp-image-96428\" src=\"https:\/\/i0.wp.com\/www.eltrabajo.cl\/portal\/wp-content\/uploads\/2020\/01\/Valle-Auco.jpg?resize=580%2C358\" alt=\"Frontis de la oficina del cementerio parque Valle de Auco.\" width=\"580\" height=\"358\" srcset=\"https:\/\/i0.wp.com\/eltrabajo.cl\/portal\/wp-content\/uploads\/2020\/01\/Valle-Auco.jpg?w=580&amp;ssl=1 580w, https:\/\/i0.wp.com\/eltrabajo.cl\/portal\/wp-content\/uploads\/2020\/01\/Valle-Auco.jpg?resize=300%2C185&amp;ssl=1 300w, https:\/\/i0.wp.com\/eltrabajo.cl\/portal\/wp-content\/uploads\/2020\/01\/Valle-Auco.jpg?resize=200%2C123&amp;ssl=1 200w, https:\/\/i0.wp.com\/eltrabajo.cl\/portal\/wp-content\/uploads\/2020\/01\/Valle-Auco.jpg?resize=243%2C150&amp;ssl=1 243w, https:\/\/i0.wp.com\/eltrabajo.cl\/portal\/wp-content\/uploads\/2020\/01\/Valle-Auco.jpg?resize=400%2C247&amp;ssl=1 400w\" sizes=\"auto, (max-width: 580px) 100vw, 580px\" \/><figcaption id=\"caption-attachment-96428\" class=\"wp-caption-text\">Frontis de la oficina del cementerio parque Valle de Auco.<\/figcaption><\/figure>\n","protected":false},"excerpt":{"rendered":"<p>Desconocidos provocaron millonarios da\u00f1os: Un grupo de aproximadamente seis personas se metieron a robar a las dependencias del Cementerio Valle de Auco ubicado en la carretera General San Mart\u00edn. Para ello amarraron&#8230;<\/p>\n","protected":false},"author":482,"featured_media":96428,"comment_status":"open","ping_status":"open","sticky":false,"template":"","format":"standard","meta":{"advanced_seo_description":"","jetpack_seo_html_title":"","jetpack_seo_noindex":false,"_jetpack_memberships_contains_paid_content":false,"footnotes":""},"categories":[21],"tags":[],"class_list":["post-96427","post","type-post","status-publish","format-standard","has-post-thumbnail","hentry","category-policial"],"jetpack_featured_media_url":"https:\/\/i0.wp.com\/eltrabajo.cl\/portal\/wp-content\/uploads\/2020\/01\/Valle-Auco.jpg?fit=580%2C358&ssl=1","jetpack_sharing_enabled":true,"jetpack_likes_enabled":true,"jetpack-related-posts":[],"_links":{"self":[{"href":"https:\/\/eltrabajo.cl\/portal\/wp-json\/wp\/v2\/posts\/96427","targetHints":{"allow":["GET"]}}],"collection":[{"href":"https:\/\/eltrabajo.cl\/portal\/wp-json\/wp\/v2\/posts"}],"about":[{"href":"https:\/\/eltrabajo.cl\/portal\/wp-json\/wp\/v2\/types\/post"}],"author":[{"embeddable":true,"href":"https:\/\/eltrabajo.cl\/portal\/wp-json\/wp\/v2\/users\/482"}],"replies":[{"embeddable":true,"href":"https:\/\/eltrabajo.cl\/portal\/wp-json\/wp\/v2\/comments?post=96427"}],"version-history":[{"count":0,"href":"https:\/\/eltrabajo.cl\/portal\/wp-json\/wp\/v2\/posts\/96427\/revisions"}],"wp:featuredmedia":[{"embeddable":true,"href":"https:\/\/eltrabajo.cl\/portal\/wp-json\/wp\/v2\/media\/96428"}],"wp:attachment":[{"href":"https:\/\/eltrabajo.cl\/portal\/wp-json\/wp\/v2\/media?parent=96427"}],"wp:term":[{"taxonomy":"category","embeddable":true,"href":"https:\/\/eltrabajo.cl\/portal\/wp-json\/wp\/v2\/categories?post=96427"},{"taxonomy":"post_tag","embeddable":true,"href":"https:\/\/eltrabajo.cl\/portal\/wp-json\/wp\/v2\/tags?post=96427"}],"curies":[{"name":"wp","href":"https:\/\/api.w.org\/{rel}","templated":true}]}}