{"id":96431,"date":"2020-01-07T05:07:00","date_gmt":"2020-01-07T08:07:00","guid":{"rendered":"http:\/\/www.eltrabajo.cl\/portal\/?p=96431"},"modified":"2020-01-07T02:32:36","modified_gmt":"2020-01-07T05:32:36","slug":"dos-carabineros-heridos-con-perdigones-en-medio-de-manifestacion-en-llay-llay","status":"publish","type":"post","link":"https:\/\/eltrabajo.cl\/portal\/dos-carabineros-heridos-con-perdigones-en-medio-de-manifestacion-en-llay-llay\/","title":{"rendered":"Dos carabineros heridos con perdigones en medio de manifestaci\u00f3n en Llay Llay"},"content":{"rendered":"<p><span style=\"color: #ff0000;\"><strong>Imputado se entreg\u00f3 voluntariamente ante Tribunal:<\/strong><\/span><\/p>\n<ul>\n<li><strong>Las v\u00edctimas resultaron con diversas lesiones en su cuerpo de car\u00e1cter leve. En tanto el imputado tras ser formalizado en Tribunales fue dejado en libertad con cautelares de m\u00ednima intensidad.<\/strong><\/li>\n<\/ul>\n<p>Un capit\u00e1n y un cabo de Carabineros resultaron con heridas de perdigones luego que dos sujetos dispararan aparentemente armamentos hechizos en medio de un grupo de manifestantes que se apost\u00f3 en las afueras de la Subcomisar\u00eda de Llay Llay tras la detenci\u00f3n de una persona por des\u00f3rdenes p\u00fablicos en la ruta 5 Norte.<\/p>\n<p>El hecho habr\u00eda ocurrido pasada la medianoche de este domingo, mientras los manifestantes se encontraban en la v\u00eda p\u00fablica protestando frente al cuartel policial, resguardado por el capit\u00e1n de Carabineros<strong> Mario Ugarte Vald\u00e9s <\/strong>y el cabo 2\u00ba<strong> Miguel Mu\u00f1oz Valenzuela<\/strong>.<\/p>\n<p>De acuerdo a los registros audiovisuales de las c\u00e1maras de seguridad de la Subcomisar\u00eda de Carabineros y de la Municipalidad, dos sujetos habr\u00edan extra\u00eddo escopetas hechizas en medio de las manifestaciones, apuntando contra los funcionarios policiales que resultaron lesionados con los perdigones recibidos en distintas parte de su cuerpo.<\/p>\n<p>Seg\u00fan se pudo conocer, un tercer sujeto habr\u00eda participado en el atentado, quien habr\u00eda recibido las armas de fuego para ocultarlas y fugarse del lugar, identific\u00e1ndose a uno de los dos sujetos que habr\u00edan disparado contra los carabineros.<\/p>\n<p>Fue as\u00ed que los afectados fueron atendidos en un centro hospitalario, constat\u00e1ndose haber recibido cerca de 40 perdigones de acero en ambos polic\u00edas.\u00a0 El m\u00e9dico de turno catalog\u00f3 las lesiones de car\u00e1cter leve.<\/p>\n<p>Al mismo tiempo Carabineros obtuvo una orden de detenci\u00f3n emanada del Juzgado de Garant\u00eda de San Felipe para proceder a la detenci\u00f3n de uno de los sujetos identificado con las iniciales <strong>J.E.S.M.<\/strong>, de 27 a\u00f1os de edad, quien luego de diversas diligencias policiales, no fue posible ser detenido por Carabineros.<\/p>\n<p>Sin embargo al mediod\u00eda de ayer lunes, el imputado, con antecedentes policiales por ri\u00f1a, se present\u00f3 voluntariamente en el Juzgado de Garant\u00eda de San Felipe, siendo formalizado por la Fiscal\u00eda por homicidio frustrado.<\/p>\n<p>Al t\u00e9rmino de la audiencia el sujeto qued\u00f3 en libertad, con las medidas cautelares de prohibici\u00f3n de acercarse a las v\u00edctimas y cuarteles policiales, adem\u00e1s de arraigo nacional dentro de los pr\u00f3ximos 120 d\u00edas fijados para la investigaci\u00f3n del caso.<\/p>\n<p>Seg\u00fan inform\u00f3 Carabineros, el capit\u00e1n Mario Ugarte Vald\u00e9s, jefe de la Subcomisar\u00eda Investigadora de Accidentes de Tr\u00e1nsito (SIAT) y el cabo 2\u00ba Miguel Mu\u00f1oz Valenzuela, de dotaci\u00f3n de la Segunda Comisar\u00eda de San Felipe, fueron dados de alta a la espera de la recuperaci\u00f3n de sus lesiones.<\/p>\n<p><strong>Pablo Salinas Sald\u00edas<\/strong><\/p>\n<p><strong>\u00a0<\/strong><\/p>\n<figure id=\"attachment_96434\" aria-describedby=\"caption-attachment-96434\" style=\"width: 580px\" class=\"wp-caption alignnone\"><img data-recalc-dims=\"1\" loading=\"lazy\" decoding=\"async\" class=\"size-full wp-image-96434\" src=\"https:\/\/i0.wp.com\/www.eltrabajo.cl\/portal\/wp-content\/uploads\/2020\/01\/PERDIGONES1.jpg?resize=580%2C598\" alt=\"Dos funcionarios policiales resultaron heridos por el impacto de perdigones en Llay Llay.\" width=\"580\" height=\"598\" srcset=\"https:\/\/i0.wp.com\/eltrabajo.cl\/portal\/wp-content\/uploads\/2020\/01\/PERDIGONES1.jpg?w=580&amp;ssl=1 580w, https:\/\/i0.wp.com\/eltrabajo.cl\/portal\/wp-content\/uploads\/2020\/01\/PERDIGONES1.jpg?resize=291%2C300&amp;ssl=1 291w, https:\/\/i0.wp.com\/eltrabajo.cl\/portal\/wp-content\/uploads\/2020\/01\/PERDIGONES1.jpg?resize=145%2C150&amp;ssl=1 145w, https:\/\/i0.wp.com\/eltrabajo.cl\/portal\/wp-content\/uploads\/2020\/01\/PERDIGONES1.jpg?resize=400%2C412&amp;ssl=1 400w\" sizes=\"auto, (max-width: 580px) 100vw, 580px\" \/><figcaption id=\"caption-attachment-96434\" class=\"wp-caption-text\">Dos funcionarios policiales resultaron heridos por el impacto de perdigones en Llay Llay.<\/figcaption><\/figure>\n<p>&nbsp;<\/p>\n<figure id=\"attachment_96432\" aria-describedby=\"caption-attachment-96432\" style=\"width: 580px\" class=\"wp-caption alignnone\"><img data-recalc-dims=\"1\" loading=\"lazy\" decoding=\"async\" class=\"size-full wp-image-96432\" src=\"https:\/\/i0.wp.com\/www.eltrabajo.cl\/portal\/wp-content\/uploads\/2020\/01\/PERDIGONES-2.jpg?resize=580%2C598\" alt=\"Un capit\u00e1n y un cabo de Carabineros fueron las v\u00edctimas de este atentado.\" width=\"580\" height=\"598\" srcset=\"https:\/\/i0.wp.com\/eltrabajo.cl\/portal\/wp-content\/uploads\/2020\/01\/PERDIGONES-2.jpg?w=580&amp;ssl=1 580w, https:\/\/i0.wp.com\/eltrabajo.cl\/portal\/wp-content\/uploads\/2020\/01\/PERDIGONES-2.jpg?resize=291%2C300&amp;ssl=1 291w, https:\/\/i0.wp.com\/eltrabajo.cl\/portal\/wp-content\/uploads\/2020\/01\/PERDIGONES-2.jpg?resize=145%2C150&amp;ssl=1 145w, https:\/\/i0.wp.com\/eltrabajo.cl\/portal\/wp-content\/uploads\/2020\/01\/PERDIGONES-2.jpg?resize=400%2C412&amp;ssl=1 400w\" sizes=\"auto, (max-width: 580px) 100vw, 580px\" \/><figcaption id=\"caption-attachment-96432\" class=\"wp-caption-text\">Un capit\u00e1n y un cabo de Carabineros fueron las v\u00edctimas de este atentado.<\/figcaption><\/figure>\n<p>&nbsp;<\/p>\n<figure id=\"attachment_96433\" aria-describedby=\"caption-attachment-96433\" style=\"width: 580px\" class=\"wp-caption alignnone\"><img data-recalc-dims=\"1\" loading=\"lazy\" decoding=\"async\" class=\"size-full wp-image-96433\" src=\"https:\/\/i0.wp.com\/www.eltrabajo.cl\/portal\/wp-content\/uploads\/2020\/01\/PERDIGONES-3.jpg?resize=580%2C598\" alt=\"Los funcionarios policiales recibieron atenci\u00f3n m\u00e9dica, siendo diagnosticadas sus lesiones de car\u00e1cter leve.\" width=\"580\" height=\"598\" srcset=\"https:\/\/i0.wp.com\/eltrabajo.cl\/portal\/wp-content\/uploads\/2020\/01\/PERDIGONES-3.jpg?w=580&amp;ssl=1 580w, https:\/\/i0.wp.com\/eltrabajo.cl\/portal\/wp-content\/uploads\/2020\/01\/PERDIGONES-3.jpg?resize=291%2C300&amp;ssl=1 291w, https:\/\/i0.wp.com\/eltrabajo.cl\/portal\/wp-content\/uploads\/2020\/01\/PERDIGONES-3.jpg?resize=145%2C150&amp;ssl=1 145w, https:\/\/i0.wp.com\/eltrabajo.cl\/portal\/wp-content\/uploads\/2020\/01\/PERDIGONES-3.jpg?resize=400%2C412&amp;ssl=1 400w\" sizes=\"auto, (max-width: 580px) 100vw, 580px\" \/><figcaption id=\"caption-attachment-96433\" class=\"wp-caption-text\">Los funcionarios policiales recibieron atenci\u00f3n m\u00e9dica, siendo diagnosticadas sus lesiones de car\u00e1cter leve.<\/figcaption><\/figure>\n","protected":false},"excerpt":{"rendered":"<p>Imputado se entreg\u00f3 voluntariamente ante Tribunal: Las v\u00edctimas resultaron con diversas lesiones en su cuerpo de car\u00e1cter leve. En tanto el imputado tras ser formalizado en Tribunales fue dejado en libertad con&#8230;<\/p>\n","protected":false},"author":482,"featured_media":96435,"comment_status":"open","ping_status":"open","sticky":false,"template":"","format":"standard","meta":{"advanced_seo_description":"","jetpack_seo_html_title":"","jetpack_seo_noindex":false,"_jetpack_memberships_contains_paid_content":false,"footnotes":""},"categories":[21],"tags":[],"class_list":["post-96431","post","type-post","status-publish","format-standard","has-post-thumbnail","hentry","category-policial"],"jetpack_featured_media_url":"https:\/\/i0.wp.com\/eltrabajo.cl\/portal\/wp-content\/uploads\/2020\/01\/portada-carabineros-heridos.jpg?fit=580%2C359&ssl=1","jetpack_sharing_enabled":true,"jetpack_likes_enabled":true,"jetpack-related-posts":[],"_links":{"self":[{"href":"https:\/\/eltrabajo.cl\/portal\/wp-json\/wp\/v2\/posts\/96431","targetHints":{"allow":["GET"]}}],"collection":[{"href":"https:\/\/eltrabajo.cl\/portal\/wp-json\/wp\/v2\/posts"}],"about":[{"href":"https:\/\/eltrabajo.cl\/portal\/wp-json\/wp\/v2\/types\/post"}],"author":[{"embeddable":true,"href":"https:\/\/eltrabajo.cl\/portal\/wp-json\/wp\/v2\/users\/482"}],"replies":[{"embeddable":true,"href":"https:\/\/eltrabajo.cl\/portal\/wp-json\/wp\/v2\/comments?post=96431"}],"version-history":[{"count":0,"href":"https:\/\/eltrabajo.cl\/portal\/wp-json\/wp\/v2\/posts\/96431\/revisions"}],"wp:featuredmedia":[{"embeddable":true,"href":"https:\/\/eltrabajo.cl\/portal\/wp-json\/wp\/v2\/media\/96435"}],"wp:attachment":[{"href":"https:\/\/eltrabajo.cl\/portal\/wp-json\/wp\/v2\/media?parent=96431"}],"wp:term":[{"taxonomy":"category","embeddable":true,"href":"https:\/\/eltrabajo.cl\/portal\/wp-json\/wp\/v2\/categories?post=96431"},{"taxonomy":"post_tag","embeddable":true,"href":"https:\/\/eltrabajo.cl\/portal\/wp-json\/wp\/v2\/tags?post=96431"}],"curies":[{"name":"wp","href":"https:\/\/api.w.org\/{rel}","templated":true}]}}