{"id":96438,"date":"2020-01-08T05:01:15","date_gmt":"2020-01-08T08:01:15","guid":{"rendered":"http:\/\/www.eltrabajo.cl\/portal\/?p=96438"},"modified":"2020-01-07T21:11:03","modified_gmt":"2020-01-08T00:11:03","slug":"joven-de-21-anos-de-edad-cumple-el-sueno-de-conocer-el-regimiento-yungay","status":"publish","type":"post","link":"https:\/\/eltrabajo.cl\/portal\/joven-de-21-anos-de-edad-cumple-el-sueno-de-conocer-el-regimiento-yungay\/","title":{"rendered":"Joven de 21 a\u00f1os de edad cumple el sue\u00f1o de conocer el Regimiento\u00a0 Yungay"},"content":{"rendered":"<p><strong><span style=\"color: #ff0000;\">Gesti\u00f3n de concejal, Core y Ej\u00e9rcito de Chile<\/span> <\/strong><\/p>\n<p>Una valiosa gesti\u00f3n realiz\u00f3 el concejal de Santa Mar\u00eda, <strong>Danilo Arancibia Brante<\/strong>, apoyado del CORE <strong>Iv\u00e1n Reyes Figueroa<\/strong>, quienes pudieron cumplir el sue\u00f1o de un joven de 21 a\u00f1os que lo \u00fanico que deseaba era conocer un\u00a0 regimiento. Pues bien este deseo se cumpli\u00f3 gracias a buena voluntad del Ej\u00e9rcito de Chile, m\u00e1s espec\u00edficamente de la comandancia del Regimiento Yungay a cargo del teniente coronel <strong>Patricio Ochoa<\/strong>.<\/p>\n<p>El concejal Danilo Arancibia Brante dijo que quedaron muy contentos por la actividad realizada este lunes <em>\u201ccon la escuela especial de Santa Mar\u00eda, donde se \u00a0acerc\u00f3 la se\u00f1ora Marisol D\u00edaz y nos manifest\u00f3 que su hijo estaba de cumplea\u00f1os el 4 de enero y su sue\u00f1o era conocer las dependencias del Regimiento Yungay, porque es aficionado de las pel\u00edculas, tiene todas las pel\u00edculas, tiene una colecci\u00f3n de vestimentas militar, entonces yo me acerqu\u00e9 a don Iv\u00e1n Reyes y \u00e9l me hizo la gesti\u00f3n a trav\u00e9s del Comandante del Yungay Patricio Ochoa, a la cual \u00e9l accedi\u00f3 de inmediato, no titube\u00f3 en ning\u00fan momento para acceder a esta petici\u00f3n, lo llamamos por tel\u00e9fono, hicimos la cita y este lunes se concret\u00f3 todo, fuimos a las nueve de la ma\u00f1ana, en la cual fuimos recibido por el alf\u00e9rez Guti\u00e9rrez, despu\u00e9s estuvimos con el comandante Patricio Ochoa que nos atendi\u00f3 s\u00faper bien, una bienvenida tremenda, hicimos un recorrido, algo que yo qued\u00e9 realmente impactado con el desempe\u00f1o, la buena voluntad, la disposici\u00f3n que tuvieron en este caso en el ej\u00e9rcito para cumplir este sue\u00f1o\u201d.<\/em><\/p>\n<p>&#8211;<strong> \u00bfQu\u00e9 enfermedad tiene el joven?<\/strong><\/p>\n<p>&#8211; \u00c9l naci\u00f3 con una asfixia y tiene problemas en su manito, tiene problemas en su pie, naci\u00f3 con un pie de equino que le llaman, bueno fue operado, ahora cumpli\u00f3 21 a\u00f1os y su sue\u00f1o era acercarse a las ramas del ej\u00e9rcito, particip\u00f3 en un escalamiento, le pusieron la vestimenta, despu\u00e9s para terminar le dieron una vuelta en cami\u00f3n o sea el ni\u00f1o estaba fascinado.<\/p>\n<p>&#8211; <strong>\u00bfC\u00f3mo se llama \u00e9l?<\/strong><\/p>\n<p>&#8211; Antonio Aguilera, pertenece a la escuela especial Mar\u00eda Esp\u00edndola de Santa Mar\u00eda y como dije tiene 21 a\u00f1os.<\/p>\n<p>El Regimiento Yungay actualmente tiene asiento en la ciudad de Los Andes.<\/p>\n<p>&nbsp;<\/p>\n<figure id=\"attachment_96441\" aria-describedby=\"caption-attachment-96441\" style=\"width: 580px\" class=\"wp-caption alignnone\"><img data-recalc-dims=\"1\" loading=\"lazy\" decoding=\"async\" class=\"size-full wp-image-96441\" src=\"https:\/\/i0.wp.com\/www.eltrabajo.cl\/portal\/wp-content\/uploads\/2020\/01\/sue%C3%B1o-Concejal.jpg?resize=580%2C359\" alt=\"El concejal junto al joven Antonio, madre y el Comandante del Yungay, Patricio Ochoa.\" width=\"580\" height=\"359\" srcset=\"https:\/\/i0.wp.com\/eltrabajo.cl\/portal\/wp-content\/uploads\/2020\/01\/sue%C3%B1o-Concejal.jpg?w=580&amp;ssl=1 580w, https:\/\/i0.wp.com\/eltrabajo.cl\/portal\/wp-content\/uploads\/2020\/01\/sue%C3%B1o-Concejal.jpg?resize=300%2C186&amp;ssl=1 300w, https:\/\/i0.wp.com\/eltrabajo.cl\/portal\/wp-content\/uploads\/2020\/01\/sue%C3%B1o-Concejal.jpg?resize=200%2C124&amp;ssl=1 200w, https:\/\/i0.wp.com\/eltrabajo.cl\/portal\/wp-content\/uploads\/2020\/01\/sue%C3%B1o-Concejal.jpg?resize=242%2C150&amp;ssl=1 242w, https:\/\/i0.wp.com\/eltrabajo.cl\/portal\/wp-content\/uploads\/2020\/01\/sue%C3%B1o-Concejal.jpg?resize=400%2C248&amp;ssl=1 400w\" sizes=\"auto, (max-width: 580px) 100vw, 580px\" \/><figcaption id=\"caption-attachment-96441\" class=\"wp-caption-text\">El concejal junto al joven Antonio, madre y el Comandante del Yungay, Patricio Ochoa.<\/figcaption><\/figure>\n<p>&nbsp;<\/p>\n<figure id=\"attachment_96439\" aria-describedby=\"caption-attachment-96439\" style=\"width: 580px\" class=\"wp-caption alignnone\"><img data-recalc-dims=\"1\" loading=\"lazy\" decoding=\"async\" class=\"size-full wp-image-96439\" src=\"https:\/\/i0.wp.com\/www.eltrabajo.cl\/portal\/wp-content\/uploads\/2020\/01\/sue%C3%B1o-Vestido-2.jpg?resize=580%2C359\" alt=\"Antonio vestido de militar junto a familia, concejal y militares.\" width=\"580\" height=\"359\" srcset=\"https:\/\/i0.wp.com\/eltrabajo.cl\/portal\/wp-content\/uploads\/2020\/01\/sue%C3%B1o-Vestido-2.jpg?w=580&amp;ssl=1 580w, https:\/\/i0.wp.com\/eltrabajo.cl\/portal\/wp-content\/uploads\/2020\/01\/sue%C3%B1o-Vestido-2.jpg?resize=300%2C186&amp;ssl=1 300w, https:\/\/i0.wp.com\/eltrabajo.cl\/portal\/wp-content\/uploads\/2020\/01\/sue%C3%B1o-Vestido-2.jpg?resize=200%2C124&amp;ssl=1 200w, https:\/\/i0.wp.com\/eltrabajo.cl\/portal\/wp-content\/uploads\/2020\/01\/sue%C3%B1o-Vestido-2.jpg?resize=242%2C150&amp;ssl=1 242w, https:\/\/i0.wp.com\/eltrabajo.cl\/portal\/wp-content\/uploads\/2020\/01\/sue%C3%B1o-Vestido-2.jpg?resize=400%2C248&amp;ssl=1 400w\" sizes=\"auto, (max-width: 580px) 100vw, 580px\" \/><figcaption id=\"caption-attachment-96439\" class=\"wp-caption-text\">Antonio vestido de militar junto a familia, concejal y militares.<\/figcaption><\/figure>\n<p>&nbsp;<\/p>\n<figure id=\"attachment_96440\" aria-describedby=\"caption-attachment-96440\" style=\"width: 580px\" class=\"wp-caption alignnone\"><img data-recalc-dims=\"1\" loading=\"lazy\" decoding=\"async\" class=\"size-full wp-image-96440\" src=\"https:\/\/i0.wp.com\/www.eltrabajo.cl\/portal\/wp-content\/uploads\/2020\/01\/sue%C3%B1o-Vestido.jpg?resize=580%2C598\" alt=\"Antonio vestido de militar.\" width=\"580\" height=\"598\" srcset=\"https:\/\/i0.wp.com\/eltrabajo.cl\/portal\/wp-content\/uploads\/2020\/01\/sue%C3%B1o-Vestido.jpg?w=580&amp;ssl=1 580w, https:\/\/i0.wp.com\/eltrabajo.cl\/portal\/wp-content\/uploads\/2020\/01\/sue%C3%B1o-Vestido.jpg?resize=291%2C300&amp;ssl=1 291w, https:\/\/i0.wp.com\/eltrabajo.cl\/portal\/wp-content\/uploads\/2020\/01\/sue%C3%B1o-Vestido.jpg?resize=145%2C150&amp;ssl=1 145w, https:\/\/i0.wp.com\/eltrabajo.cl\/portal\/wp-content\/uploads\/2020\/01\/sue%C3%B1o-Vestido.jpg?resize=400%2C412&amp;ssl=1 400w\" sizes=\"auto, (max-width: 580px) 100vw, 580px\" \/><figcaption id=\"caption-attachment-96440\" class=\"wp-caption-text\">Antonio vestido de militar.<\/figcaption><\/figure>\n","protected":false},"excerpt":{"rendered":"<p>Gesti\u00f3n de concejal, Core y Ej\u00e9rcito de Chile Una valiosa gesti\u00f3n realiz\u00f3 el concejal de Santa Mar\u00eda, Danilo Arancibia Brante, apoyado del CORE Iv\u00e1n Reyes Figueroa, quienes pudieron cumplir el sue\u00f1o de&#8230;<\/p>\n","protected":false},"author":482,"featured_media":96441,"comment_status":"open","ping_status":"open","sticky":false,"template":"","format":"standard","meta":{"advanced_seo_description":"","jetpack_seo_html_title":"","jetpack_seo_noindex":false,"_jetpack_memberships_contains_paid_content":false,"footnotes":""},"categories":[15],"tags":[],"class_list":["post-96438","post","type-post","status-publish","format-standard","has-post-thumbnail","hentry","category-comunidad"],"jetpack_featured_media_url":"https:\/\/i0.wp.com\/eltrabajo.cl\/portal\/wp-content\/uploads\/2020\/01\/sue%C3%B1o-Concejal.jpg?fit=580%2C359&ssl=1","jetpack_sharing_enabled":true,"jetpack_likes_enabled":true,"jetpack-related-posts":[],"_links":{"self":[{"href":"https:\/\/eltrabajo.cl\/portal\/wp-json\/wp\/v2\/posts\/96438","targetHints":{"allow":["GET"]}}],"collection":[{"href":"https:\/\/eltrabajo.cl\/portal\/wp-json\/wp\/v2\/posts"}],"about":[{"href":"https:\/\/eltrabajo.cl\/portal\/wp-json\/wp\/v2\/types\/post"}],"author":[{"embeddable":true,"href":"https:\/\/eltrabajo.cl\/portal\/wp-json\/wp\/v2\/users\/482"}],"replies":[{"embeddable":true,"href":"https:\/\/eltrabajo.cl\/portal\/wp-json\/wp\/v2\/comments?post=96438"}],"version-history":[{"count":0,"href":"https:\/\/eltrabajo.cl\/portal\/wp-json\/wp\/v2\/posts\/96438\/revisions"}],"wp:featuredmedia":[{"embeddable":true,"href":"https:\/\/eltrabajo.cl\/portal\/wp-json\/wp\/v2\/media\/96441"}],"wp:attachment":[{"href":"https:\/\/eltrabajo.cl\/portal\/wp-json\/wp\/v2\/media?parent=96438"}],"wp:term":[{"taxonomy":"category","embeddable":true,"href":"https:\/\/eltrabajo.cl\/portal\/wp-json\/wp\/v2\/categories?post=96438"},{"taxonomy":"post_tag","embeddable":true,"href":"https:\/\/eltrabajo.cl\/portal\/wp-json\/wp\/v2\/tags?post=96438"}],"curies":[{"name":"wp","href":"https:\/\/api.w.org\/{rel}","templated":true}]}}