{"id":96443,"date":"2020-01-08T05:02:11","date_gmt":"2020-01-08T08:02:11","guid":{"rendered":"http:\/\/www.eltrabajo.cl\/portal\/?p=96443"},"modified":"2020-01-07T21:13:37","modified_gmt":"2020-01-08T00:13:37","slug":"el-5-de-febrero-parte-esperado-juicio-por-homicidio-de-pedro-vergara-lobos","status":"publish","type":"post","link":"https:\/\/eltrabajo.cl\/portal\/el-5-de-febrero-parte-esperado-juicio-por-homicidio-de-pedro-vergara-lobos\/","title":{"rendered":"El 5 de febrero parte esperado juicio por homicidio de Pedro Vergara Lobos"},"content":{"rendered":"<p><span style=\"color: #ff0000;\"><strong>En Tribunal Oral en Lo Penal de San Felipe:<\/strong><\/span><\/p>\n<ul>\n<li><strong>A casi un a\u00f1o del brutal asesinato ocurrido en Catemu, la familia de la v\u00edctima conf\u00eda en la justicia esperando una condena ejemplificadora. <\/strong><\/li>\n<\/ul>\n<p>Para este pr\u00f3ximo mi\u00e9rcoles 5 de febrero se tendr\u00eda contemplada la realizaci\u00f3n del esperado juicio en el Tribunal Oral en Lo Penal de San Felipe, por el robo con homicidio que afect\u00f3 a <strong>Pedro Vergara Lobos<\/strong>, de 36 a\u00f1os de edad, y robo con violencia e intimidaci\u00f3n a una transportista de la locomoci\u00f3n colectiva ocurrido en el sector La Colonia de Catemu.<\/p>\n<p>A pocos d\u00edas de cumplirse un a\u00f1o de este brutal asesinato, la viuda de Pedro Vergara, <strong>Macarena Salgado<\/strong>, expres\u00f3 a <strong>Diario El Trabajo<\/strong> estar ansiosa por el anuncio de la fecha del juicio, esperando que finalmente se haga justicia tras el homicidio del joven padre de familia.<\/p>\n<p>\u201c<em>Estoy ansiosa y nerviosa porque tanto tiempo esperar y que llegue el d\u00eda y verle la cara nuevamente a estos tipos, igual es complicado. Pero vale la pena verle la cara a estos tipos porque as\u00ed se har\u00e1 justicia que es lo que hemos buscado ya pr\u00e1cticamente un a\u00f1o. Varios de nosotros de la familia esperamos que les den (a los imputados) el m\u00e1ximo de a\u00f1os\u201d.<\/em><\/p>\n<p>Como se recordar\u00e1 los acusados <strong>Bryan Jeremy Cavieres Vera<\/strong>, alias<strong> \u2018El Peruano\u2019<\/strong>, y<strong> Gabriel Gonz\u00e1lez Guerra<\/strong>, apodado<strong> \u2018El Gaviota\u2019<\/strong>, habr\u00edan concertado el 25 de enero de 2019 cometer el asalto a una conductora de un colectivo de 61 a\u00f1os de edad de recorrido Catemu \u2013 El Cobre, premunidos de un arma de fuego.<\/p>\n<p>En el sector de La Colonia, Pedro Vergara Lobos (la v\u00edctima) habr\u00eda intentado repeler el asalto a la transportista, siendo asesinado por uno de estos delincuentes que le dispar\u00f3 con un arma de fuego directamente en la cabeza del joven padre, quien falleci\u00f3 a los pocos minutos.<\/p>\n<p>Tras cometido el brutal crimen, los imputados habr\u00edan escapado en la camioneta del fallecido para abandonarla horas m\u00e1s tarde en la comuna de Llay Llay.<\/p>\n<p>Las penas asignadas por robo con homicidio parten desde los 15 a\u00f1os y un d\u00eda hasta presidio perpetuo calificado. En tanto el robo con violencia e intimidaci\u00f3n parte desde los 5 a\u00f1os hasta los 20 a\u00f1os de c\u00e1rcel.<\/p>\n<p><strong>Pablo Salinas Sald\u00edas<\/strong><\/p>\n<p><strong>\u00a0<\/strong><\/p>\n<figure id=\"attachment_96444\" aria-describedby=\"caption-attachment-96444\" style=\"width: 577px\" class=\"wp-caption alignnone\"><img data-recalc-dims=\"1\" loading=\"lazy\" decoding=\"async\" class=\"size-full wp-image-96444\" src=\"https:\/\/i0.wp.com\/www.eltrabajo.cl\/portal\/wp-content\/uploads\/2020\/01\/PEDRO-VERGARA-LOBOS1.jpg?resize=577%2C360\" alt=\"Pedro Vergara Lobos, de 36 a\u00f1os de edad, fue asesinado el 25 de enero de 2019 en la comuna de Catemu.\" width=\"577\" height=\"360\" srcset=\"https:\/\/i0.wp.com\/eltrabajo.cl\/portal\/wp-content\/uploads\/2020\/01\/PEDRO-VERGARA-LOBOS1.jpg?w=577&amp;ssl=1 577w, https:\/\/i0.wp.com\/eltrabajo.cl\/portal\/wp-content\/uploads\/2020\/01\/PEDRO-VERGARA-LOBOS1.jpg?resize=300%2C187&amp;ssl=1 300w, https:\/\/i0.wp.com\/eltrabajo.cl\/portal\/wp-content\/uploads\/2020\/01\/PEDRO-VERGARA-LOBOS1.jpg?resize=200%2C125&amp;ssl=1 200w, https:\/\/i0.wp.com\/eltrabajo.cl\/portal\/wp-content\/uploads\/2020\/01\/PEDRO-VERGARA-LOBOS1.jpg?resize=240%2C150&amp;ssl=1 240w, https:\/\/i0.wp.com\/eltrabajo.cl\/portal\/wp-content\/uploads\/2020\/01\/PEDRO-VERGARA-LOBOS1.jpg?resize=400%2C250&amp;ssl=1 400w\" sizes=\"auto, (max-width: 577px) 100vw, 577px\" \/><figcaption id=\"caption-attachment-96444\" class=\"wp-caption-text\">Pedro Vergara Lobos, de 36 a\u00f1os de edad, fue asesinado el 25 de enero de 2019 en la comuna de Catemu.<\/figcaption><\/figure>\n","protected":false},"excerpt":{"rendered":"<p>En Tribunal Oral en Lo Penal de San Felipe: A casi un a\u00f1o del brutal asesinato ocurrido en Catemu, la familia de la v\u00edctima conf\u00eda en la justicia esperando una condena ejemplificadora&#8230;.<\/p>\n","protected":false},"author":482,"featured_media":96444,"comment_status":"open","ping_status":"open","sticky":false,"template":"","format":"standard","meta":{"advanced_seo_description":"","jetpack_seo_html_title":"","jetpack_seo_noindex":false,"_jetpack_memberships_contains_paid_content":false,"footnotes":""},"categories":[97],"tags":[],"class_list":["post-96443","post","type-post","status-publish","format-standard","has-post-thumbnail","hentry","category-tribunales"],"jetpack_featured_media_url":"https:\/\/i0.wp.com\/eltrabajo.cl\/portal\/wp-content\/uploads\/2020\/01\/PEDRO-VERGARA-LOBOS1.jpg?fit=577%2C360&ssl=1","jetpack_sharing_enabled":true,"jetpack_likes_enabled":true,"jetpack-related-posts":[],"_links":{"self":[{"href":"https:\/\/eltrabajo.cl\/portal\/wp-json\/wp\/v2\/posts\/96443","targetHints":{"allow":["GET"]}}],"collection":[{"href":"https:\/\/eltrabajo.cl\/portal\/wp-json\/wp\/v2\/posts"}],"about":[{"href":"https:\/\/eltrabajo.cl\/portal\/wp-json\/wp\/v2\/types\/post"}],"author":[{"embeddable":true,"href":"https:\/\/eltrabajo.cl\/portal\/wp-json\/wp\/v2\/users\/482"}],"replies":[{"embeddable":true,"href":"https:\/\/eltrabajo.cl\/portal\/wp-json\/wp\/v2\/comments?post=96443"}],"version-history":[{"count":0,"href":"https:\/\/eltrabajo.cl\/portal\/wp-json\/wp\/v2\/posts\/96443\/revisions"}],"wp:featuredmedia":[{"embeddable":true,"href":"https:\/\/eltrabajo.cl\/portal\/wp-json\/wp\/v2\/media\/96444"}],"wp:attachment":[{"href":"https:\/\/eltrabajo.cl\/portal\/wp-json\/wp\/v2\/media?parent=96443"}],"wp:term":[{"taxonomy":"category","embeddable":true,"href":"https:\/\/eltrabajo.cl\/portal\/wp-json\/wp\/v2\/categories?post=96443"},{"taxonomy":"post_tag","embeddable":true,"href":"https:\/\/eltrabajo.cl\/portal\/wp-json\/wp\/v2\/tags?post=96443"}],"curies":[{"name":"wp","href":"https:\/\/api.w.org\/{rel}","templated":true}]}}