{"id":96454,"date":"2020-01-08T05:04:06","date_gmt":"2020-01-08T08:04:06","guid":{"rendered":"http:\/\/www.eltrabajo.cl\/portal\/?p=96454"},"modified":"2020-01-07T21:25:42","modified_gmt":"2020-01-08T00:25:42","slug":"peruana-de-28-anos-de-edad-fue-detenida-por-trafico-de-medio-kilo-de-cocaina","status":"publish","type":"post","link":"https:\/\/eltrabajo.cl\/portal\/peruana-de-28-anos-de-edad-fue-detenida-por-trafico-de-medio-kilo-de-cocaina\/","title":{"rendered":"Peruana de 28 a\u00f1os de edad fue detenida por tr\u00e1fico de medio kilo de coca\u00edna"},"content":{"rendered":"<p><span style=\"color: #ff0000;\"><strong>Tras operativo de OS7 de Carabineros en Llay Llay:<\/strong><\/span><\/p>\n<ul>\n<li><strong>La polic\u00eda uniformada adem\u00e1s decomis\u00f3 bidones de \u00e1cido muri\u00e1tico y bicarbonato de sodio utilizados para aumentar la cantidad de las dosis\u00a0 ser comercializadas.<\/strong><\/li>\n<\/ul>\n<p>Una mujer de nacionalidad peruana, de 28 a\u00f1os de edad, fue detenida por personal de la secci\u00f3n OS7 de Carabineros por el delito de tr\u00e1fico de drogas, tras la incautaci\u00f3n de medio kilo de clorhidrato de coca\u00edna al interior de una vivienda ubicada en el sector Estancilla de la comuna de Llay Llay.<\/p>\n<p>Las diligencias policiales se iniciaron tras informaci\u00f3n an\u00f3nima recepcionada al fono drogas 135 de Carabineros, detall\u00e1ndose que desde dicho domicilio, personas de nacionalidad extranjera se estar\u00edan dedicando al acopio y aumento de diferentes drogas para ser distribuidas.<\/p>\n<p>Lo anterior oblig\u00f3 a abrir una investigaci\u00f3n coordinada con la Fiscal\u00eda de San Felipe para obtener medios de pruebas asociadas al il\u00edcito, concret\u00e1ndose un allanamiento en el inmueble, incaut\u00e1ndose un total de 515 gramos de clorhidrato de coca\u00edna.<\/p>\n<p>Adem\u00e1s los funcionarios policiales decomisaron una pesa digital,\u00a0 dos bidones pl\u00e1sticos contenedores de \u00e1cido muri\u00e1tico y un saco de bicarbonato de sodio, utilizados para aumentar la cantidad de dosis del alcaloide.<\/p>\n<p>En el domicilio fue detenida una mujer peruana de iniciales <strong>L.M.L.M.<\/strong>, de 28 a\u00f1os de edad, por el delito de tr\u00e1fico de drogas, siendo trasladada hasta el Juzgado de Garant\u00eda de San Felipe para ser formalizada por la Fiscal\u00eda.<\/p>\n<p>Al t\u00e9rmino de la audiencia la imputada fue dejada en libertad con cautelares de firma semanal y arraigo nacional mientras dure la investigaci\u00f3n del caso.<br \/>\n<strong>Pablo Salinas Sald\u00edas<\/strong><\/p>\n<p><strong>\u00a0<\/strong><\/p>\n<figure id=\"attachment_96455\" aria-describedby=\"caption-attachment-96455\" style=\"width: 580px\" class=\"wp-caption alignnone\"><img data-recalc-dims=\"1\" loading=\"lazy\" decoding=\"async\" class=\"size-full wp-image-96455\" src=\"https:\/\/i0.wp.com\/www.eltrabajo.cl\/portal\/wp-content\/uploads\/2020\/01\/CLORHIDRATO-COCAINA.jpg?resize=580%2C359\" alt=\"Personal de Carabineros del OS7 Aconcagua incaut\u00f3 medio kilo de clorhidrato de coca\u00edna, bidones de \u00e1cido muri\u00e1tico y un saco de bicarbonato de sodio desde un domicilio ubicado en la comuna de Llay Llay.\" width=\"580\" height=\"359\" srcset=\"https:\/\/i0.wp.com\/eltrabajo.cl\/portal\/wp-content\/uploads\/2020\/01\/CLORHIDRATO-COCAINA.jpg?w=580&amp;ssl=1 580w, https:\/\/i0.wp.com\/eltrabajo.cl\/portal\/wp-content\/uploads\/2020\/01\/CLORHIDRATO-COCAINA.jpg?resize=300%2C186&amp;ssl=1 300w, https:\/\/i0.wp.com\/eltrabajo.cl\/portal\/wp-content\/uploads\/2020\/01\/CLORHIDRATO-COCAINA.jpg?resize=200%2C124&amp;ssl=1 200w, https:\/\/i0.wp.com\/eltrabajo.cl\/portal\/wp-content\/uploads\/2020\/01\/CLORHIDRATO-COCAINA.jpg?resize=242%2C150&amp;ssl=1 242w, https:\/\/i0.wp.com\/eltrabajo.cl\/portal\/wp-content\/uploads\/2020\/01\/CLORHIDRATO-COCAINA.jpg?resize=400%2C248&amp;ssl=1 400w\" sizes=\"auto, (max-width: 580px) 100vw, 580px\" \/><figcaption id=\"caption-attachment-96455\" class=\"wp-caption-text\">Personal de Carabineros del OS7 Aconcagua incaut\u00f3 medio kilo de clorhidrato de coca\u00edna, bidones de \u00e1cido muri\u00e1tico y un saco de bicarbonato de sodio desde un domicilio ubicado en la comuna de Llay Llay.<\/figcaption><\/figure>\n","protected":false},"excerpt":{"rendered":"<p>Tras operativo de OS7 de Carabineros en Llay Llay: La polic\u00eda uniformada adem\u00e1s decomis\u00f3 bidones de \u00e1cido muri\u00e1tico y bicarbonato de sodio utilizados para aumentar la cantidad de las dosis\u00a0 ser comercializadas&#8230;.<\/p>\n","protected":false},"author":482,"featured_media":96455,"comment_status":"open","ping_status":"open","sticky":false,"template":"","format":"standard","meta":{"advanced_seo_description":"","jetpack_seo_html_title":"","jetpack_seo_noindex":false,"_jetpack_memberships_contains_paid_content":false,"footnotes":""},"categories":[21],"tags":[],"class_list":["post-96454","post","type-post","status-publish","format-standard","has-post-thumbnail","hentry","category-policial"],"jetpack_featured_media_url":"https:\/\/i0.wp.com\/eltrabajo.cl\/portal\/wp-content\/uploads\/2020\/01\/CLORHIDRATO-COCAINA.jpg?fit=580%2C359&ssl=1","jetpack_sharing_enabled":true,"jetpack_likes_enabled":true,"jetpack-related-posts":[],"_links":{"self":[{"href":"https:\/\/eltrabajo.cl\/portal\/wp-json\/wp\/v2\/posts\/96454","targetHints":{"allow":["GET"]}}],"collection":[{"href":"https:\/\/eltrabajo.cl\/portal\/wp-json\/wp\/v2\/posts"}],"about":[{"href":"https:\/\/eltrabajo.cl\/portal\/wp-json\/wp\/v2\/types\/post"}],"author":[{"embeddable":true,"href":"https:\/\/eltrabajo.cl\/portal\/wp-json\/wp\/v2\/users\/482"}],"replies":[{"embeddable":true,"href":"https:\/\/eltrabajo.cl\/portal\/wp-json\/wp\/v2\/comments?post=96454"}],"version-history":[{"count":0,"href":"https:\/\/eltrabajo.cl\/portal\/wp-json\/wp\/v2\/posts\/96454\/revisions"}],"wp:featuredmedia":[{"embeddable":true,"href":"https:\/\/eltrabajo.cl\/portal\/wp-json\/wp\/v2\/media\/96455"}],"wp:attachment":[{"href":"https:\/\/eltrabajo.cl\/portal\/wp-json\/wp\/v2\/media?parent=96454"}],"wp:term":[{"taxonomy":"category","embeddable":true,"href":"https:\/\/eltrabajo.cl\/portal\/wp-json\/wp\/v2\/categories?post=96454"},{"taxonomy":"post_tag","embeddable":true,"href":"https:\/\/eltrabajo.cl\/portal\/wp-json\/wp\/v2\/tags?post=96454"}],"curies":[{"name":"wp","href":"https:\/\/api.w.org\/{rel}","templated":true}]}}