{"id":96474,"date":"2020-01-09T05:02:11","date_gmt":"2020-01-09T08:02:11","guid":{"rendered":"http:\/\/www.eltrabajo.cl\/portal\/?p=96474"},"modified":"2020-01-08T22:31:31","modified_gmt":"2020-01-09T01:31:31","slug":"radioaficionados-contactan-con-astronautas-de-estacion-espacial-internacional","status":"publish","type":"post","link":"https:\/\/eltrabajo.cl\/portal\/radioaficionados-contactan-con-astronautas-de-estacion-espacial-internacional\/","title":{"rendered":"Radioaficionados contactan con astronautas de Estaci\u00f3n Espacial Internacional"},"content":{"rendered":"<p><span style=\"color: #ff0000;\"><strong>Reciben Diploma certificando la conexi\u00f3n exitosa:<\/strong><\/span><\/p>\n<p>Un hecho importante que implica las radiocomunicaciones y a los radioaficionados del Valle de Aconcagua, es el que ocurri\u00f3 el pasado s\u00e1bado 28 de diciembre de 2019, tanto en Santa Mar\u00eda como en San Felipe, cuando dos radioaficionados lograron hacer contacto con personal en el espacio a bordo de la Estaci\u00f3n Espacial Internacional o ISS (por sus siglas en ingles), la cual orbita nuestro planeta a una altura promedio de 400 kil\u00f3metros y se desplaza una velocidad de 27.600 km\/h., gracias al sistema o t\u00e9cnica en formato digital conocido como SSTV (televisi\u00f3n de barrido lento), que ellos utilizaron para llegar a contactar a los astronautas fuera de nuestro planeta.<\/p>\n<p>&nbsp;<\/p>\n<p><span style=\"color: #ff0000;\"><strong>CODICIADO DIPLOMA<\/strong><\/span><\/p>\n<p>El diploma que extiende desde hace d\u00e9cadas la Ariss SSTV Award, el objetivo del Diploma es promover ARISS y alentar a los radioaficionados a participar en la recepci\u00f3n de im\u00e1genes SSTV de la ISS, la organizaci\u00f3n que desarrolla estas actividades a nivel global son: Amateur Radio on the International Space Station (ARISS); S.P. Korolev Rocket and Space Corporation Energ\u00eda y Polish Amateur Radio Union (PZK).<\/p>\n<p>Para que un radioaficionado pueda obtener el Diploma, debe recibir y decodificar al menos una imagen SSTV en una sesi\u00f3n determinada, debe tambi\u00e9n estar registrado con su c\u00f3digo o licencia registrada, es posible que se introduzcan reglas adicionales en algunas sesiones, tales como: cantidad m\u00ednima de im\u00e1genes recibidas u otras condiciones.<\/p>\n<p>Seg\u00fan el reglamento, las im\u00e1genes no tienen que ser de excelente calidad, pero deben ser lo suficientemente buenas para ser identificadas. Este Diploma lo recibe el radioaficionado una vez que se verifiquen las im\u00e1genes y su transmisi\u00f3n radial, y llega como un archivo .JPG por correo electr\u00f3nico, y los mismos est\u00e1n dise\u00f1ados por el equipo de Polish Amateur Radio Union, que tambi\u00e9n acepta las solicitudes y es responsable de la distribuci\u00f3n de los mismos.<\/p>\n<p>&nbsp;<\/p>\n<p><span style=\"color: #ff0000;\"><strong>LOS PROTAGONISTAS<\/strong><\/span><\/p>\n<p>Se trata de <strong>Jos\u00e9 Barraza Leiva<\/strong>, vecino de la comuna de Santa Mar\u00eda, quien nos coment\u00f3 que \u00ab<em>mi indicativo es <strong>CA2JBQ<\/strong>, obtuve mi licencia de radioaficionado en 2016, desde entonces vengo realizando diferentes actividades relacionadas con este servicio, tanto realizando contactos nacionales como internacionales, usando un transceptor de radio HF, contactos satelitales a trav\u00e9s de los sat\u00e9lites AO-91 y AO-92, construyendo antenas, participando en la instalaci\u00f3n y puesta en marcha de sistemas repetidores y contactos nacionales en la banda VHF y sus diferentes formas, ya sea en formato an\u00e1logo como digital<\/em>\u00bb, coment\u00f3 Barraza a nuestro medio.<\/p>\n<p>&#8211; <strong>\u00bfC\u00f3mo has logrado este tipo de reconocimiento tan importante dentro del mundo de una comunidad como la Estaci\u00f3n Espacial Internacional?<\/strong><\/p>\n<p>&#8211; Es en este ultimo formato digital conocido como SSTV (televisi\u00f3n de barrido lento) es que es obtenido varios reconocimientos por agrupaciones nacionales e internacionales. El pasado 28 de diciembre la organizaci\u00f3n rusa ARISS, realiz\u00f3 una activaci\u00f3n SSTV desde la Estaci\u00f3n Espacial Internacional (ISS) para todos los radioaficionados del mundo, actividad de la cual no quise quedarme al margen y por medio de un programa que indica el momento exacto en que la ISS pasaba por sobre el Valle del Aconcagua, apuntaba mi antena yagi y preparaba el programa decodificador de im\u00e1genes para recibir las transmisiones que la ISS emit\u00eda, mientras realizaba su paso por la zona. Esta actividad requiere mucha paciencia, no s\u00f3lo por el hecho de esperar el momento justo del pase de la estaci\u00f3n espacial, sino tambi\u00e9n cuando la se\u00f1al ya era recibida mantener bien apuntada la antena para que la calidad de imagen sea \u00f3ptima. Una vez terminada la actividad debo enviar las fotos que recib\u00ed a los organizadores, la hora a la cual las recib\u00ed y mi posici\u00f3n geogr\u00e1fica, adem\u00e1s de mis datos personales, para que ellos comprueben mis datos y emitan un diploma por mi participaci\u00f3n de esta activaci\u00f3n. Con mucho orgullo puedo decir que este es mi cuarto diploma que recib\u00ed de parte de ellos.<\/p>\n<p>&nbsp;<\/p>\n<p><span style=\"color: #ff0000;\"><strong>MUCHA PACIENCIA<\/strong><\/span><\/p>\n<p><strong>Diario El Trabajo<\/strong> tambi\u00e9n habl\u00f3 con el otro radioaficionado, <strong>Juan Manuel Le\u00f3n Allendes<\/strong>, quien desde hace una d\u00e9cada es radioaficionado. <em>\u00abYo realizo comunicados a nivel nacional e internacional en bandas de VHF, UHF y HF, sobretodo en tiempo libre practico comunicados con sat\u00e9lite y recepci\u00f3n de im\u00e1genes en SSTV y climatol\u00f3gicas, soy de San Felipe y trabajo en mantenci\u00f3n industrial. En el Valle de Aconcagua somos dos los radioaficionados que usamos esta t\u00e9cnica para experimentar y compartir im\u00e1genes y tarjetas QSO, las im\u00e1genes que se transmiten tienen relaci\u00f3n con una fecha especial o un aniversario de alg\u00fan radio club. En esta oportunidad las im\u00e1genes transmitidas desde la ISS conmemoraban a tres cosmonautas cuyos aportes al campo aeroespacial marcaron un hito en el desarrollo de la carrera espacial rusa: <strong>Alexei Leonov<\/strong>, <strong>Valery Bykovsky<\/strong>, y <strong>Sigmund J\u00e4hn<\/strong>. As\u00ed, nosotros dos esperamos pacientemente el paso de la ISS y apuntamos nuestras antenas para poder recibir las im\u00e1genes que \u00e9sta transmit\u00eda, para luego subir las im\u00e1genes recepcionadas a la p\u00e1gina Web de los organizadores de esta actividad, y completar un formulario para poder recibir nuestro diploma que nos reconoce el haber participado de esta actividad<\/em>\u00bb, indic\u00f3 Le\u00f3n Allendes.<\/p>\n<p>En nuestra comuna s\u00f3lo existe un radioclub activo, se llama Radio Club San Felipe, cuenta con cerca de 20 socios y est\u00e1n haciendo un llamado a todos los aconcag\u00fcinos para participar en esta apasionante aventura.<\/p>\n<p><strong>Diario El Trabajo<\/strong> habl\u00f3 con el presidente de Radio Club San Felipe, <strong>Marcelo Segura<\/strong>, \u00ab<em>muy contentos todos en nuestro radio club, el trabajo profesional que Juan Le\u00f3n y Jos\u00e9 Barraza es muy respetado en el mundo de los radioaficionados de Chile y obvio que de nuestro valle, con ellos siempre estamos en contacto, son expertos en el tema y son nuestros ejemplos a seguir, ojala que podamos tambi\u00e9n contar con alguna charla de su parte para que todos podamos aprender de su experiencia y conocimientos, felicidades a los dos<\/em>\u00bb, dijo Segura.<\/p>\n<p>Los interesados en conocer m\u00e1s sobre c\u00f3mo participar e inscribirse en este Radio Club San Felipe, pueden llamar al <strong>56982053035<\/strong>, con Nelson Salinas Erices, actualmente en el valle s\u00f3lo existe uno activo y est\u00e1 en Los Andes, Radio Club Los Libertadores.<br \/>\n<strong>Roberto Gonz\u00e1lez Short<\/strong><\/p>\n<p>&nbsp;<\/p>\n<figure id=\"attachment_96475\" aria-describedby=\"caption-attachment-96475\" style=\"width: 580px\" class=\"wp-caption alignnone\"><img data-recalc-dims=\"1\" loading=\"lazy\" decoding=\"async\" class=\"size-full wp-image-96475\" src=\"https:\/\/i0.wp.com\/www.eltrabajo.cl\/portal\/wp-content\/uploads\/2020\/01\/Barrido3.jpg?resize=580%2C360\" alt=\"RADIO CLUB SAN FELIPE.- Ellos son el directorio y parte de los socios del Radio Club San Felipe, quienes est\u00e1n invitando a nuestros lectores a incursionar en el mundo de los radioaficionados.\" width=\"580\" height=\"360\" srcset=\"https:\/\/i0.wp.com\/eltrabajo.cl\/portal\/wp-content\/uploads\/2020\/01\/Barrido3.jpg?w=580&amp;ssl=1 580w, https:\/\/i0.wp.com\/eltrabajo.cl\/portal\/wp-content\/uploads\/2020\/01\/Barrido3.jpg?resize=300%2C186&amp;ssl=1 300w, https:\/\/i0.wp.com\/eltrabajo.cl\/portal\/wp-content\/uploads\/2020\/01\/Barrido3.jpg?resize=200%2C124&amp;ssl=1 200w, https:\/\/i0.wp.com\/eltrabajo.cl\/portal\/wp-content\/uploads\/2020\/01\/Barrido3.jpg?resize=242%2C150&amp;ssl=1 242w, https:\/\/i0.wp.com\/eltrabajo.cl\/portal\/wp-content\/uploads\/2020\/01\/Barrido3.jpg?resize=400%2C248&amp;ssl=1 400w\" sizes=\"auto, (max-width: 580px) 100vw, 580px\" \/><figcaption id=\"caption-attachment-96475\" class=\"wp-caption-text\">RADIO CLUB SAN FELIPE.- Ellos son el directorio y parte de los socios del Radio Club San Felipe, quienes est\u00e1n invitando a nuestros lectores a incursionar en el mundo de los radioaficionados.<\/figcaption><\/figure>\n<p>&nbsp;<\/p>\n<figure id=\"attachment_96480\" aria-describedby=\"caption-attachment-96480\" style=\"width: 579px\" class=\"wp-caption alignnone\"><img data-recalc-dims=\"1\" loading=\"lazy\" decoding=\"async\" class=\"size-full wp-image-96480\" src=\"https:\/\/i0.wp.com\/www.eltrabajo.cl\/portal\/wp-content\/uploads\/2020\/01\/Barrido2.jpg?resize=579%2C449\" alt=\"CERTIFICADAS.- Esta es una de las im\u00e1genes conmemorativas que desde el espacio recibieron los radioaficionados de Aconcagua.\" width=\"579\" height=\"449\" srcset=\"https:\/\/i0.wp.com\/eltrabajo.cl\/portal\/wp-content\/uploads\/2020\/01\/Barrido2.jpg?w=579&amp;ssl=1 579w, https:\/\/i0.wp.com\/eltrabajo.cl\/portal\/wp-content\/uploads\/2020\/01\/Barrido2.jpg?resize=300%2C233&amp;ssl=1 300w, https:\/\/i0.wp.com\/eltrabajo.cl\/portal\/wp-content\/uploads\/2020\/01\/Barrido2.jpg?resize=193%2C150&amp;ssl=1 193w, https:\/\/i0.wp.com\/eltrabajo.cl\/portal\/wp-content\/uploads\/2020\/01\/Barrido2.jpg?resize=400%2C310&amp;ssl=1 400w\" sizes=\"auto, (max-width: 579px) 100vw, 579px\" \/><figcaption id=\"caption-attachment-96480\" class=\"wp-caption-text\">CERTIFICADAS.- Esta es una de las im\u00e1genes conmemorativas que desde el espacio recibieron los radioaficionados de Aconcagua.<\/figcaption><\/figure>\n<p>&nbsp;<\/p>\n<figure id=\"attachment_96478\" aria-describedby=\"caption-attachment-96478\" style=\"width: 580px\" class=\"wp-caption alignnone\"><img data-recalc-dims=\"1\" loading=\"lazy\" decoding=\"async\" class=\"size-full wp-image-96478\" src=\"https:\/\/i0.wp.com\/www.eltrabajo.cl\/portal\/wp-content\/uploads\/2020\/01\/Barrido_Marcelo-Segura.jpg?resize=580%2C598\" alt=\"Marcelo Segura, presidente del Radio Club San Felipe.\" width=\"580\" height=\"598\" srcset=\"https:\/\/i0.wp.com\/eltrabajo.cl\/portal\/wp-content\/uploads\/2020\/01\/Barrido_Marcelo-Segura.jpg?w=580&amp;ssl=1 580w, https:\/\/i0.wp.com\/eltrabajo.cl\/portal\/wp-content\/uploads\/2020\/01\/Barrido_Marcelo-Segura.jpg?resize=291%2C300&amp;ssl=1 291w, https:\/\/i0.wp.com\/eltrabajo.cl\/portal\/wp-content\/uploads\/2020\/01\/Barrido_Marcelo-Segura.jpg?resize=145%2C150&amp;ssl=1 145w, https:\/\/i0.wp.com\/eltrabajo.cl\/portal\/wp-content\/uploads\/2020\/01\/Barrido_Marcelo-Segura.jpg?resize=400%2C412&amp;ssl=1 400w\" sizes=\"auto, (max-width: 580px) 100vw, 580px\" \/><figcaption id=\"caption-attachment-96478\" class=\"wp-caption-text\">Marcelo Segura, presidente del Radio Club San Felipe.<\/figcaption><\/figure>\n<p>&nbsp;<\/p>\n<figure id=\"attachment_96477\" aria-describedby=\"caption-attachment-96477\" style=\"width: 580px\" class=\"wp-caption alignnone\"><img data-recalc-dims=\"1\" loading=\"lazy\" decoding=\"async\" class=\"size-full wp-image-96477\" src=\"https:\/\/i0.wp.com\/www.eltrabajo.cl\/portal\/wp-content\/uploads\/2020\/01\/Barrido_Juan-Leon-Allendes.jpg?resize=580%2C598\" alt=\"Juan Manuel Le\u00f3n Allendes, desde hace una d\u00e9cada es radioaficionado.\" width=\"580\" height=\"598\" srcset=\"https:\/\/i0.wp.com\/eltrabajo.cl\/portal\/wp-content\/uploads\/2020\/01\/Barrido_Juan-Leon-Allendes.jpg?w=580&amp;ssl=1 580w, https:\/\/i0.wp.com\/eltrabajo.cl\/portal\/wp-content\/uploads\/2020\/01\/Barrido_Juan-Leon-Allendes.jpg?resize=291%2C300&amp;ssl=1 291w, https:\/\/i0.wp.com\/eltrabajo.cl\/portal\/wp-content\/uploads\/2020\/01\/Barrido_Juan-Leon-Allendes.jpg?resize=145%2C150&amp;ssl=1 145w, https:\/\/i0.wp.com\/eltrabajo.cl\/portal\/wp-content\/uploads\/2020\/01\/Barrido_Juan-Leon-Allendes.jpg?resize=400%2C412&amp;ssl=1 400w\" sizes=\"auto, (max-width: 580px) 100vw, 580px\" \/><figcaption id=\"caption-attachment-96477\" class=\"wp-caption-text\">Juan Manuel Le\u00f3n Allendes, desde hace una d\u00e9cada es radioaficionado.<\/figcaption><\/figure>\n<p>&nbsp;<\/p>\n<figure id=\"attachment_96476\" aria-describedby=\"caption-attachment-96476\" style=\"width: 580px\" class=\"wp-caption alignnone\"><img data-recalc-dims=\"1\" loading=\"lazy\" decoding=\"async\" class=\"size-full wp-image-96476\" src=\"https:\/\/i0.wp.com\/www.eltrabajo.cl\/portal\/wp-content\/uploads\/2020\/01\/Barrido_Jose-Barraza-Leiva.jpg?resize=580%2C694\" alt=\"Jos\u00e9 Barraza Leiva (CA2JBQ), radioaficionado de la comuna de Santa Mar\u00eda.\" width=\"580\" height=\"694\" srcset=\"https:\/\/i0.wp.com\/eltrabajo.cl\/portal\/wp-content\/uploads\/2020\/01\/Barrido_Jose-Barraza-Leiva.jpg?w=580&amp;ssl=1 580w, https:\/\/i0.wp.com\/eltrabajo.cl\/portal\/wp-content\/uploads\/2020\/01\/Barrido_Jose-Barraza-Leiva.jpg?resize=251%2C300&amp;ssl=1 251w, https:\/\/i0.wp.com\/eltrabajo.cl\/portal\/wp-content\/uploads\/2020\/01\/Barrido_Jose-Barraza-Leiva.jpg?resize=125%2C150&amp;ssl=1 125w, https:\/\/i0.wp.com\/eltrabajo.cl\/portal\/wp-content\/uploads\/2020\/01\/Barrido_Jose-Barraza-Leiva.jpg?resize=400%2C479&amp;ssl=1 400w\" sizes=\"auto, (max-width: 580px) 100vw, 580px\" \/><figcaption id=\"caption-attachment-96476\" class=\"wp-caption-text\">Jos\u00e9 Barraza Leiva (CA2JBQ), radioaficionado de la comuna de Santa Mar\u00eda.<\/figcaption><\/figure>\n<p>&nbsp;<\/p>\n<figure id=\"attachment_96479\" aria-describedby=\"caption-attachment-96479\" style=\"width: 579px\" class=\"wp-caption alignnone\"><img data-recalc-dims=\"1\" loading=\"lazy\" decoding=\"async\" class=\"size-full wp-image-96479\" src=\"https:\/\/i0.wp.com\/www.eltrabajo.cl\/portal\/wp-content\/uploads\/2020\/01\/Barrido1.jpg?resize=579%2C820\" alt=\"DIF\u00cdCIL CONSEGUIRLOS.- Este es el Diploma ARISS que recibi\u00f3 el radioaficionado sanfelipe\u00f1o Juan Manuel Le\u00f3n Allendes, por haber participado en intercambio de im\u00e1genes conmemorativas a las figuras de la carrera espacial rusa: Alexei Leonov, Valery Bykovsky, y Sigmund J\u00e4hn.\" width=\"579\" height=\"820\" srcset=\"https:\/\/i0.wp.com\/eltrabajo.cl\/portal\/wp-content\/uploads\/2020\/01\/Barrido1.jpg?w=579&amp;ssl=1 579w, https:\/\/i0.wp.com\/eltrabajo.cl\/portal\/wp-content\/uploads\/2020\/01\/Barrido1.jpg?resize=212%2C300&amp;ssl=1 212w, https:\/\/i0.wp.com\/eltrabajo.cl\/portal\/wp-content\/uploads\/2020\/01\/Barrido1.jpg?resize=106%2C150&amp;ssl=1 106w, https:\/\/i0.wp.com\/eltrabajo.cl\/portal\/wp-content\/uploads\/2020\/01\/Barrido1.jpg?resize=400%2C566&amp;ssl=1 400w\" sizes=\"auto, (max-width: 579px) 100vw, 579px\" \/><figcaption id=\"caption-attachment-96479\" class=\"wp-caption-text\">DIF\u00cdCIL CONSEGUIRLOS.- Este es el Diploma ARISS que recibi\u00f3 el radioaficionado sanfelipe\u00f1o Juan Manuel Le\u00f3n Allendes, por haber participado en intercambio de im\u00e1genes conmemorativas a las figuras de la carrera espacial rusa: Alexei Leonov, Valery Bykovsky, y Sigmund J\u00e4hn.<\/figcaption><\/figure>\n","protected":false},"excerpt":{"rendered":"<p>Reciben Diploma certificando la conexi\u00f3n exitosa: Un hecho importante que implica las radiocomunicaciones y a los radioaficionados del Valle de Aconcagua, es el que ocurri\u00f3 el pasado s\u00e1bado 28 de diciembre de&#8230;<\/p>\n","protected":false},"author":482,"featured_media":96481,"comment_status":"open","ping_status":"open","sticky":false,"template":"","format":"standard","meta":{"advanced_seo_description":"","jetpack_seo_html_title":"","jetpack_seo_noindex":false,"_jetpack_memberships_contains_paid_content":false,"footnotes":""},"categories":[15],"tags":[],"class_list":["post-96474","post","type-post","status-publish","format-standard","has-post-thumbnail","hentry","category-comunidad"],"jetpack_featured_media_url":"https:\/\/i0.wp.com\/eltrabajo.cl\/portal\/wp-content\/uploads\/2020\/01\/Barrido-destacado.jpg?fit=580%2C360&ssl=1","jetpack_sharing_enabled":true,"jetpack_likes_enabled":true,"jetpack-related-posts":[],"_links":{"self":[{"href":"https:\/\/eltrabajo.cl\/portal\/wp-json\/wp\/v2\/posts\/96474","targetHints":{"allow":["GET"]}}],"collection":[{"href":"https:\/\/eltrabajo.cl\/portal\/wp-json\/wp\/v2\/posts"}],"about":[{"href":"https:\/\/eltrabajo.cl\/portal\/wp-json\/wp\/v2\/types\/post"}],"author":[{"embeddable":true,"href":"https:\/\/eltrabajo.cl\/portal\/wp-json\/wp\/v2\/users\/482"}],"replies":[{"embeddable":true,"href":"https:\/\/eltrabajo.cl\/portal\/wp-json\/wp\/v2\/comments?post=96474"}],"version-history":[{"count":0,"href":"https:\/\/eltrabajo.cl\/portal\/wp-json\/wp\/v2\/posts\/96474\/revisions"}],"wp:featuredmedia":[{"embeddable":true,"href":"https:\/\/eltrabajo.cl\/portal\/wp-json\/wp\/v2\/media\/96481"}],"wp:attachment":[{"href":"https:\/\/eltrabajo.cl\/portal\/wp-json\/wp\/v2\/media?parent=96474"}],"wp:term":[{"taxonomy":"category","embeddable":true,"href":"https:\/\/eltrabajo.cl\/portal\/wp-json\/wp\/v2\/categories?post=96474"},{"taxonomy":"post_tag","embeddable":true,"href":"https:\/\/eltrabajo.cl\/portal\/wp-json\/wp\/v2\/tags?post=96474"}],"curies":[{"name":"wp","href":"https:\/\/api.w.org\/{rel}","templated":true}]}}