{"id":96489,"date":"2020-01-09T05:05:48","date_gmt":"2020-01-09T08:05:48","guid":{"rendered":"http:\/\/www.eltrabajo.cl\/portal\/?p=96489"},"modified":"2020-01-08T22:40:42","modified_gmt":"2020-01-09T01:40:42","slug":"abogada-de-mujer-que-denuncio-acoso-laboral-y-sexual-en-catemu-asegura-que-su-cliente-esta-muy-danada-sicologicamente","status":"publish","type":"post","link":"https:\/\/eltrabajo.cl\/portal\/abogada-de-mujer-que-denuncio-acoso-laboral-y-sexual-en-catemu-asegura-que-su-cliente-esta-muy-danada-sicologicamente\/","title":{"rendered":"Abogada de mujer que denunci\u00f3 acoso laboral y sexual en Catemu asegura que su cliente \u201cest\u00e1 muy da\u00f1ada sicol\u00f3gicamente\u201d"},"content":{"rendered":"<p>La abogada <strong>Paulina Jeria Silva<\/strong>, que representa a <strong>Mar\u00eda del Pilar Berr\u00edos Bulo<\/strong>, la mujer que denunci\u00f3 acoso laboral y sexual en la municipalidad y Daem de Catemu, coment\u00f3 p\u00fablicamente que su representada se encuentra muy da\u00f1ada en su dignidad por todos los a\u00f1os que tuvo que aguantar situaciones, tanto de acoso laboral como finalmente sexual. Dice que nunca en su vida de carrera profesional le hab\u00eda tocado ver a una mujer tan mal sicol\u00f3gicamente.<\/p>\n<p>\u201c<em>Do\u00f1a Mar\u00eda del Pilar lleg\u00f3 a mi oficina en Vi\u00f1a del Mar puesto que ella ve\u00eda a su siquiatra hace aproximadamente tres a\u00f1os, en el mismo edificio. La verdad que yo qued\u00e9 muy impresionada desde el primer momento que la vi, puesto que no me hab\u00eda tocado nunca un cliente, una persona por tutela, porque yo soy abogado con mag\u00edster en derecho laboral y veo muchas personas, trabajadores que son vulnerados por sus empleadores, en este caso municipalidades, pero nunca me hab\u00eda tocado ver una persona tan da\u00f1ada. Yo lo vi desde el primer instante que lleg\u00f3 a mi oficina, ella me manifest\u00f3 en esa oportunidad llorando c\u00f3mo hab\u00eda soportado por a\u00f1os esta situaci\u00f3n, sindicando a dos personas; al alcalde y tambi\u00e9n al se\u00f1or Ar\u00e9valo, diciendo que la hab\u00eda tocado en la oficina, se hab\u00eda abalanzado sobre ella y esto la verdad suele suceder con los funcionarios p\u00fablicos, puesto que el Estado obviamente tiene un poder enorme e incluso m\u00e1s que el propio empresario, puesto que hay una responsabilidad que tiene el Estado, lo sabemos por el contexto social que el Estado obviamente tiene una responsabilidad gigantesca, y adem\u00e1s hay una relaci\u00f3n de verticalidad hacia el funcionario porque est\u00e1 dependiendo econ\u00f3micamente, m\u00e1s esta se\u00f1ora depend\u00eda econ\u00f3micamente de su marido, es jefe de Control (en el mismo municipio). Entonces esta se\u00f1ora lleg\u00f3 enormemente da\u00f1ada y me hablaba de ideas suicidas, que ve\u00eda un sauce afuera de su casa, que se quer\u00eda colgar. O sea esto a m\u00ed como mujer, no solamente como abogada, me lleg\u00f3 inmensamente. Ahora cuando el se\u00f1or alcalde habla muy impresionado de la demanda, que se demanda por 80 millones, en nuestro pa\u00eds hay tutelas de esa dimensi\u00f3n, puesto que tenemos a una funcionaria que est\u00e1 da\u00f1ada, que ha pedido a gritos durante a\u00f1os, y \u00e9l lo sabe porque le han llegado cartas a \u00e9l desde el 2017, a gritos por ayuda por una investigaci\u00f3n, entonces no es extra\u00f1o que ella pida un resarcimiento econ\u00f3mico. Primero ella ped\u00eda poder irse porque no aguanta m\u00e1s, porque ahora a ella la ten\u00edan, como una represalia, en un cub\u00edculo detr\u00e1s de un biombo, aislada, sin funciones. De haber sido una inspectora de patio, una mujer elegante, una mujer de buen vestir, ahora ella est\u00e1 seg\u00fan el decreto firmado por el mismo alcalde, para ordenar papeles y contestar el tel\u00e9fono y creo que ni eso la dejaba hacer\u201d,<\/em> se\u00f1al\u00f3.<\/p>\n<p>&#8211; <strong>Abogada, el alcalde dice que es como a petici\u00f3n de ella misma por una enfermedad en el fondo.<\/strong><\/p>\n<p>&#8211; No, no es as\u00ed, claramente a partir de este rechazo que le tiene al se\u00f1or Ar\u00e9valo, porque ella no se deja doblegar, ella rechaza el requerimiento, me imagino que otras mujeres quiz\u00e1s, no lo s\u00e9, a lo mejor pueden no hacerlo y se ven a lo mejor sometidas, ella no lo\u00a0 hizo y a partir de eso vienen represalias, acoso laboral, y la empiezan a cambiar de funciones; la cambian a la biblioteca municipal, despu\u00e9s ella es cambiada, de haber sido inspectora de patio, es cambiada al departamento de Educaci\u00f3n, como le digo, seg\u00fan decreto exento, para ordenar papeles y no recuerdo m\u00e1s tal cual. Nosotros acompa\u00f1amos toda esa documentaci\u00f3n en el juicio, ella era una funcionaria brillante y hoy en d\u00eda cualquier persona la puede ver, y obviamente no es lo que ella sol\u00eda ser como mujer. Su dignidad de mujer fue vulnerada, cr\u00e9anme que eso debe ser\u2026 eso merece hacerse justicia, eso era lo que ella ped\u00eda a gritos en mi oficina.<\/p>\n<p>&#8211; <strong>Abogada centr\u00e9monos en lo que ella le coment\u00f3 a usted y que vienen siendo los puntos principales y que dan motivo a esta demanda de acoso laboral y tambi\u00e9n sexual. \u00bfQu\u00e9 le cuenta ella sobre lo que le pas\u00f3?<\/strong><\/p>\n<p>&#8211; Bueno, ella cuenta que era inspectora de patio y que los viernes y s\u00e1bado hac\u00eda talleres de viol\u00edn para los ni\u00f1os, y que ella era supervisada constantemente, no teniendo por qu\u00e9, por el se\u00f1or Ar\u00e9valo mediante horas extras. Me dice que en estas horas extras la acosaba, la supervisaba, estaba encima de ella generando estos roces, generando abrazos interminables, y generando situaciones. Nosotros vamos a ir con un siquiatra que habla del comportamiento de este tipo, que es sicop\u00e1tico hacia ella y que ella lo tolera puesto que hay estudios que mujeres sujetos de acoso sexual est\u00e1n en una situaci\u00f3n muy compleja y dif\u00edcil de enfrentar, y de hecho ella demor\u00f3 a\u00f1os en atreverse. Si bien comienza como acoso laboral en el 2017, todo esto finalmente lo termina enfrentando decisivamente ahora como acoso sexual, laboral, si bien Contralor\u00eda lo anuncia como acoso sexual, en Contralor\u00eda a principios de marzo, no hace absolutamente nada porque ella lo denuncia formalmente en Contralor\u00eda General de la Rep\u00fablica y esta entidad le ordena al se\u00f1or alcalde efectuar investigaciones hacia el se\u00f1or Ar\u00e9valo Galarce, y este sumario que siendo legalmente son veinte d\u00edas de investigaci\u00f3n, nada ocurre.<\/p>\n<p>&#8211; <strong>Abogada, llega al acoso sexual, que eran roces, porque tambi\u00e9n se habla que en su momento, como finalizando esto, termina por tocarle los pechos contra su voluntad en la oficina. Cu\u00e9ntenos esa situaci\u00f3n.<\/strong><\/p>\n<p>&#8211; S\u00ed, esa es la situaci\u00f3n que finalmente ella se opone y que despu\u00e9s ella dice que despu\u00e9s comienzan las represalias, porque ella no accede finalmente a -me imagino- a lo quer\u00eda este sujeto, empiezan las series de acoso laboral que la llevan a tomar licencia tres a\u00f1os de duraci\u00f3n.<\/p>\n<p>&#8211; <strong>\u00bfD\u00f3nde sucede cuando le toman los pechos?<\/strong><\/p>\n<p>&#8211; Me parece que esto es en la oficina del se\u00f1or Ar\u00e9valo, si de hecho la llamaba a la oficina el se\u00f1or.<\/p>\n<p>&#8211; <strong>Ahora la denuncia por acoso sexual contra el alcalde, donde dice que le mete la mano por debajo del vestido, invitaciones.<\/strong><\/p>\n<p>&#8211; Ella me dice que \u00e9l constantemente, en actos p\u00fablicos, la hac\u00eda aparecer en fotograf\u00edas, la llamaba, la hostigaba a estar junto a \u00e9l en actos p\u00fablicos, cuando a lo mejor no le correspond\u00eda, a cenas y cosas por el estilo, y por ejemplo en una cena en espec\u00edfico la tocaba por debajo de la mesa, ese tipo de cosas, besos \u2018cuneteados\u2019, invitaciones a salir, ese tipo de acoso.<\/p>\n<p>&#8211; <strong>Volviendo a la situaci\u00f3n de su representada \u00bfha logrado conversar con ella, como est\u00e1 hoy?<\/strong><\/p>\n<p>&#8211; Ella est\u00e1\u2026 ella pasa por momentos, ella est\u00e1 muy da\u00f1ada, est\u00e1 con muchos f\u00e1rmacos, tuvo crisis de p\u00e1nico, siendo llevada en ambulancia desde su lugar de trabajo porque se le intent\u00f3 reinsertar en el Departamento de Educaci\u00f3n, pero tuvo crisis de p\u00e1nico y actualmente est\u00e1 con licencia, est\u00e1 mal, ha tenido que juntar fuerzas para poder afrontar este juicio.<\/p>\n<p>&nbsp;<\/p>\n<p><span style=\"color: #ff0000;\"><strong>SIN JUEZ<\/strong><\/span><\/p>\n<p>En esta parte la abogada hace una acotaci\u00f3n, indicando que llam\u00f3 al Tribunal Laboral, donde le dijeron que no tendr\u00edan juez para la audiencia de hoy hasta el momento. Le van a confirmar despu\u00e9s de las doce de la noche. El juez est\u00e1 de vacaciones y el otro magistrado estar\u00eda con licencia. Por lo tanto tiene incertidumbre si se realiza o no la audiencia hoy. Esto lo lamenta porque su representada est\u00e1 buscando justicia; <em>\u201cque haya un retraso para esto realmente le afecta, ojala que no sea un retraso de mucho tiempo porque obviamente ella se ha preparado, todos nos hemos preparado por ella, todos los profesionales y toda la gente, me imagino las mujeres de Catemu se han preparado y no saber tener la incertidumbre a estas altura de si vamos a tener tribunales o no, es lamentable\u201d,<\/em> se\u00f1al\u00f3 Paulina Jeria.<\/p>\n<p>&#8211; <strong>\u00bfFinalmente qu\u00e9 se busca con todo esto abogada?<\/strong><\/p>\n<p>&#8211; Ella busca justicia, ella busca sentir que tuvo despu\u00e9s de estos largos a\u00f1os, que hay justicia, y esto justamente a trav\u00e9s de una indemnizaci\u00f3n, lo que suelen buscar las personas cuando son da\u00f1adas.<\/p>\n<p>Agreg\u00f3 finalmente que de todas maneras tambi\u00e9n est\u00e1 la posibilidad de enviar los antecedentes al Ministerio P\u00fablico.<\/p>\n<p>Destac\u00f3 que todos los relatos son cre\u00edbles.<\/p>\n<p>&nbsp;<\/p>\n<figure id=\"attachment_96490\" aria-describedby=\"caption-attachment-96490\" style=\"width: 580px\" class=\"wp-caption alignnone\"><img data-recalc-dims=\"1\" loading=\"lazy\" decoding=\"async\" class=\"size-full wp-image-96490\" src=\"https:\/\/i0.wp.com\/www.eltrabajo.cl\/portal\/wp-content\/uploads\/2020\/01\/acoso-laboral.jpg?resize=580%2C359\" alt=\"El acoso laboral es una pr\u00e1ctica que se da con bastante frecuencia, sobre todo en el \u00e1mbito p\u00fablico. (Foto referencial)\" width=\"580\" height=\"359\" srcset=\"https:\/\/i0.wp.com\/eltrabajo.cl\/portal\/wp-content\/uploads\/2020\/01\/acoso-laboral.jpg?w=580&amp;ssl=1 580w, https:\/\/i0.wp.com\/eltrabajo.cl\/portal\/wp-content\/uploads\/2020\/01\/acoso-laboral.jpg?resize=300%2C186&amp;ssl=1 300w, https:\/\/i0.wp.com\/eltrabajo.cl\/portal\/wp-content\/uploads\/2020\/01\/acoso-laboral.jpg?resize=200%2C124&amp;ssl=1 200w, https:\/\/i0.wp.com\/eltrabajo.cl\/portal\/wp-content\/uploads\/2020\/01\/acoso-laboral.jpg?resize=242%2C150&amp;ssl=1 242w, https:\/\/i0.wp.com\/eltrabajo.cl\/portal\/wp-content\/uploads\/2020\/01\/acoso-laboral.jpg?resize=400%2C248&amp;ssl=1 400w\" sizes=\"auto, (max-width: 580px) 100vw, 580px\" \/><figcaption id=\"caption-attachment-96490\" class=\"wp-caption-text\">El acoso laboral es una pr\u00e1ctica que se da con bastante frecuencia, sobre todo en el \u00e1mbito p\u00fablico. (Foto referencial)<\/figcaption><\/figure>\n<p>&nbsp;<\/p>\n<figure id=\"attachment_96491\" aria-describedby=\"caption-attachment-96491\" style=\"width: 580px\" class=\"wp-caption alignnone\"><img data-recalc-dims=\"1\" loading=\"lazy\" decoding=\"async\" class=\"size-full wp-image-96491\" src=\"https:\/\/i0.wp.com\/www.eltrabajo.cl\/portal\/wp-content\/uploads\/2020\/01\/acoso-paulina-jeria-silva.jpg?resize=580%2C598\" alt=\"Paulina Jeria Silva, abogada de la v\u00edctima\" width=\"580\" height=\"598\" srcset=\"https:\/\/i0.wp.com\/eltrabajo.cl\/portal\/wp-content\/uploads\/2020\/01\/acoso-paulina-jeria-silva.jpg?w=580&amp;ssl=1 580w, https:\/\/i0.wp.com\/eltrabajo.cl\/portal\/wp-content\/uploads\/2020\/01\/acoso-paulina-jeria-silva.jpg?resize=291%2C300&amp;ssl=1 291w, https:\/\/i0.wp.com\/eltrabajo.cl\/portal\/wp-content\/uploads\/2020\/01\/acoso-paulina-jeria-silva.jpg?resize=145%2C150&amp;ssl=1 145w, https:\/\/i0.wp.com\/eltrabajo.cl\/portal\/wp-content\/uploads\/2020\/01\/acoso-paulina-jeria-silva.jpg?resize=400%2C412&amp;ssl=1 400w\" sizes=\"auto, (max-width: 580px) 100vw, 580px\" \/><figcaption id=\"caption-attachment-96491\" class=\"wp-caption-text\">Paulina Jeria Silva, abogada de la v\u00edctima<\/figcaption><\/figure>\n","protected":false},"excerpt":{"rendered":"<p>La abogada Paulina Jeria Silva, que representa a Mar\u00eda del Pilar Berr\u00edos Bulo, la mujer que denunci\u00f3 acoso laboral y sexual en la municipalidad y Daem de Catemu, coment\u00f3 p\u00fablicamente que su&#8230;<\/p>\n","protected":false},"author":482,"featured_media":96490,"comment_status":"open","ping_status":"open","sticky":false,"template":"","format":"standard","meta":{"advanced_seo_description":"","jetpack_seo_html_title":"","jetpack_seo_noindex":false,"_jetpack_memberships_contains_paid_content":false,"footnotes":""},"categories":[15],"tags":[],"class_list":["post-96489","post","type-post","status-publish","format-standard","has-post-thumbnail","hentry","category-comunidad"],"jetpack_featured_media_url":"https:\/\/i0.wp.com\/eltrabajo.cl\/portal\/wp-content\/uploads\/2020\/01\/acoso-laboral.jpg?fit=580%2C359&ssl=1","jetpack_sharing_enabled":true,"jetpack_likes_enabled":true,"jetpack-related-posts":[],"_links":{"self":[{"href":"https:\/\/eltrabajo.cl\/portal\/wp-json\/wp\/v2\/posts\/96489","targetHints":{"allow":["GET"]}}],"collection":[{"href":"https:\/\/eltrabajo.cl\/portal\/wp-json\/wp\/v2\/posts"}],"about":[{"href":"https:\/\/eltrabajo.cl\/portal\/wp-json\/wp\/v2\/types\/post"}],"author":[{"embeddable":true,"href":"https:\/\/eltrabajo.cl\/portal\/wp-json\/wp\/v2\/users\/482"}],"replies":[{"embeddable":true,"href":"https:\/\/eltrabajo.cl\/portal\/wp-json\/wp\/v2\/comments?post=96489"}],"version-history":[{"count":0,"href":"https:\/\/eltrabajo.cl\/portal\/wp-json\/wp\/v2\/posts\/96489\/revisions"}],"wp:featuredmedia":[{"embeddable":true,"href":"https:\/\/eltrabajo.cl\/portal\/wp-json\/wp\/v2\/media\/96490"}],"wp:attachment":[{"href":"https:\/\/eltrabajo.cl\/portal\/wp-json\/wp\/v2\/media?parent=96489"}],"wp:term":[{"taxonomy":"category","embeddable":true,"href":"https:\/\/eltrabajo.cl\/portal\/wp-json\/wp\/v2\/categories?post=96489"},{"taxonomy":"post_tag","embeddable":true,"href":"https:\/\/eltrabajo.cl\/portal\/wp-json\/wp\/v2\/tags?post=96489"}],"curies":[{"name":"wp","href":"https:\/\/api.w.org\/{rel}","templated":true}]}}