{"id":96493,"date":"2020-01-09T05:04:53","date_gmt":"2020-01-09T08:04:53","guid":{"rendered":"http:\/\/www.eltrabajo.cl\/portal\/?p=96493"},"modified":"2020-01-08T22:40:01","modified_gmt":"2020-01-09T01:40:01","slug":"hasta-10-anos-arriesga-sujeto-que-ingreso-a-robar-cilindro-de-gas-a-vivienda","status":"publish","type":"post","link":"https:\/\/eltrabajo.cl\/portal\/hasta-10-anos-arriesga-sujeto-que-ingreso-a-robar-cilindro-de-gas-a-vivienda\/","title":{"rendered":"Hasta 10 a\u00f1os arriesga sujeto que ingres\u00f3 a robar cilindro de gas a vivienda"},"content":{"rendered":"<p><span style=\"color: #ff0000;\"><strong>Hechos ocurrieron en la comuna de Llay Llay:<\/strong><\/span><\/p>\n<ul>\n<li><strong>Antisocial fue declarado culpable tras un juicio en el Tribunal Oral en Lo Penal de San Felipe, cuya sentencia ser\u00e1 conocida este viernes 10 de enero.<\/strong><\/li>\n<\/ul>\n<p>Por unanimidad el Tribunal Oral en Lo Penal de San Felipe declar\u00f3 culpable a <strong>Christopher Marcelo Madariaga Ibacache<\/strong> tras un juicio por el robo de un cilindro de gas al interior de una vivienda en la comuna de Llay Llay, arriesgando hasta 10 a\u00f1os de c\u00e1rcel.<\/p>\n<p>De acuerdo a las pruebas rendidas por la Fiscal\u00eda, los hechos habr\u00edan ocurrido el 24 de enero de 2019, a eso de las 23:45 horas, en circunstancias en que el actual condenado habr\u00eda escalado la reja de cierre perimetral de un inmueble ubicado en calle Hu\u00e1scar en Llay Llay.<\/p>\n<p>El delincuente habr\u00eda accedido hasta la cocina del domicilio apoder\u00e1ndose de un cilindro de gas de 15 kilos, siendo sorprendido por la due\u00f1a de casa quien observ\u00f3 al sujeto escapar del inmueble arrojando la especie por encima de la reja.<\/p>\n<p>Minutos m\u00e1s tarde, personal de Carabineros procedi\u00f3 a la detenci\u00f3n del imputado, recuperando la especie de propiedad de la v\u00edctima de estos hechos.<\/p>\n<p>El Ministerio P\u00fablico persigue se condene al acusado a la pena de diez a\u00f1os y un d\u00eda de presidio mayor en su grado m\u00ednimo por el delito de robo en lugar habitado.<\/p>\n<p>No obstante el resultado de la sentencia ser\u00e1 dado a conocer este viernes 10 de enero en la sala del Tribunal Oral en Lo Penal de San Felipe.<br \/>\n<strong>Pablo Salinas Sald\u00edas<\/strong><\/p>\n<p><strong>\u00a0<\/strong><\/p>\n<figure id=\"attachment_96494\" aria-describedby=\"caption-attachment-96494\" style=\"width: 580px\" class=\"wp-caption alignnone\"><img data-recalc-dims=\"1\" loading=\"lazy\" decoding=\"async\" class=\"size-full wp-image-96494\" src=\"https:\/\/i0.wp.com\/www.eltrabajo.cl\/portal\/wp-content\/uploads\/2020\/01\/detenido-SM-1-1-1.jpg?resize=580%2C358\" alt=\"El sujeto fue capturado por Carabineros por el delito de robo en lugar habitado en la comuna de Llay Llay. (Fotograf\u00eda Referencial).\" width=\"580\" height=\"358\" srcset=\"https:\/\/i0.wp.com\/eltrabajo.cl\/portal\/wp-content\/uploads\/2020\/01\/detenido-SM-1-1-1.jpg?w=580&amp;ssl=1 580w, https:\/\/i0.wp.com\/eltrabajo.cl\/portal\/wp-content\/uploads\/2020\/01\/detenido-SM-1-1-1.jpg?resize=300%2C185&amp;ssl=1 300w, https:\/\/i0.wp.com\/eltrabajo.cl\/portal\/wp-content\/uploads\/2020\/01\/detenido-SM-1-1-1.jpg?resize=200%2C123&amp;ssl=1 200w, https:\/\/i0.wp.com\/eltrabajo.cl\/portal\/wp-content\/uploads\/2020\/01\/detenido-SM-1-1-1.jpg?resize=243%2C150&amp;ssl=1 243w, https:\/\/i0.wp.com\/eltrabajo.cl\/portal\/wp-content\/uploads\/2020\/01\/detenido-SM-1-1-1.jpg?resize=400%2C247&amp;ssl=1 400w\" sizes=\"auto, (max-width: 580px) 100vw, 580px\" \/><figcaption id=\"caption-attachment-96494\" class=\"wp-caption-text\">El sujeto fue capturado por Carabineros por el delito de robo en lugar habitado en la comuna de Llay Llay. (Fotograf\u00eda Referencial).<\/figcaption><\/figure>\n<p><strong>\u00a0<\/strong><\/p>\n","protected":false},"excerpt":{"rendered":"<p>Hechos ocurrieron en la comuna de Llay Llay: Antisocial fue declarado culpable tras un juicio en el Tribunal Oral en Lo Penal de San Felipe, cuya sentencia ser\u00e1 conocida este viernes 10&#8230;<\/p>\n","protected":false},"author":482,"featured_media":96494,"comment_status":"open","ping_status":"open","sticky":false,"template":"","format":"standard","meta":{"advanced_seo_description":"","jetpack_seo_html_title":"","jetpack_seo_noindex":false,"_jetpack_memberships_contains_paid_content":false,"footnotes":""},"categories":[97],"tags":[],"class_list":["post-96493","post","type-post","status-publish","format-standard","has-post-thumbnail","hentry","category-tribunales"],"jetpack_featured_media_url":"https:\/\/i0.wp.com\/eltrabajo.cl\/portal\/wp-content\/uploads\/2020\/01\/detenido-SM-1-1-1.jpg?fit=580%2C358&ssl=1","jetpack_sharing_enabled":true,"jetpack_likes_enabled":true,"jetpack-related-posts":[],"_links":{"self":[{"href":"https:\/\/eltrabajo.cl\/portal\/wp-json\/wp\/v2\/posts\/96493","targetHints":{"allow":["GET"]}}],"collection":[{"href":"https:\/\/eltrabajo.cl\/portal\/wp-json\/wp\/v2\/posts"}],"about":[{"href":"https:\/\/eltrabajo.cl\/portal\/wp-json\/wp\/v2\/types\/post"}],"author":[{"embeddable":true,"href":"https:\/\/eltrabajo.cl\/portal\/wp-json\/wp\/v2\/users\/482"}],"replies":[{"embeddable":true,"href":"https:\/\/eltrabajo.cl\/portal\/wp-json\/wp\/v2\/comments?post=96493"}],"version-history":[{"count":0,"href":"https:\/\/eltrabajo.cl\/portal\/wp-json\/wp\/v2\/posts\/96493\/revisions"}],"wp:featuredmedia":[{"embeddable":true,"href":"https:\/\/eltrabajo.cl\/portal\/wp-json\/wp\/v2\/media\/96494"}],"wp:attachment":[{"href":"https:\/\/eltrabajo.cl\/portal\/wp-json\/wp\/v2\/media?parent=96493"}],"wp:term":[{"taxonomy":"category","embeddable":true,"href":"https:\/\/eltrabajo.cl\/portal\/wp-json\/wp\/v2\/categories?post=96493"},{"taxonomy":"post_tag","embeddable":true,"href":"https:\/\/eltrabajo.cl\/portal\/wp-json\/wp\/v2\/tags?post=96493"}],"curies":[{"name":"wp","href":"https:\/\/api.w.org\/{rel}","templated":true}]}}