{"id":96496,"date":"2020-01-08T05:06:05","date_gmt":"2020-01-08T08:06:05","guid":{"rendered":"http:\/\/www.eltrabajo.cl\/portal\/?p=96496"},"modified":"2020-01-08T22:42:59","modified_gmt":"2020-01-09T01:42:59","slug":"encuentran-a-salvo-a-nino-de-8-anos-de-edad-extraviado-en-santa-maria","status":"publish","type":"post","link":"https:\/\/eltrabajo.cl\/portal\/encuentran-a-salvo-a-nino-de-8-anos-de-edad-extraviado-en-santa-maria\/","title":{"rendered":"Encuentran a salvo a ni\u00f1o de 8 a\u00f1os de edad extraviado en Santa Mar\u00eda"},"content":{"rendered":"<p><strong><span style=\"color: #ff0000;\">Con ayuda de Bomberos, Carabineros y vecinos:<\/span> <\/strong><\/p>\n<ul>\n<li><strong>El menor se perdi\u00f3 mientras paseaba con sus perros la tarde noche de este martes.\u00a0 Su madre requiri\u00f3 ayuda a los organismos de emergencias y la comunidad para iniciar una intensa b\u00fasqueda hasta lograr localizarlo.<\/strong><\/li>\n<\/ul>\n<p>A eso de las 21:30 horas de este martes se inici\u00f3 una fren\u00e9tica b\u00fasqueda de un ni\u00f1o de 8 a\u00f1os de edad con s\u00edndrome de Down, quien se extravi\u00f3 mientras paseaba a sus perros en el sector Lo Galdames en la comuna de Santa Mar\u00eda.<\/p>\n<p>La madre del menor requiri\u00f3 ayuda a los organismos de emergencias tras la desaparici\u00f3n del menor, luego que \u00e9ste saliera a pasear como de costumbre a sus mascotas cerca de su vivienda, y al caer la noche no regresaba.<\/p>\n<p>La b\u00fasqueda congreg\u00f3 a m\u00e1s vecinos e incluso a motoqueros luego que la noticia se difundiera a trav\u00e9s de redes sociales, reportando la desaparici\u00f3n del menor.<\/p>\n<p>Al lugar concurri\u00f3 personal de Carabineros y dos unidades de las compa\u00f1\u00edas de Bomberos de Santa Mar\u00eda, quienes se dispersaron por diferentes lugares para dar con el paradero del ni\u00f1o.<\/p>\n<p>En este sentido el Relacionador P\u00fablico de Bomberos, <strong>Diego Arancibia Rodr\u00edguez<\/strong>, se\u00f1al\u00f3 a <strong>Diario El Trabajo<\/strong> que luego de un lapso de tiempo y gracias a la cooperaci\u00f3n de la comunidad, el menor fue encontrado a salvo deambulando en un predio agr\u00edcola.<\/p>\n<p>\u201c<em>El ni\u00f1o hab\u00eda salido de su casa, algo normal que hace, salir a pasear a sus perros, pero transcurridos unos 45 minutos el ni\u00f1o no hab\u00eda regresado, por lo tanto su madre nos llam\u00f3 para pedirnos ayuda en su b\u00fasqueda. R\u00e1pidamente se activ\u00f3 el Grupo de Rescate del Cuerpo de Bomberos, con el apoyo del Grupo Rescatistas Voluntarios que tenemos en Santa Mar\u00eda. Al llegar al lugar, por redes sociales ya hab\u00edan llegado algunos motoristas que recorrieron el sector en los cerros mientras Bomberos se organizaba, encontrando al ni\u00f1o en un predio agr\u00edcola gracias a unos vecinos\u201d.<\/em><\/p>\n<p>El menor fue auxiliado por un enfermero voluntario de Bomberos, observ\u00e1ndose que solo manten\u00eda unas espinas en sus piernas; <em>\u201cpero ninguna herida de consideraci\u00f3n, bien de \u00e1nimo, contento porque ven\u00eda dentro de un carro bomba para luego ser regresado a su madre\u201d,<\/em> concluy\u00f3 Arancibia.<br \/>\n<strong>Pablo Salinas Sald\u00edas<\/strong><\/p>\n<p><strong>\u00a0<\/strong><\/p>\n<figure id=\"attachment_96497\" aria-describedby=\"caption-attachment-96497\" style=\"width: 580px\" class=\"wp-caption alignnone\"><img data-recalc-dims=\"1\" loading=\"lazy\" decoding=\"async\" class=\"size-full wp-image-96497\" src=\"https:\/\/i0.wp.com\/www.eltrabajo.cl\/portal\/wp-content\/uploads\/2020\/01\/RESCATE-MENOR.jpg?resize=580%2C359\" alt=\"En horas de la noche de este martes se inici\u00f3 una intensa b\u00fasqueda de un menor de 8 a\u00f1os de edad que se extravi\u00f3 en la comuna de Santa Mar\u00eda, debiendo concurrir personal de Bomberos y Carabineros.\" width=\"580\" height=\"359\" srcset=\"https:\/\/i0.wp.com\/eltrabajo.cl\/portal\/wp-content\/uploads\/2020\/01\/RESCATE-MENOR.jpg?w=580&amp;ssl=1 580w, https:\/\/i0.wp.com\/eltrabajo.cl\/portal\/wp-content\/uploads\/2020\/01\/RESCATE-MENOR.jpg?resize=300%2C186&amp;ssl=1 300w, https:\/\/i0.wp.com\/eltrabajo.cl\/portal\/wp-content\/uploads\/2020\/01\/RESCATE-MENOR.jpg?resize=200%2C124&amp;ssl=1 200w, https:\/\/i0.wp.com\/eltrabajo.cl\/portal\/wp-content\/uploads\/2020\/01\/RESCATE-MENOR.jpg?resize=242%2C150&amp;ssl=1 242w, https:\/\/i0.wp.com\/eltrabajo.cl\/portal\/wp-content\/uploads\/2020\/01\/RESCATE-MENOR.jpg?resize=400%2C248&amp;ssl=1 400w\" sizes=\"auto, (max-width: 580px) 100vw, 580px\" \/><figcaption id=\"caption-attachment-96497\" class=\"wp-caption-text\">En horas de la noche de este martes se inici\u00f3 una intensa b\u00fasqueda de un menor de 8 a\u00f1os de edad que se extravi\u00f3 en la comuna de Santa Mar\u00eda, debiendo concurrir personal de Bomberos y Carabineros.<\/figcaption><\/figure>\n","protected":false},"excerpt":{"rendered":"<p>Con ayuda de Bomberos, Carabineros y vecinos: El menor se perdi\u00f3 mientras paseaba con sus perros la tarde noche de este martes.\u00a0 Su madre requiri\u00f3 ayuda a los organismos de emergencias y&#8230;<\/p>\n","protected":false},"author":482,"featured_media":96497,"comment_status":"open","ping_status":"open","sticky":false,"template":"","format":"standard","meta":{"advanced_seo_description":"","jetpack_seo_html_title":"","jetpack_seo_noindex":false,"_jetpack_memberships_contains_paid_content":false,"footnotes":""},"categories":[21],"tags":[],"class_list":["post-96496","post","type-post","status-publish","format-standard","has-post-thumbnail","hentry","category-policial"],"jetpack_featured_media_url":"https:\/\/i0.wp.com\/eltrabajo.cl\/portal\/wp-content\/uploads\/2020\/01\/RESCATE-MENOR.jpg?fit=580%2C359&ssl=1","jetpack_sharing_enabled":true,"jetpack_likes_enabled":true,"jetpack-related-posts":[],"_links":{"self":[{"href":"https:\/\/eltrabajo.cl\/portal\/wp-json\/wp\/v2\/posts\/96496","targetHints":{"allow":["GET"]}}],"collection":[{"href":"https:\/\/eltrabajo.cl\/portal\/wp-json\/wp\/v2\/posts"}],"about":[{"href":"https:\/\/eltrabajo.cl\/portal\/wp-json\/wp\/v2\/types\/post"}],"author":[{"embeddable":true,"href":"https:\/\/eltrabajo.cl\/portal\/wp-json\/wp\/v2\/users\/482"}],"replies":[{"embeddable":true,"href":"https:\/\/eltrabajo.cl\/portal\/wp-json\/wp\/v2\/comments?post=96496"}],"version-history":[{"count":0,"href":"https:\/\/eltrabajo.cl\/portal\/wp-json\/wp\/v2\/posts\/96496\/revisions"}],"wp:featuredmedia":[{"embeddable":true,"href":"https:\/\/eltrabajo.cl\/portal\/wp-json\/wp\/v2\/media\/96497"}],"wp:attachment":[{"href":"https:\/\/eltrabajo.cl\/portal\/wp-json\/wp\/v2\/media?parent=96496"}],"wp:term":[{"taxonomy":"category","embeddable":true,"href":"https:\/\/eltrabajo.cl\/portal\/wp-json\/wp\/v2\/categories?post=96496"},{"taxonomy":"post_tag","embeddable":true,"href":"https:\/\/eltrabajo.cl\/portal\/wp-json\/wp\/v2\/tags?post=96496"}],"curies":[{"name":"wp","href":"https:\/\/api.w.org\/{rel}","templated":true}]}}