{"id":96499,"date":"2020-01-09T05:07:04","date_gmt":"2020-01-09T08:07:04","guid":{"rendered":"http:\/\/www.eltrabajo.cl\/portal\/?p=96499"},"modified":"2020-01-08T22:48:36","modified_gmt":"2020-01-09T01:48:36","slug":"padre-e-hijo-resultan-heridos-tras-sufrir-volcamiento-en-sector-el-pino-en-tocornal","status":"publish","type":"post","link":"https:\/\/eltrabajo.cl\/portal\/padre-e-hijo-resultan-heridos-tras-sufrir-volcamiento-en-sector-el-pino-en-tocornal\/","title":{"rendered":"Padre e hijo resultan heridos tras sufrir volcamiento en sector El Pino en Tocornal"},"content":{"rendered":"<p><span style=\"color: #ff0000;\"><strong>En medio de presunto adelantamiento:<\/strong><\/span><\/p>\n<p>Las autoridades est\u00e1n investigando la confusa maniobra automovil\u00edstica en la que aparentemente el conductor del Honda Civic gris, patente LX 52 25, intentaba adelantar a una camioneta cuando ven\u00edan de Los Andes a San Felipe por la ruta Tocornal, resultando heridas dos personas: El conductor y su hijo, ambos adultos, como resultado de impactar violentamente contra un poste de madera y volcar aparatosamente a un lado de la calle, contiguo a un jard\u00edn infantil en el sector El Pino.<\/p>\n<p>Seg\u00fan informaci\u00f3n no oficial que Diario El Trabajo pudo recabar en el lugar de los hechos, chofer y acompa\u00f1ante fueron r\u00e1pidamente extra\u00eddos del autom\u00f3vil destruido, los que fueron trasladados al Hospital San Camilo por personal del SAMU con diversas heridas.<\/p>\n<p>Voluntarios de Bomberos de la Tercera Compa\u00f1\u00eda de Santa Mar\u00eda, \u2018Bomba Tocornal\u2019, atendieron la emergencia.<\/p>\n<p>El percance gener\u00f3 por algunos minutos tacos vehiculares que fueron descongestionados gracias a turnos de paso tanto para una como para otra direcci\u00f3n.<br \/>\n<strong>Roberto Gonz\u00e1lez Short<\/strong><\/p>\n<p>&nbsp;<\/p>\n<figure id=\"attachment_96500\" aria-describedby=\"caption-attachment-96500\" style=\"width: 580px\" class=\"wp-caption alignnone\"><img data-recalc-dims=\"1\" loading=\"lazy\" decoding=\"async\" class=\"size-full wp-image-96500\" src=\"https:\/\/i0.wp.com\/www.eltrabajo.cl\/portal\/wp-content\/uploads\/2020\/01\/vuelco-portada.jpg?resize=580%2C359\" alt=\"EL MILAGRO DEL D\u00cdA.- Un violento y espectacular volcamiento tras chocar contra un poste de madera, sufri\u00f3 el veh\u00edculo que ayer mi\u00e9rcoles en horas de la tarde se dirig\u00eda en direcci\u00f3n a San Felipe por la Ruta Tocornal, a la altura del sector El Pino.\" width=\"580\" height=\"359\" srcset=\"https:\/\/i0.wp.com\/eltrabajo.cl\/portal\/wp-content\/uploads\/2020\/01\/vuelco-portada.jpg?w=580&amp;ssl=1 580w, https:\/\/i0.wp.com\/eltrabajo.cl\/portal\/wp-content\/uploads\/2020\/01\/vuelco-portada.jpg?resize=300%2C186&amp;ssl=1 300w, https:\/\/i0.wp.com\/eltrabajo.cl\/portal\/wp-content\/uploads\/2020\/01\/vuelco-portada.jpg?resize=200%2C124&amp;ssl=1 200w, https:\/\/i0.wp.com\/eltrabajo.cl\/portal\/wp-content\/uploads\/2020\/01\/vuelco-portada.jpg?resize=242%2C150&amp;ssl=1 242w, https:\/\/i0.wp.com\/eltrabajo.cl\/portal\/wp-content\/uploads\/2020\/01\/vuelco-portada.jpg?resize=400%2C248&amp;ssl=1 400w\" sizes=\"auto, (max-width: 580px) 100vw, 580px\" \/><figcaption id=\"caption-attachment-96500\" class=\"wp-caption-text\">EL MILAGRO DEL D\u00cdA.- Un violento y espectacular volcamiento tras chocar contra un poste de madera, sufri\u00f3 el veh\u00edculo que ayer mi\u00e9rcoles en horas de la tarde se dirig\u00eda en direcci\u00f3n a San Felipe por la Ruta Tocornal, a la altura del sector El Pino.<\/figcaption><\/figure>\n<p>&nbsp;<\/p>\n<figure id=\"attachment_96501\" aria-describedby=\"caption-attachment-96501\" style=\"width: 580px\" class=\"wp-caption alignnone\"><img data-recalc-dims=\"1\" loading=\"lazy\" decoding=\"async\" class=\"size-full wp-image-96501\" src=\"https:\/\/i0.wp.com\/www.eltrabajo.cl\/portal\/wp-content\/uploads\/2020\/01\/Vuelco1.jpg?resize=580%2C360\" alt=\"NO ERA SU HORA.- Milagrosamente las dos personas a bordo de este veh\u00edculo resultaron s\u00f3lo con heridas, el escenario nos indica que pudo ser peor.\" width=\"580\" height=\"360\" srcset=\"https:\/\/i0.wp.com\/eltrabajo.cl\/portal\/wp-content\/uploads\/2020\/01\/Vuelco1.jpg?w=580&amp;ssl=1 580w, https:\/\/i0.wp.com\/eltrabajo.cl\/portal\/wp-content\/uploads\/2020\/01\/Vuelco1.jpg?resize=300%2C186&amp;ssl=1 300w, https:\/\/i0.wp.com\/eltrabajo.cl\/portal\/wp-content\/uploads\/2020\/01\/Vuelco1.jpg?resize=200%2C124&amp;ssl=1 200w, https:\/\/i0.wp.com\/eltrabajo.cl\/portal\/wp-content\/uploads\/2020\/01\/Vuelco1.jpg?resize=242%2C150&amp;ssl=1 242w, https:\/\/i0.wp.com\/eltrabajo.cl\/portal\/wp-content\/uploads\/2020\/01\/Vuelco1.jpg?resize=400%2C248&amp;ssl=1 400w\" sizes=\"auto, (max-width: 580px) 100vw, 580px\" \/><figcaption id=\"caption-attachment-96501\" class=\"wp-caption-text\">NO ERA SU HORA.- Milagrosamente las dos personas a bordo de este veh\u00edculo resultaron s\u00f3lo con heridas, el escenario nos indica que pudo ser peor.<\/figcaption><\/figure>\n<p>&nbsp;<\/p>\n<figure id=\"attachment_96502\" aria-describedby=\"caption-attachment-96502\" style=\"width: 580px\" class=\"wp-caption alignnone\"><img data-recalc-dims=\"1\" loading=\"lazy\" decoding=\"async\" class=\"size-full wp-image-96502\" src=\"https:\/\/i0.wp.com\/www.eltrabajo.cl\/portal\/wp-content\/uploads\/2020\/01\/Vuelco2.jpg?resize=580%2C360\" alt=\"ESPECTACULAR.- Debajo del veh\u00edculo se puede apreciar el poste arrancado de cuajo de su lugar.\" width=\"580\" height=\"360\" srcset=\"https:\/\/i0.wp.com\/eltrabajo.cl\/portal\/wp-content\/uploads\/2020\/01\/Vuelco2.jpg?w=580&amp;ssl=1 580w, https:\/\/i0.wp.com\/eltrabajo.cl\/portal\/wp-content\/uploads\/2020\/01\/Vuelco2.jpg?resize=300%2C186&amp;ssl=1 300w, https:\/\/i0.wp.com\/eltrabajo.cl\/portal\/wp-content\/uploads\/2020\/01\/Vuelco2.jpg?resize=200%2C124&amp;ssl=1 200w, https:\/\/i0.wp.com\/eltrabajo.cl\/portal\/wp-content\/uploads\/2020\/01\/Vuelco2.jpg?resize=242%2C150&amp;ssl=1 242w, https:\/\/i0.wp.com\/eltrabajo.cl\/portal\/wp-content\/uploads\/2020\/01\/Vuelco2.jpg?resize=400%2C248&amp;ssl=1 400w\" sizes=\"auto, (max-width: 580px) 100vw, 580px\" \/><figcaption id=\"caption-attachment-96502\" class=\"wp-caption-text\">ESPECTACULAR.- Debajo del veh\u00edculo se puede apreciar el poste arrancado de cuajo de su lugar.<\/figcaption><\/figure>\n","protected":false},"excerpt":{"rendered":"<p>En medio de presunto adelantamiento: Las autoridades est\u00e1n investigando la confusa maniobra automovil\u00edstica en la que aparentemente el conductor del Honda Civic gris, patente LX 52 25, intentaba adelantar a una camioneta&#8230;<\/p>\n","protected":false},"author":482,"featured_media":96500,"comment_status":"open","ping_status":"open","sticky":false,"template":"","format":"standard","meta":{"advanced_seo_description":"","jetpack_seo_html_title":"","jetpack_seo_noindex":false,"_jetpack_memberships_contains_paid_content":false,"footnotes":""},"categories":[21],"tags":[],"class_list":["post-96499","post","type-post","status-publish","format-standard","has-post-thumbnail","hentry","category-policial"],"jetpack_featured_media_url":"https:\/\/i0.wp.com\/eltrabajo.cl\/portal\/wp-content\/uploads\/2020\/01\/vuelco-portada.jpg?fit=580%2C359&ssl=1","jetpack_sharing_enabled":true,"jetpack_likes_enabled":true,"jetpack-related-posts":[],"_links":{"self":[{"href":"https:\/\/eltrabajo.cl\/portal\/wp-json\/wp\/v2\/posts\/96499","targetHints":{"allow":["GET"]}}],"collection":[{"href":"https:\/\/eltrabajo.cl\/portal\/wp-json\/wp\/v2\/posts"}],"about":[{"href":"https:\/\/eltrabajo.cl\/portal\/wp-json\/wp\/v2\/types\/post"}],"author":[{"embeddable":true,"href":"https:\/\/eltrabajo.cl\/portal\/wp-json\/wp\/v2\/users\/482"}],"replies":[{"embeddable":true,"href":"https:\/\/eltrabajo.cl\/portal\/wp-json\/wp\/v2\/comments?post=96499"}],"version-history":[{"count":0,"href":"https:\/\/eltrabajo.cl\/portal\/wp-json\/wp\/v2\/posts\/96499\/revisions"}],"wp:featuredmedia":[{"embeddable":true,"href":"https:\/\/eltrabajo.cl\/portal\/wp-json\/wp\/v2\/media\/96500"}],"wp:attachment":[{"href":"https:\/\/eltrabajo.cl\/portal\/wp-json\/wp\/v2\/media?parent=96499"}],"wp:term":[{"taxonomy":"category","embeddable":true,"href":"https:\/\/eltrabajo.cl\/portal\/wp-json\/wp\/v2\/categories?post=96499"},{"taxonomy":"post_tag","embeddable":true,"href":"https:\/\/eltrabajo.cl\/portal\/wp-json\/wp\/v2\/tags?post=96499"}],"curies":[{"name":"wp","href":"https:\/\/api.w.org\/{rel}","templated":true}]}}