{"id":96504,"date":"2020-01-10T05:01:39","date_gmt":"2020-01-10T08:01:39","guid":{"rendered":"http:\/\/www.eltrabajo.cl\/portal\/?p=96504"},"modified":"2020-01-09T21:25:56","modified_gmt":"2020-01-10T00:25:56","slug":"joven-sobrevivio-a-terrible-enfermedad-y-especialistas-no-le-creian-que-la-salvaron-en-el-sistema-publico","status":"publish","type":"post","link":"https:\/\/eltrabajo.cl\/portal\/joven-sobrevivio-a-terrible-enfermedad-y-especialistas-no-le-creian-que-la-salvaron-en-el-sistema-publico\/","title":{"rendered":"Joven sobrevivi\u00f3 a terrible enfermedad y especialistas no le cre\u00edan que la salvaron en el sistema p\u00fablico"},"content":{"rendered":"<ul>\n<li><strong><span style=\"color: #ff0000;\">Llaylla\u00edna sufri\u00f3 el s\u00edndrome de Stevens Johnson<\/span> que en pocos d\u00edas destruye la piel y las mucosas, pudiendo causar la muerte.<\/strong><\/li>\n<\/ul>\n<p>El s\u00edndrome de Stevens-Johnson es un trastorno grave y extra\u00f1o de la piel que tambi\u00e9n tiene terribles y dolorosas consecuencias en los ojos, la garganta y otros \u00f3rganos, por lo que de no recibir un tratamiento adecuado puede generar graves secuelas e incluso la muerte. Su aparici\u00f3n es muy escasa, de un caso en un mill\u00f3n y <strong>G\u00e9nesis Abarca<\/strong>, llaylla\u00edna de 19 a\u00f1os, fue ese caso.<\/p>\n<p>De acuerdo a lo relatado por sus padres, la aparici\u00f3n de la enfermedad fue un verdadero calvario, ya que por ser muy escasa no es de f\u00e1cil diagn\u00f3stico, y cuando determinaron que la padec\u00eda, ya estaba en la UCI del San Camilo luego de sufrir complicaciones para respirar, comer e incluso orinar, lo que requiri\u00f3 un trabajo multidisciplinario para tratar su caso.<\/p>\n<p>\u201c<em>G\u00e9nesis lleg\u00f3 a nosotros por alteraciones en su piel, en un principio compartibles con un sarampi\u00f3n, pero luego empeor\u00f3, por lo que se determin\u00f3 que padec\u00eda de Steven Johnson, patolog\u00eda poco frecuente con una mortalidad de 30 a 50% en quienes la padecen, por lo que hab\u00eda que actuar r\u00e1pido y pudimos coordinar con la UCI, Farmacia, Ginecolog\u00eda y Otorrino por parte nuestra, y dermatolog\u00eda por el Hospital de Los Andes, para que la enfermedad no progresara, y, a la vez, disminuir las posibles secuelas como la p\u00e9rdida de la visi\u00f3n o el habla\u201d,<\/em> asegura la Dra. <strong>Valeria Oliva Bi\u00e9nzobas<\/strong>, oftalm\u00f3loga del Hospital San Camilo, quien agrega que incluso todos estos equipos ingresaron juntos a Pabell\u00f3n para intervenir conjuntamente a la paciente en los momentos m\u00e1s cr\u00edticos de la enfermedad y, en su caso, debi\u00f3 realizarle un trasplante de membrana amni\u00f3tica que el equipo de Procura gestion\u00f3 directamente del banco de ojos del Hospital San Borja para salvar su vista.<\/p>\n<p>De acuerdo a su experiencia, el caso previo de esta patolog\u00eda hab\u00eda sido hace 15 a\u00f1os en la UCI, por lo que su tratamiento fue todo un \u00e9xito para el equipo.<\/p>\n<p>Lo anterior es ratificado por su padre, <strong>Ricardo Abarca<\/strong>, quien reconoce que lo pasaron muy mal pensando lo peor al ver a su hija con ampollas en toda la piel, incluso en el cuero cabelludo y las u\u00f1as, <em>\u201ccomo si hubiera sido quemada con \u00e1cido\u201d,<\/em> relata.<\/p>\n<p>\u201c<em>Mi hija tuvo la mala suerte de contraer esta enfermedad, pero gracias a\u00a0 Dios y al equipo m\u00e9dico que la trat\u00f3 hoy est\u00e1 bien, con secuelas menores y avanzando en su recuperaci\u00f3n, ya que esto es para largo\u201d,<\/em> agrega.<\/p>\n<p>Asimismo, su madre, <strong>Leticia Varas Rodr\u00edguez<\/strong>, record\u00f3 que estuvieron \u2018al pie del ca\u00f1\u00f3n\u2019 por m\u00e1s de un mes en la UCI, en donde permaneci\u00f3 su hija. <em>\u201cQuisiera agradecer a todo el personal, a la doctora Oliva, a la doctora Armijo, la dermat\u00f3loga del Hospital de Los Andes y a todos, incluso al personal del aseo ya que se portaron un siete y permitieron salvar a mi hija, al igual que a los profesionales del Cosam de Llay Llay, los hermanos de la iglesia, amigos, compa\u00f1eros de trabajo y a todos los que nos han ayudado en los beneficios realizados para apoyar todos los gastos que esto nos ha tra\u00eddo\u201d.<\/em><\/p>\n<p>La orgullosa madre, relata que posterior a su alta, llevaron a G\u00e9nesis a una especialista particular para conocer su opini\u00f3n, quien la encontr\u00f3 muy bien para el cuadro vivido, pero por lo mismo no les cre\u00eda que la hab\u00edan tratado en un hospital p\u00fablico ya que, seg\u00fan su experiencia, <em>\u201cresultados tan positivos s\u00f3lo se consiguen en una cl\u00ednica\u201d,<\/em> por el alto costo de los medicamentos y la experticia de los equipos para enfrentar el tratamiento.<\/p>\n<p>Tal fue el \u00e9xito de la recuperaci\u00f3n de la joven y el agradecimiento de la familia por el cari\u00f1o recibido en el Hospital San Camilo, que para la reciente navidad, G\u00e9nesis quiso concurrir personalmente a saludar al personal que la trat\u00f3, entregando bolsitas de dulces y globos a todos quienes se topaban con ella y tambi\u00e9n para los menores de Pediatr\u00eda, pues nadie mejor que ella para saber lo que se vive en un proceso de hospitalizaci\u00f3n.<\/p>\n<p>&nbsp;<\/p>\n<figure id=\"attachment_96505\" aria-describedby=\"caption-attachment-96505\" style=\"width: 580px\" class=\"wp-caption alignnone\"><img data-recalc-dims=\"1\" loading=\"lazy\" decoding=\"async\" class=\"size-full wp-image-96505\" src=\"https:\/\/i0.wp.com\/www.eltrabajo.cl\/portal\/wp-content\/uploads\/2020\/01\/genesis-al-centro-con-padres.jpg?resize=580%2C359\" alt=\"G\u00e9nesis Abarca, llaylla\u00edna de 19 a\u00f1os, es una en un mill\u00f3n. En la foto al centro junto a sus padres Ricardo Abarca y Leticia Varas Rodr\u00edguez.\" width=\"580\" height=\"359\" srcset=\"https:\/\/i0.wp.com\/eltrabajo.cl\/portal\/wp-content\/uploads\/2020\/01\/genesis-al-centro-con-padres.jpg?w=580&amp;ssl=1 580w, https:\/\/i0.wp.com\/eltrabajo.cl\/portal\/wp-content\/uploads\/2020\/01\/genesis-al-centro-con-padres.jpg?resize=300%2C186&amp;ssl=1 300w, https:\/\/i0.wp.com\/eltrabajo.cl\/portal\/wp-content\/uploads\/2020\/01\/genesis-al-centro-con-padres.jpg?resize=200%2C124&amp;ssl=1 200w, https:\/\/i0.wp.com\/eltrabajo.cl\/portal\/wp-content\/uploads\/2020\/01\/genesis-al-centro-con-padres.jpg?resize=242%2C150&amp;ssl=1 242w, https:\/\/i0.wp.com\/eltrabajo.cl\/portal\/wp-content\/uploads\/2020\/01\/genesis-al-centro-con-padres.jpg?resize=400%2C248&amp;ssl=1 400w\" sizes=\"auto, (max-width: 580px) 100vw, 580px\" \/><figcaption id=\"caption-attachment-96505\" class=\"wp-caption-text\">G\u00e9nesis Abarca, llaylla\u00edna de 19 a\u00f1os, es una en un mill\u00f3n. En la foto al centro junto a sus padres Ricardo Abarca y Leticia Varas Rodr\u00edguez.<\/figcaption><\/figure>\n<p>&nbsp;<\/p>\n<figure id=\"attachment_96506\" aria-describedby=\"caption-attachment-96506\" style=\"width: 580px\" class=\"wp-caption alignnone\"><img data-recalc-dims=\"1\" loading=\"lazy\" decoding=\"async\" class=\"size-full wp-image-96506\" src=\"https:\/\/i0.wp.com\/www.eltrabajo.cl\/portal\/wp-content\/uploads\/2020\/01\/genesis-con-el-equipo-de-la-UCI-1.jpg?resize=580%2C360\" alt=\"El \u00e9xito del tratamiento llev\u00f3 a G\u00e9nesis concurrir personalmente a saludar y agradecer al personal de la UCI que la trat\u00f3 durante su estad\u00eda en el Hospital San Camilo.\" width=\"580\" height=\"360\" srcset=\"https:\/\/i0.wp.com\/eltrabajo.cl\/portal\/wp-content\/uploads\/2020\/01\/genesis-con-el-equipo-de-la-UCI-1.jpg?w=580&amp;ssl=1 580w, https:\/\/i0.wp.com\/eltrabajo.cl\/portal\/wp-content\/uploads\/2020\/01\/genesis-con-el-equipo-de-la-UCI-1.jpg?resize=300%2C186&amp;ssl=1 300w, https:\/\/i0.wp.com\/eltrabajo.cl\/portal\/wp-content\/uploads\/2020\/01\/genesis-con-el-equipo-de-la-UCI-1.jpg?resize=200%2C124&amp;ssl=1 200w, https:\/\/i0.wp.com\/eltrabajo.cl\/portal\/wp-content\/uploads\/2020\/01\/genesis-con-el-equipo-de-la-UCI-1.jpg?resize=242%2C150&amp;ssl=1 242w, https:\/\/i0.wp.com\/eltrabajo.cl\/portal\/wp-content\/uploads\/2020\/01\/genesis-con-el-equipo-de-la-UCI-1.jpg?resize=400%2C248&amp;ssl=1 400w\" sizes=\"auto, (max-width: 580px) 100vw, 580px\" \/><figcaption id=\"caption-attachment-96506\" class=\"wp-caption-text\">El \u00e9xito del tratamiento llev\u00f3 a G\u00e9nesis concurrir personalmente a saludar y agradecer al personal de la UCI que la trat\u00f3 durante su estad\u00eda en el Hospital San Camilo.<\/figcaption><\/figure>\n<p>&nbsp;<\/p>\n<figure id=\"attachment_96507\" aria-describedby=\"caption-attachment-96507\" style=\"width: 580px\" class=\"wp-caption alignnone\"><img data-recalc-dims=\"1\" loading=\"lazy\" decoding=\"async\" class=\"size-full wp-image-96507\" src=\"https:\/\/i0.wp.com\/www.eltrabajo.cl\/portal\/wp-content\/uploads\/2020\/01\/genesis-entregando-regalos-en-pediatr%C3%ADa-junto-al-cirujano-infantil-Dr.-Varela.jpg?resize=580%2C359\" alt=\"Durante su regreso para agradecer al personal del San Camilo la pasada navidad, la joven entreg\u00f3 bolsitas de dulces y globos a todos quienes se topaban con ella y tambi\u00e9n para los menores de Pediatr\u00eda.\" width=\"580\" height=\"359\" srcset=\"https:\/\/i0.wp.com\/eltrabajo.cl\/portal\/wp-content\/uploads\/2020\/01\/genesis-entregando-regalos-en-pediatr%C3%ADa-junto-al-cirujano-infantil-Dr.-Varela.jpg?w=580&amp;ssl=1 580w, https:\/\/i0.wp.com\/eltrabajo.cl\/portal\/wp-content\/uploads\/2020\/01\/genesis-entregando-regalos-en-pediatr%C3%ADa-junto-al-cirujano-infantil-Dr.-Varela.jpg?resize=300%2C186&amp;ssl=1 300w, https:\/\/i0.wp.com\/eltrabajo.cl\/portal\/wp-content\/uploads\/2020\/01\/genesis-entregando-regalos-en-pediatr%C3%ADa-junto-al-cirujano-infantil-Dr.-Varela.jpg?resize=200%2C124&amp;ssl=1 200w, https:\/\/i0.wp.com\/eltrabajo.cl\/portal\/wp-content\/uploads\/2020\/01\/genesis-entregando-regalos-en-pediatr%C3%ADa-junto-al-cirujano-infantil-Dr.-Varela.jpg?resize=242%2C150&amp;ssl=1 242w, https:\/\/i0.wp.com\/eltrabajo.cl\/portal\/wp-content\/uploads\/2020\/01\/genesis-entregando-regalos-en-pediatr%C3%ADa-junto-al-cirujano-infantil-Dr.-Varela.jpg?resize=400%2C248&amp;ssl=1 400w\" sizes=\"auto, (max-width: 580px) 100vw, 580px\" \/><figcaption id=\"caption-attachment-96507\" class=\"wp-caption-text\">Durante su regreso para agradecer al personal del San Camilo la pasada navidad, la joven entreg\u00f3 bolsitas de dulces y globos a todos quienes se topaban con ella y tambi\u00e9n para los menores de Pediatr\u00eda.<\/figcaption><\/figure>\n","protected":false},"excerpt":{"rendered":"<p>Llaylla\u00edna sufri\u00f3 el s\u00edndrome de Stevens Johnson que en pocos d\u00edas destruye la piel y las mucosas, pudiendo causar la muerte. El s\u00edndrome de Stevens-Johnson es un trastorno grave y extra\u00f1o de&#8230;<\/p>\n","protected":false},"author":482,"featured_media":96505,"comment_status":"open","ping_status":"open","sticky":false,"template":"","format":"standard","meta":{"advanced_seo_description":"","jetpack_seo_html_title":"","jetpack_seo_noindex":false,"_jetpack_memberships_contains_paid_content":false,"footnotes":""},"categories":[15],"tags":[],"class_list":["post-96504","post","type-post","status-publish","format-standard","has-post-thumbnail","hentry","category-comunidad"],"jetpack_featured_media_url":"https:\/\/i0.wp.com\/eltrabajo.cl\/portal\/wp-content\/uploads\/2020\/01\/genesis-al-centro-con-padres.jpg?fit=580%2C359&ssl=1","jetpack_sharing_enabled":true,"jetpack_likes_enabled":true,"jetpack-related-posts":[],"_links":{"self":[{"href":"https:\/\/eltrabajo.cl\/portal\/wp-json\/wp\/v2\/posts\/96504","targetHints":{"allow":["GET"]}}],"collection":[{"href":"https:\/\/eltrabajo.cl\/portal\/wp-json\/wp\/v2\/posts"}],"about":[{"href":"https:\/\/eltrabajo.cl\/portal\/wp-json\/wp\/v2\/types\/post"}],"author":[{"embeddable":true,"href":"https:\/\/eltrabajo.cl\/portal\/wp-json\/wp\/v2\/users\/482"}],"replies":[{"embeddable":true,"href":"https:\/\/eltrabajo.cl\/portal\/wp-json\/wp\/v2\/comments?post=96504"}],"version-history":[{"count":0,"href":"https:\/\/eltrabajo.cl\/portal\/wp-json\/wp\/v2\/posts\/96504\/revisions"}],"wp:featuredmedia":[{"embeddable":true,"href":"https:\/\/eltrabajo.cl\/portal\/wp-json\/wp\/v2\/media\/96505"}],"wp:attachment":[{"href":"https:\/\/eltrabajo.cl\/portal\/wp-json\/wp\/v2\/media?parent=96504"}],"wp:term":[{"taxonomy":"category","embeddable":true,"href":"https:\/\/eltrabajo.cl\/portal\/wp-json\/wp\/v2\/categories?post=96504"},{"taxonomy":"post_tag","embeddable":true,"href":"https:\/\/eltrabajo.cl\/portal\/wp-json\/wp\/v2\/tags?post=96504"}],"curies":[{"name":"wp","href":"https:\/\/api.w.org\/{rel}","templated":true}]}}