{"id":96509,"date":"2020-01-10T05:04:03","date_gmt":"2020-01-10T08:04:03","guid":{"rendered":"http:\/\/www.eltrabajo.cl\/portal\/?p=96509"},"modified":"2020-01-09T21:32:31","modified_gmt":"2020-01-10T00:32:31","slug":"viuda-de-harry-wilson-labbe-comparte-hoy-recuerdos-del-multifacetico-personaje","status":"publish","type":"post","link":"https:\/\/eltrabajo.cl\/portal\/viuda-de-harry-wilson-labbe-comparte-hoy-recuerdos-del-multifacetico-personaje\/","title":{"rendered":"Viuda de \u2018Harry Wilson\u2019 Labbe comparte hoy recuerdos del multifac\u00e9tico personaje"},"content":{"rendered":"<p><span style=\"color: #ff0000;\"><strong>Fue cantante, actor, bombero, radioaficionado y hasta \u00e1rbitro de f\u00fatbol:<\/strong><\/span><\/p>\n<p>\u00bfQui\u00e9n en nuestra comuna no recuerda al polifac\u00e9tico y singular vecino sanfelipe\u00f1o \u2018<em>Harry Wilson<\/em>\u2019? Nuestros lectores saben a qui\u00e9n nos referimos, un tremendo personaje p\u00fablico al que era com\u00fan verlo haci\u00e9ndola de \u00e1rbitro en las canchas del Valle de Aconcagua, trabajando codo a codo con las brigadas bomberiles, radioaficionado, cantante, humorista y actor.<\/p>\n<p>Estamos hablando de quien verdaderamente se llamaba <strong>Carlos Enrique Wilson Labbe<\/strong>, un popular artista que hoy hace una semana nos dej\u00f3 para siempre, falleciendo a la edad de 76 a\u00f1os. En <strong>Diario El Trabajo<\/strong> compartimos hoy una peque\u00f1a entrevista con su ahora viuda, la profesora jubilada <strong>Mirtha Lemus<\/strong>, quien ayer nos atendi\u00f3 en su casa, luego de pasar una semana de luto en su hogar, ubicado en Villa San Camilo.<\/p>\n<p>\u00ab<em>Mi esposo era muy especial, en Constituci\u00f3n era bombero, cuando lleg\u00f3 a San Felipe ya era bombero, lo conoc\u00ed en una fuente de soda que exist\u00eda en donde ahora est\u00e1 el Teatro Municipal. A \u00e9l sus amigos lo animaban para que cantara y se presentara, as\u00ed \u00e9l montaba su show; nos encantaba verlo actuar, nos enamoramos y finalmente nos casamos, ser su esposa fue para m\u00ed una gran aventura, pues era tremendamente divertido<\/em>\u00bb, coment\u00f3 Lemus a nuestro medio.<\/p>\n<p>&#8211; <strong>\u00bfEs verdad que su esposo era un \u00e1rbitro \u00fanico en su l\u00ednea?<\/strong><\/p>\n<p>&#8211; S\u00ed, \u00e9l era \u00fanico (risas), a veces arbitraba mal para que se generara la pol\u00e9mica en los partidos, sal\u00eda muchas veces golpeado y cobraba las indemnizaciones, pero todo quedaba ah\u00ed, s\u00f3lo era un pasatiempo y su manera de ser.<\/p>\n<p>&#8211; <strong>\u00bfSe le conoc\u00eda tambi\u00e9n como artista?<\/strong><\/p>\n<p>&#8211; Cierto, \u00e9l cantaba, lo hac\u00eda muy bien, se codeaba con todo el mundo, a veces actuaba con Cecilia, con los artistas como \u00e9l de La Nueva Ola, tambi\u00e9n era humorista, actor y como ser humano muy solidario con los dem\u00e1s.<\/p>\n<p>&#8211; <strong>\u00bfCu\u00e1les cree usted que eran sus mejores virtudes?<\/strong><\/p>\n<p>&#8211; Creo que era una persona muy responsable, tomaba muy en serio cualquier trabajo que le solicitaran, como esposo \u00e9l nunca me excluy\u00f3 de alguna \u00e1rea de su vida, siempre me llevaba a sus presentaciones, a sus espect\u00e1culos, me presentaba a otros artistas, me hac\u00eda sentir verdaderamente parte integral de su vida p\u00fablica y privada.<\/p>\n<p>&#8211; <strong>\u00bfC\u00f3mo lleg\u00f3 su marido al desenlace final de su vida?<\/strong><\/p>\n<p>&#8211; Carlos fumaba mucho, era diab\u00e9tico, as\u00ed que se fue complicando su salud; \u00e9l le ten\u00eda mucho miedo a las amputaciones, finalmente se le complic\u00f3 tambi\u00e9n los pulmones y no pudo seguir m\u00e1s, la diabetes y el cigarrillo acabaron con \u00e9l. Falleci\u00f3 la madrugada del viernes 3 de enero, me dej\u00f3 un solo hijo: David.<\/p>\n<p>&nbsp;<\/p>\n<p><span style=\"color: #ff0000;\"><strong>BRILLANTE CARRERA<\/strong><\/span><\/p>\n<p>Don Carlos Wilson trabaj\u00f3 en muchas ciudades de Chile, en su casa de habitaci\u00f3n son muchos los galvanos de municipios distintos y diplomas de Telet\u00f3n los que siguen certificando su gran aporte art\u00edstico y social en nuestras comunidades. Fue sepultado este domingo 5 de enero en el Cementerio Parque Almendral, de La Troya.<br \/>\n<strong>Roberto Gonz\u00e1lez Short<\/strong><\/p>\n<p>&nbsp;<\/p>\n<figure id=\"attachment_96512\" aria-describedby=\"caption-attachment-96512\" style=\"width: 580px\" class=\"wp-caption alignnone\"><img data-recalc-dims=\"1\" loading=\"lazy\" decoding=\"async\" class=\"size-full wp-image-96512\" src=\"https:\/\/i0.wp.com\/www.eltrabajo.cl\/portal\/wp-content\/uploads\/2020\/01\/Harry-Wilson1-copia.jpg?resize=580%2C600\" alt=\"NOS QUEDAMOS SIN \u00c1RBITRO.- Carlos Enrique Wilson Labbe se presentaba art\u00edsticamente como \u2018Harry Wilson\u2019.\" width=\"580\" height=\"600\" srcset=\"https:\/\/i0.wp.com\/eltrabajo.cl\/portal\/wp-content\/uploads\/2020\/01\/Harry-Wilson1-copia.jpg?w=580&amp;ssl=1 580w, https:\/\/i0.wp.com\/eltrabajo.cl\/portal\/wp-content\/uploads\/2020\/01\/Harry-Wilson1-copia.jpg?resize=290%2C300&amp;ssl=1 290w, https:\/\/i0.wp.com\/eltrabajo.cl\/portal\/wp-content\/uploads\/2020\/01\/Harry-Wilson1-copia.jpg?resize=145%2C150&amp;ssl=1 145w, https:\/\/i0.wp.com\/eltrabajo.cl\/portal\/wp-content\/uploads\/2020\/01\/Harry-Wilson1-copia.jpg?resize=400%2C414&amp;ssl=1 400w\" sizes=\"auto, (max-width: 580px) 100vw, 580px\" \/><figcaption id=\"caption-attachment-96512\" class=\"wp-caption-text\">NOS QUEDAMOS SIN \u00c1RBITRO.- Carlos Enrique Wilson Labbe se presentaba art\u00edsticamente como \u2018Harry Wilson\u2019.<\/figcaption><\/figure>\n<p>&nbsp;<\/p>\n<figure id=\"attachment_96510\" aria-describedby=\"caption-attachment-96510\" style=\"width: 579px\" class=\"wp-caption alignnone\"><img data-recalc-dims=\"1\" loading=\"lazy\" decoding=\"async\" class=\"size-full wp-image-96510\" src=\"https:\/\/i0.wp.com\/www.eltrabajo.cl\/portal\/wp-content\/uploads\/2020\/01\/Harry-Wilson-2.jpg?resize=579%2C457\" alt=\"GRANDE WILSON.- Aqu\u00ed vemos uno de los tantos anuncios en la prensa en el que aparece \u2018Harry Wilson\u2019 anunciado al lado de Cecilia.\" width=\"579\" height=\"457\" srcset=\"https:\/\/i0.wp.com\/eltrabajo.cl\/portal\/wp-content\/uploads\/2020\/01\/Harry-Wilson-2.jpg?w=579&amp;ssl=1 579w, https:\/\/i0.wp.com\/eltrabajo.cl\/portal\/wp-content\/uploads\/2020\/01\/Harry-Wilson-2.jpg?resize=300%2C237&amp;ssl=1 300w, https:\/\/i0.wp.com\/eltrabajo.cl\/portal\/wp-content\/uploads\/2020\/01\/Harry-Wilson-2.jpg?resize=190%2C150&amp;ssl=1 190w, https:\/\/i0.wp.com\/eltrabajo.cl\/portal\/wp-content\/uploads\/2020\/01\/Harry-Wilson-2.jpg?resize=400%2C316&amp;ssl=1 400w\" sizes=\"auto, (max-width: 579px) 100vw, 579px\" \/><figcaption id=\"caption-attachment-96510\" class=\"wp-caption-text\">GRANDE WILSON.- Aqu\u00ed vemos uno de los tantos anuncios en la prensa en el que aparece \u2018Harry Wilson\u2019 anunciado al lado de Cecilia.<\/figcaption><\/figure>\n<p>&nbsp;<\/p>\n<figure id=\"attachment_96511\" aria-describedby=\"caption-attachment-96511\" style=\"width: 580px\" class=\"wp-caption alignnone\"><img data-recalc-dims=\"1\" loading=\"lazy\" decoding=\"async\" class=\"size-full wp-image-96511\" src=\"https:\/\/i0.wp.com\/www.eltrabajo.cl\/portal\/wp-content\/uploads\/2020\/01\/Harry-Wilson_Mirtha-Lemus.jpg?resize=580%2C359\" alt=\"La profesora jubilada y ahora viuda de Wilson, Mirtha Lemus, nos muestra con nostalgia parte de los galvanos y diplomas que obtuvo en vida su esposo.\" width=\"580\" height=\"359\" srcset=\"https:\/\/i0.wp.com\/eltrabajo.cl\/portal\/wp-content\/uploads\/2020\/01\/Harry-Wilson_Mirtha-Lemus.jpg?w=580&amp;ssl=1 580w, https:\/\/i0.wp.com\/eltrabajo.cl\/portal\/wp-content\/uploads\/2020\/01\/Harry-Wilson_Mirtha-Lemus.jpg?resize=300%2C186&amp;ssl=1 300w, https:\/\/i0.wp.com\/eltrabajo.cl\/portal\/wp-content\/uploads\/2020\/01\/Harry-Wilson_Mirtha-Lemus.jpg?resize=200%2C124&amp;ssl=1 200w, https:\/\/i0.wp.com\/eltrabajo.cl\/portal\/wp-content\/uploads\/2020\/01\/Harry-Wilson_Mirtha-Lemus.jpg?resize=242%2C150&amp;ssl=1 242w, https:\/\/i0.wp.com\/eltrabajo.cl\/portal\/wp-content\/uploads\/2020\/01\/Harry-Wilson_Mirtha-Lemus.jpg?resize=400%2C248&amp;ssl=1 400w\" sizes=\"auto, (max-width: 580px) 100vw, 580px\" \/><figcaption id=\"caption-attachment-96511\" class=\"wp-caption-text\">La profesora jubilada y ahora viuda de Wilson, Mirtha Lemus, nos muestra con nostalgia parte de los galvanos y diplomas que obtuvo en vida su esposo.<\/figcaption><\/figure>\n","protected":false},"excerpt":{"rendered":"<p>Fue cantante, actor, bombero, radioaficionado y hasta \u00e1rbitro de f\u00fatbol: \u00bfQui\u00e9n en nuestra comuna no recuerda al polifac\u00e9tico y singular vecino sanfelipe\u00f1o \u2018Harry Wilson\u2019? Nuestros lectores saben a qui\u00e9n nos referimos, un&#8230;<\/p>\n","protected":false},"author":482,"featured_media":96513,"comment_status":"open","ping_status":"open","sticky":false,"template":"","format":"standard","meta":{"advanced_seo_description":"","jetpack_seo_html_title":"","jetpack_seo_noindex":false,"_jetpack_memberships_contains_paid_content":false,"footnotes":""},"categories":[15],"tags":[],"class_list":["post-96509","post","type-post","status-publish","format-standard","has-post-thumbnail","hentry","category-comunidad"],"jetpack_featured_media_url":"https:\/\/i0.wp.com\/eltrabajo.cl\/portal\/wp-content\/uploads\/2020\/01\/Harry-Wilson1.jpg?fit=580%2C359&ssl=1","jetpack_sharing_enabled":true,"jetpack_likes_enabled":true,"jetpack-related-posts":[],"_links":{"self":[{"href":"https:\/\/eltrabajo.cl\/portal\/wp-json\/wp\/v2\/posts\/96509","targetHints":{"allow":["GET"]}}],"collection":[{"href":"https:\/\/eltrabajo.cl\/portal\/wp-json\/wp\/v2\/posts"}],"about":[{"href":"https:\/\/eltrabajo.cl\/portal\/wp-json\/wp\/v2\/types\/post"}],"author":[{"embeddable":true,"href":"https:\/\/eltrabajo.cl\/portal\/wp-json\/wp\/v2\/users\/482"}],"replies":[{"embeddable":true,"href":"https:\/\/eltrabajo.cl\/portal\/wp-json\/wp\/v2\/comments?post=96509"}],"version-history":[{"count":0,"href":"https:\/\/eltrabajo.cl\/portal\/wp-json\/wp\/v2\/posts\/96509\/revisions"}],"wp:featuredmedia":[{"embeddable":true,"href":"https:\/\/eltrabajo.cl\/portal\/wp-json\/wp\/v2\/media\/96513"}],"wp:attachment":[{"href":"https:\/\/eltrabajo.cl\/portal\/wp-json\/wp\/v2\/media?parent=96509"}],"wp:term":[{"taxonomy":"category","embeddable":true,"href":"https:\/\/eltrabajo.cl\/portal\/wp-json\/wp\/v2\/categories?post=96509"},{"taxonomy":"post_tag","embeddable":true,"href":"https:\/\/eltrabajo.cl\/portal\/wp-json\/wp\/v2\/tags?post=96509"}],"curies":[{"name":"wp","href":"https:\/\/api.w.org\/{rel}","templated":true}]}}