{"id":96525,"date":"2020-01-10T05:06:09","date_gmt":"2020-01-10T08:06:09","guid":{"rendered":"http:\/\/www.eltrabajo.cl\/portal\/?p=96525"},"modified":"2020-01-09T21:36:36","modified_gmt":"2020-01-10T00:36:36","slug":"desconocidos-hieren-a-bala-a-conocido-delincuente-apodado-el-cota","status":"publish","type":"post","link":"https:\/\/eltrabajo.cl\/portal\/desconocidos-hieren-a-bala-a-conocido-delincuente-apodado-el-cota\/","title":{"rendered":"Desconocidos hieren a bala a conocido delincuente apodado \u2018El Cota\u2019"},"content":{"rendered":"<p><span style=\"color: #ff0000;\"><strong>Presunto \u2018ajuste de cuentas\u2019 en Santa Mar\u00eda:<\/strong><\/span><\/p>\n<ul>\n<li><strong>Afectado result\u00f3 con una fractura expuesta en su pierna, declinando entregar informaci\u00f3n a Carabineros respecto de la identidad de el o los atacantes.<\/strong><\/li>\n<\/ul>\n<p>Con una herida a bala de car\u00e1cter grave result\u00f3 un conocido antisocial de Santa Mar\u00eda, de 44 a\u00f1os de edad, apodado \u2018El Cota\u2019, luego que sujetos desconocidos le habr\u00edan disparado tras un presunto \u2018ajuste de cuentas\u2019 ocurrido este fin de semana en esta misma comuna.<\/p>\n<p>De acuerdo a lo informado por Carabineros, el hecho se habr\u00eda registrado en horas de la madrugada, alrededor de la 01:20, luego de recepcionarse la informaci\u00f3n de un sujeto que habr\u00eda sido baleado en la Villa Los Aromos de Santa Mar\u00eda, frente al Block 3, verific\u00e1ndose que el afectado de este hecho manten\u00eda una herida profunda en una de sus piernas tras recibir el impacto de una bala en la v\u00eda p\u00fablica.<\/p>\n<p>Al lugar concurri\u00f3 personal del Samu para brindar los primeros auxilios al paciente para ser derivado posteriormente hasta el Hospital San Juan de Dios de Los Andes.<\/p>\n<p>Al mismo tiempo personal de Carabineros de Santa Mar\u00eda intent\u00f3 obtener m\u00e1s antecedentes del caso, entrevist\u00e1ndose con el afectado que declin\u00f3 proporcionar informaci\u00f3n respecto de el o los autores de este ataque con arma de fuego.<\/p>\n<p>En este sentido la polic\u00eda no descarta que se tratar\u00eda de un presunto ajuste de cuentas por las caracter\u00edsticas de los hechos, sin encontrarse testigos que pudieran entregar informaci\u00f3n sobre lo ocurrido, denunci\u00e1ndose el caso por medio de oficio de Carabineros hacia la Fiscal\u00eda de San Felipe.<\/p>\n<p>El antisocial result\u00f3 con una fractura expuesta de tibia y peron\u00e9 por herida a bala, de car\u00e1cter grave, quedando en observaci\u00f3n en dicho centro hospitalario.<\/p>\n<p>Carabineros inform\u00f3 adem\u00e1s que el sujeto manten\u00eda dos \u00f3rdenes de detenci\u00f3n vigente por diferentes delitos, pese a mantener una tobillera electr\u00f3nica como medida cautelar monitoreada por Gendarmer\u00eda.<br \/>\n<strong>Pablo Salinas Sald\u00edas<\/strong><\/p>\n<p><strong>\u00a0<\/strong><\/p>\n<figure id=\"attachment_96526\" aria-describedby=\"caption-attachment-96526\" style=\"width: 579px\" class=\"wp-caption alignnone\"><img data-recalc-dims=\"1\" loading=\"lazy\" decoding=\"async\" class=\"size-full wp-image-96526\" src=\"https:\/\/i0.wp.com\/www.eltrabajo.cl\/portal\/wp-content\/uploads\/2020\/01\/EL-COTA1.jpg?resize=579%2C456\" alt=\"El paciente fue atendido por personal del Samu para luego ser derivado hasta el Hospital San Juan de Dios de Los Andes.\" width=\"579\" height=\"456\" srcset=\"https:\/\/i0.wp.com\/eltrabajo.cl\/portal\/wp-content\/uploads\/2020\/01\/EL-COTA1.jpg?w=579&amp;ssl=1 579w, https:\/\/i0.wp.com\/eltrabajo.cl\/portal\/wp-content\/uploads\/2020\/01\/EL-COTA1.jpg?resize=300%2C236&amp;ssl=1 300w, https:\/\/i0.wp.com\/eltrabajo.cl\/portal\/wp-content\/uploads\/2020\/01\/EL-COTA1.jpg?resize=190%2C150&amp;ssl=1 190w, https:\/\/i0.wp.com\/eltrabajo.cl\/portal\/wp-content\/uploads\/2020\/01\/EL-COTA1.jpg?resize=400%2C315&amp;ssl=1 400w\" sizes=\"auto, (max-width: 579px) 100vw, 579px\" \/><figcaption id=\"caption-attachment-96526\" class=\"wp-caption-text\">El paciente fue atendido por personal del Samu para luego ser derivado hasta el Hospital San Juan de Dios de Los Andes.<\/figcaption><\/figure>\n<p>&nbsp;<\/p>\n<figure id=\"attachment_96527\" aria-describedby=\"caption-attachment-96527\" style=\"width: 580px\" class=\"wp-caption alignnone\"><img data-recalc-dims=\"1\" loading=\"lazy\" decoding=\"async\" class=\"size-full wp-image-96527\" src=\"https:\/\/i0.wp.com\/www.eltrabajo.cl\/portal\/wp-content\/uploads\/2020\/01\/EL-COTA2.jpg?resize=580%2C600\" alt=\"Con una fractura expuesta result\u00f3 \u2018El Cota\u2019 tras el impacto bal\u00edstico en su pierna.\" width=\"580\" height=\"600\" srcset=\"https:\/\/i0.wp.com\/eltrabajo.cl\/portal\/wp-content\/uploads\/2020\/01\/EL-COTA2.jpg?w=580&amp;ssl=1 580w, https:\/\/i0.wp.com\/eltrabajo.cl\/portal\/wp-content\/uploads\/2020\/01\/EL-COTA2.jpg?resize=290%2C300&amp;ssl=1 290w, https:\/\/i0.wp.com\/eltrabajo.cl\/portal\/wp-content\/uploads\/2020\/01\/EL-COTA2.jpg?resize=145%2C150&amp;ssl=1 145w, https:\/\/i0.wp.com\/eltrabajo.cl\/portal\/wp-content\/uploads\/2020\/01\/EL-COTA2.jpg?resize=400%2C414&amp;ssl=1 400w\" sizes=\"auto, (max-width: 580px) 100vw, 580px\" \/><figcaption id=\"caption-attachment-96527\" class=\"wp-caption-text\">Con una fractura expuesta result\u00f3 \u2018El Cota\u2019 tras el impacto bal\u00edstico en su pierna.<\/figcaption><\/figure>\n","protected":false},"excerpt":{"rendered":"<p>Presunto \u2018ajuste de cuentas\u2019 en Santa Mar\u00eda: Afectado result\u00f3 con una fractura expuesta en su pierna, declinando entregar informaci\u00f3n a Carabineros respecto de la identidad de el o los atacantes. Con una&#8230;<\/p>\n","protected":false},"author":482,"featured_media":96528,"comment_status":"open","ping_status":"open","sticky":false,"template":"","format":"standard","meta":{"advanced_seo_description":"","jetpack_seo_html_title":"","jetpack_seo_noindex":false,"_jetpack_memberships_contains_paid_content":false,"footnotes":""},"categories":[21],"tags":[],"class_list":["post-96525","post","type-post","status-publish","format-standard","has-post-thumbnail","hentry","category-policial"],"jetpack_featured_media_url":"https:\/\/i0.wp.com\/eltrabajo.cl\/portal\/wp-content\/uploads\/2020\/01\/portada-EL-COTA2.jpg?fit=580%2C359&ssl=1","jetpack_sharing_enabled":true,"jetpack_likes_enabled":true,"jetpack-related-posts":[],"_links":{"self":[{"href":"https:\/\/eltrabajo.cl\/portal\/wp-json\/wp\/v2\/posts\/96525","targetHints":{"allow":["GET"]}}],"collection":[{"href":"https:\/\/eltrabajo.cl\/portal\/wp-json\/wp\/v2\/posts"}],"about":[{"href":"https:\/\/eltrabajo.cl\/portal\/wp-json\/wp\/v2\/types\/post"}],"author":[{"embeddable":true,"href":"https:\/\/eltrabajo.cl\/portal\/wp-json\/wp\/v2\/users\/482"}],"replies":[{"embeddable":true,"href":"https:\/\/eltrabajo.cl\/portal\/wp-json\/wp\/v2\/comments?post=96525"}],"version-history":[{"count":0,"href":"https:\/\/eltrabajo.cl\/portal\/wp-json\/wp\/v2\/posts\/96525\/revisions"}],"wp:featuredmedia":[{"embeddable":true,"href":"https:\/\/eltrabajo.cl\/portal\/wp-json\/wp\/v2\/media\/96528"}],"wp:attachment":[{"href":"https:\/\/eltrabajo.cl\/portal\/wp-json\/wp\/v2\/media?parent=96525"}],"wp:term":[{"taxonomy":"category","embeddable":true,"href":"https:\/\/eltrabajo.cl\/portal\/wp-json\/wp\/v2\/categories?post=96525"},{"taxonomy":"post_tag","embeddable":true,"href":"https:\/\/eltrabajo.cl\/portal\/wp-json\/wp\/v2\/tags?post=96525"}],"curies":[{"name":"wp","href":"https:\/\/api.w.org\/{rel}","templated":true}]}}