{"id":96531,"date":"2020-01-13T05:01:36","date_gmt":"2020-01-13T08:01:36","guid":{"rendered":"http:\/\/www.eltrabajo.cl\/portal\/?p=96531"},"modified":"2020-01-12T21:41:37","modified_gmt":"2020-01-13T00:41:37","slug":"sujeto-de-27-anos-detenido-por-mantener-marihuana-y-cultivo-de-cannabis","status":"publish","type":"post","link":"https:\/\/eltrabajo.cl\/portal\/sujeto-de-27-anos-detenido-por-mantener-marihuana-y-cultivo-de-cannabis\/","title":{"rendered":"Sujeto de 27 a\u00f1os detenido por mantener marihuana y cultivo de cannabis"},"content":{"rendered":"<p><span style=\"color: #ff0000;\"><strong>Procedimiento de la PDI en Villa Parque Alameda de San Felipe:<\/strong><\/span><\/p>\n<ul>\n<li><strong>El imputado tras ser arrestado por la Polic\u00eda civil, fue dejado en libertad, quedando a la espera de comparecer ante el Ministerio P\u00fablico de San Felipe.<\/strong><\/li>\n<\/ul>\n<p>Un sujeto de 27 a\u00f1os de edad fue detenido por los detectives del Grupo Microtr\u00e1fico Cero de la Polic\u00eda de Investigaciones, por mantener marihuana y el cultivo de dos plantas de cannabis sativa al interior de su vivienda ubicada en Villa Parque Alameda de San Felipe.<\/p>\n<p>Seg\u00fan inform\u00f3 la Polic\u00eda civil, el resultado de las diligencias obtuvo como medios de pruebas asociadas al il\u00edcito, la incautaci\u00f3n de 79 gramos de marihuana a granel, siete envoltorios pl\u00e1sticos con 7,8 gramos de cannabis sativa y una balanza digital.<\/p>\n<p>Asimismo, la PDI decomis\u00f3 el cultivo ilegal de dos plantas de cannabis en el interior del domicilio del imputado, quien fue detenido por infringir la Ley 20.000 de drogas. Por instrucci\u00f3n del Fiscal de Turno, el detenido de iniciales B.E.E.C. de 27 a\u00f1os de edad, fue dejado en libertad quedando a la espera de ser citado ante la Fiscal\u00eda de San Felipe.<br \/>\n<strong>Pablo Salinas Sald\u00edas<\/strong><\/p>\n<figure id=\"attachment_96532\" aria-describedby=\"caption-attachment-96532\" style=\"width: 580px\" class=\"wp-caption alignnone\"><img data-recalc-dims=\"1\" loading=\"lazy\" decoding=\"async\" class=\"size-full wp-image-96532\" src=\"https:\/\/i0.wp.com\/www.eltrabajo.cl\/portal\/wp-content\/uploads\/2020\/01\/MARIHUANA-PARQUE-ALAMEDA.jpg?resize=580%2C358\" alt=\"Detectives del Grupo Microtr\u00e1fico Cero de la PDI, procedieron a la incautaci\u00f3n de esta cantidad de marihuana y cultivo ilegal de cannabis sativa desde el domicilio del imputado en Villa Parque Alameda de San Felipe.\" width=\"580\" height=\"358\" srcset=\"https:\/\/i0.wp.com\/eltrabajo.cl\/portal\/wp-content\/uploads\/2020\/01\/MARIHUANA-PARQUE-ALAMEDA.jpg?w=580&amp;ssl=1 580w, https:\/\/i0.wp.com\/eltrabajo.cl\/portal\/wp-content\/uploads\/2020\/01\/MARIHUANA-PARQUE-ALAMEDA.jpg?resize=300%2C185&amp;ssl=1 300w, https:\/\/i0.wp.com\/eltrabajo.cl\/portal\/wp-content\/uploads\/2020\/01\/MARIHUANA-PARQUE-ALAMEDA.jpg?resize=200%2C123&amp;ssl=1 200w, https:\/\/i0.wp.com\/eltrabajo.cl\/portal\/wp-content\/uploads\/2020\/01\/MARIHUANA-PARQUE-ALAMEDA.jpg?resize=243%2C150&amp;ssl=1 243w, https:\/\/i0.wp.com\/eltrabajo.cl\/portal\/wp-content\/uploads\/2020\/01\/MARIHUANA-PARQUE-ALAMEDA.jpg?resize=400%2C247&amp;ssl=1 400w\" sizes=\"auto, (max-width: 580px) 100vw, 580px\" \/><figcaption id=\"caption-attachment-96532\" class=\"wp-caption-text\">Detectives del Grupo Microtr\u00e1fico Cero de la PDI, procedieron a la incautaci\u00f3n de esta cantidad de marihuana y cultivo ilegal de cannabis sativa desde el domicilio del imputado en Villa Parque Alameda de San Felipe.<\/figcaption><\/figure>\n","protected":false},"excerpt":{"rendered":"<p>Procedimiento de la PDI en Villa Parque Alameda de San Felipe: El imputado tras ser arrestado por la Polic\u00eda civil, fue dejado en libertad, quedando a la espera de comparecer ante el&#8230;<\/p>\n","protected":false},"author":482,"featured_media":96532,"comment_status":"open","ping_status":"open","sticky":false,"template":"","format":"standard","meta":{"advanced_seo_description":"","jetpack_seo_html_title":"","jetpack_seo_noindex":false,"_jetpack_memberships_contains_paid_content":false,"footnotes":""},"categories":[21],"tags":[],"class_list":["post-96531","post","type-post","status-publish","format-standard","has-post-thumbnail","hentry","category-policial"],"jetpack_featured_media_url":"https:\/\/i0.wp.com\/eltrabajo.cl\/portal\/wp-content\/uploads\/2020\/01\/MARIHUANA-PARQUE-ALAMEDA.jpg?fit=580%2C358&ssl=1","jetpack_sharing_enabled":true,"jetpack_likes_enabled":true,"jetpack-related-posts":[],"_links":{"self":[{"href":"https:\/\/eltrabajo.cl\/portal\/wp-json\/wp\/v2\/posts\/96531","targetHints":{"allow":["GET"]}}],"collection":[{"href":"https:\/\/eltrabajo.cl\/portal\/wp-json\/wp\/v2\/posts"}],"about":[{"href":"https:\/\/eltrabajo.cl\/portal\/wp-json\/wp\/v2\/types\/post"}],"author":[{"embeddable":true,"href":"https:\/\/eltrabajo.cl\/portal\/wp-json\/wp\/v2\/users\/482"}],"replies":[{"embeddable":true,"href":"https:\/\/eltrabajo.cl\/portal\/wp-json\/wp\/v2\/comments?post=96531"}],"version-history":[{"count":0,"href":"https:\/\/eltrabajo.cl\/portal\/wp-json\/wp\/v2\/posts\/96531\/revisions"}],"wp:featuredmedia":[{"embeddable":true,"href":"https:\/\/eltrabajo.cl\/portal\/wp-json\/wp\/v2\/media\/96532"}],"wp:attachment":[{"href":"https:\/\/eltrabajo.cl\/portal\/wp-json\/wp\/v2\/media?parent=96531"}],"wp:term":[{"taxonomy":"category","embeddable":true,"href":"https:\/\/eltrabajo.cl\/portal\/wp-json\/wp\/v2\/categories?post=96531"},{"taxonomy":"post_tag","embeddable":true,"href":"https:\/\/eltrabajo.cl\/portal\/wp-json\/wp\/v2\/tags?post=96531"}],"curies":[{"name":"wp","href":"https:\/\/api.w.org\/{rel}","templated":true}]}}