{"id":96534,"date":"2020-01-13T05:02:51","date_gmt":"2020-01-13T08:02:51","guid":{"rendered":"http:\/\/www.eltrabajo.cl\/portal\/?p=96534"},"modified":"2020-01-12T21:45:55","modified_gmt":"2020-01-13T00:45:55","slug":"bellezas-locales-desfilan-en-miss-valle-del-aconcagua-2020","status":"publish","type":"post","link":"https:\/\/eltrabajo.cl\/portal\/bellezas-locales-desfilan-en-miss-valle-del-aconcagua-2020\/","title":{"rendered":"Bellezas locales desfilan en Miss Valle del Aconcagua 2020"},"content":{"rendered":"<p><span style=\"color: #ff0000;\"><strong>El 18 de enero semifinal y el mi\u00e9rcoles 29 de enero la gran final:<\/strong><\/span><\/p>\n<p>La tarde de este s\u00e1bado en el Teatro Roberto Barraza del Liceo Roberto Humeres en San Felipe, medio centenar de bellas damas y adolescentes de nuestro valle fueron presentadas en el lanzamiento de la primera edici\u00f3n de Miss Valle del Aconcagua 2020, en la que participan damitas desde los 10 a\u00f1os de edad hasta la edad adulta.<\/p>\n<p>&nbsp;<\/p>\n<p><span style=\"color: #ff0000;\"><strong>SON NUEVAS REGLAS<\/strong><\/span><\/p>\n<p>Bel\u00e9n Andrea Ortiz, profesora y tutora de las participantes, habl\u00f3 con nuestro medio para compartir detalles del concurso.<\/p>\n<p>\u00abEste certamen empez\u00f3 a ra\u00edz de la necesidad de establecer nuevos paradigmas que dan con el traste en el sentido de \u2018abolir\u2019 el concepto ese de \u2018la belleza perfecta\u2019, ya eso no existe, este es nuestro primer desfile de las chicas, hay tres categor\u00edas: Miss Teenager (10-17 a\u00f1os) Miss Valle de Aconcagua (18-34 a\u00f1os) y Milf Valle de Aconcagua (35 a\u00f1os en adelante). Miss Valle de Aconcagua es un concurso feminista, inclusivo y diverso que busca reivindicar la belleza interna de la mujer, m\u00e1s all\u00e1 de los t\u00edpicos prototipos de bellezas instaurados por la sociedad. Nos consideramos un concurso revolucionario, inclusivo y de resistencia. Este s\u00e1bado 18 de enero ser\u00e1 la semifinal y el mi\u00e9rcoles 29 de enero la gran final, les deseo la mejor de las suertes a todas\u00bb, dijo la promotora.<\/p>\n<p>Diario El Trabajo tambi\u00e9n habl\u00f3 con varias de las participantes, entre ellas la estudiante del Liceo Cordillera, de 12 a\u00f1os de edad, Melany Gorri, \u00abdesde peque\u00f1a ha sido mi anhelo estar en el modelaje, el dise\u00f1o de ropas y esas cosas, quiero estudiar Dise\u00f1o Gr\u00e1fico y en Vestuario, y tengo toda la fe de ganar este concurso, agradezco la oportunidad de los organizadores por darnos la oportunidad para participar\u00bb, dijo la jovencita.<br \/>\n<strong>Roberto Gonz\u00e1lez Short<\/strong><\/p>\n<p>&nbsp;<\/p>\n<figure id=\"attachment_96540\" aria-describedby=\"caption-attachment-96540\" style=\"width: 580px\" class=\"wp-caption alignnone\"><img data-recalc-dims=\"1\" loading=\"lazy\" decoding=\"async\" class=\"size-full wp-image-96540\" src=\"https:\/\/i0.wp.com\/www.eltrabajo.cl\/portal\/wp-content\/uploads\/2020\/01\/Miss2.jpg?resize=580%2C359\" alt=\"CANDOR JUVENIL.- Aqu\u00ed est\u00e1n las m\u00e1s chicas, ellas son las Miss Teenager y van por la corona.\" width=\"580\" height=\"359\" srcset=\"https:\/\/i0.wp.com\/eltrabajo.cl\/portal\/wp-content\/uploads\/2020\/01\/Miss2.jpg?w=580&amp;ssl=1 580w, https:\/\/i0.wp.com\/eltrabajo.cl\/portal\/wp-content\/uploads\/2020\/01\/Miss2.jpg?resize=300%2C186&amp;ssl=1 300w, https:\/\/i0.wp.com\/eltrabajo.cl\/portal\/wp-content\/uploads\/2020\/01\/Miss2.jpg?resize=200%2C124&amp;ssl=1 200w, https:\/\/i0.wp.com\/eltrabajo.cl\/portal\/wp-content\/uploads\/2020\/01\/Miss2.jpg?resize=242%2C150&amp;ssl=1 242w, https:\/\/i0.wp.com\/eltrabajo.cl\/portal\/wp-content\/uploads\/2020\/01\/Miss2.jpg?resize=400%2C248&amp;ssl=1 400w\" sizes=\"auto, (max-width: 580px) 100vw, 580px\" \/><figcaption id=\"caption-attachment-96540\" class=\"wp-caption-text\">CANDOR JUVENIL.- Aqu\u00ed est\u00e1n las m\u00e1s chicas, ellas son las Miss Teenager y van por la corona.<\/figcaption><\/figure>\n<p>&nbsp;<\/p>\n<figure id=\"attachment_96535\" aria-describedby=\"caption-attachment-96535\" style=\"width: 580px\" class=\"wp-caption alignnone\"><img data-recalc-dims=\"1\" loading=\"lazy\" decoding=\"async\" class=\"size-full wp-image-96535\" src=\"https:\/\/i0.wp.com\/www.eltrabajo.cl\/portal\/wp-content\/uploads\/2020\/01\/Miss4.jpg?resize=580%2C360\" alt=\"ELLA AL FRENTE.- Al frente y en su silla de ruedas, vemos a Yasmara Mu\u00f1oz Aracena, quien a sus 31 a\u00f1os de edad asegura que ya es hora de terminar con la discriminaci\u00f3n.\" width=\"580\" height=\"360\" srcset=\"https:\/\/i0.wp.com\/eltrabajo.cl\/portal\/wp-content\/uploads\/2020\/01\/Miss4.jpg?w=580&amp;ssl=1 580w, https:\/\/i0.wp.com\/eltrabajo.cl\/portal\/wp-content\/uploads\/2020\/01\/Miss4.jpg?resize=300%2C186&amp;ssl=1 300w, https:\/\/i0.wp.com\/eltrabajo.cl\/portal\/wp-content\/uploads\/2020\/01\/Miss4.jpg?resize=200%2C124&amp;ssl=1 200w, https:\/\/i0.wp.com\/eltrabajo.cl\/portal\/wp-content\/uploads\/2020\/01\/Miss4.jpg?resize=242%2C150&amp;ssl=1 242w, https:\/\/i0.wp.com\/eltrabajo.cl\/portal\/wp-content\/uploads\/2020\/01\/Miss4.jpg?resize=400%2C248&amp;ssl=1 400w\" sizes=\"auto, (max-width: 580px) 100vw, 580px\" \/><figcaption id=\"caption-attachment-96535\" class=\"wp-caption-text\">ELLA AL FRENTE.- Al frente y en su silla de ruedas, vemos a Yasmara Mu\u00f1oz Aracena, quien a sus 31 a\u00f1os de edad asegura que ya es hora de terminar con la discriminaci\u00f3n.<\/figcaption><\/figure>\n<p>&nbsp;<\/p>\n<figure id=\"attachment_96539\" aria-describedby=\"caption-attachment-96539\" style=\"width: 579px\" class=\"wp-caption alignnone\"><img data-recalc-dims=\"1\" loading=\"lazy\" decoding=\"async\" class=\"size-full wp-image-96539\" src=\"https:\/\/i0.wp.com\/www.eltrabajo.cl\/portal\/wp-content\/uploads\/2020\/01\/Miss1.jpg?resize=579%2C296\" alt=\"SIEMPRE BELLAS.- Mujeres j\u00f3venes y adultas desfilaron con elegancia frente al masivo p\u00fablico en la gala de presentaci\u00f3n del primer Miss Valle del Aconcagua 2020, en San Felipe.\" width=\"579\" height=\"296\" srcset=\"https:\/\/i0.wp.com\/eltrabajo.cl\/portal\/wp-content\/uploads\/2020\/01\/Miss1.jpg?w=579&amp;ssl=1 579w, https:\/\/i0.wp.com\/eltrabajo.cl\/portal\/wp-content\/uploads\/2020\/01\/Miss1.jpg?resize=300%2C153&amp;ssl=1 300w, https:\/\/i0.wp.com\/eltrabajo.cl\/portal\/wp-content\/uploads\/2020\/01\/Miss1.jpg?resize=200%2C102&amp;ssl=1 200w, https:\/\/i0.wp.com\/eltrabajo.cl\/portal\/wp-content\/uploads\/2020\/01\/Miss1.jpg?resize=293%2C150&amp;ssl=1 293w, https:\/\/i0.wp.com\/eltrabajo.cl\/portal\/wp-content\/uploads\/2020\/01\/Miss1.jpg?resize=400%2C204&amp;ssl=1 400w\" sizes=\"auto, (max-width: 579px) 100vw, 579px\" \/><figcaption id=\"caption-attachment-96539\" class=\"wp-caption-text\">SIEMPRE BELLAS.- Mujeres j\u00f3venes y adultas desfilaron con elegancia frente al masivo p\u00fablico en la gala de presentaci\u00f3n del primer Miss Valle del Aconcagua 2020, en San Felipe.<\/figcaption><\/figure>\n<p>&nbsp;<\/p>\n<figure id=\"attachment_96537\" aria-describedby=\"caption-attachment-96537\" style=\"width: 580px\" class=\"wp-caption alignnone\"><img data-recalc-dims=\"1\" loading=\"lazy\" decoding=\"async\" class=\"size-full wp-image-96537\" src=\"https:\/\/i0.wp.com\/www.eltrabajo.cl\/portal\/wp-content\/uploads\/2020\/01\/Miss_Melany-Gorri.jpg?resize=580%2C598\" alt=\"Estudiante del Liceo Cordillera, de 12 a\u00f1os de edad, Melany Gorri.\" width=\"580\" height=\"598\" srcset=\"https:\/\/i0.wp.com\/eltrabajo.cl\/portal\/wp-content\/uploads\/2020\/01\/Miss_Melany-Gorri.jpg?w=580&amp;ssl=1 580w, https:\/\/i0.wp.com\/eltrabajo.cl\/portal\/wp-content\/uploads\/2020\/01\/Miss_Melany-Gorri.jpg?resize=291%2C300&amp;ssl=1 291w, https:\/\/i0.wp.com\/eltrabajo.cl\/portal\/wp-content\/uploads\/2020\/01\/Miss_Melany-Gorri.jpg?resize=145%2C150&amp;ssl=1 145w, https:\/\/i0.wp.com\/eltrabajo.cl\/portal\/wp-content\/uploads\/2020\/01\/Miss_Melany-Gorri.jpg?resize=400%2C412&amp;ssl=1 400w\" sizes=\"auto, (max-width: 580px) 100vw, 580px\" \/><figcaption id=\"caption-attachment-96537\" class=\"wp-caption-text\">Estudiante del Liceo Cordillera, de 12 a\u00f1os de edad, Melany Gorri.<\/figcaption><\/figure>\n<p>&nbsp;<\/p>\n<figure id=\"attachment_96536\" aria-describedby=\"caption-attachment-96536\" style=\"width: 580px\" class=\"wp-caption alignnone\"><img data-recalc-dims=\"1\" loading=\"lazy\" decoding=\"async\" class=\"size-full wp-image-96536\" src=\"https:\/\/i0.wp.com\/www.eltrabajo.cl\/portal\/wp-content\/uploads\/2020\/01\/Miss_Belen-Andrea-Ortiz.jpg?resize=580%2C598\" alt=\"Bel\u00e9n Andrea Ortiz, profesora y tutora de las participantes.\" width=\"580\" height=\"598\" srcset=\"https:\/\/i0.wp.com\/eltrabajo.cl\/portal\/wp-content\/uploads\/2020\/01\/Miss_Belen-Andrea-Ortiz.jpg?w=580&amp;ssl=1 580w, https:\/\/i0.wp.com\/eltrabajo.cl\/portal\/wp-content\/uploads\/2020\/01\/Miss_Belen-Andrea-Ortiz.jpg?resize=291%2C300&amp;ssl=1 291w, https:\/\/i0.wp.com\/eltrabajo.cl\/portal\/wp-content\/uploads\/2020\/01\/Miss_Belen-Andrea-Ortiz.jpg?resize=145%2C150&amp;ssl=1 145w, https:\/\/i0.wp.com\/eltrabajo.cl\/portal\/wp-content\/uploads\/2020\/01\/Miss_Belen-Andrea-Ortiz.jpg?resize=400%2C412&amp;ssl=1 400w\" sizes=\"auto, (max-width: 580px) 100vw, 580px\" \/><figcaption id=\"caption-attachment-96536\" class=\"wp-caption-text\">Bel\u00e9n Andrea Ortiz, profesora y tutora de las participantes.<\/figcaption><\/figure>\n<p>&nbsp;<\/p>\n<figure id=\"attachment_96538\" aria-describedby=\"caption-attachment-96538\" style=\"width: 579px\" class=\"wp-caption alignnone\"><img data-recalc-dims=\"1\" loading=\"lazy\" decoding=\"async\" class=\"size-full wp-image-96538\" src=\"https:\/\/i0.wp.com\/www.eltrabajo.cl\/portal\/wp-content\/uploads\/2020\/01\/Miss_Melany.jpg?resize=579%2C1010\" alt=\"LA REGALONA DEL GRUPO.- Esta coqueta jovencita es Melany Gorri, quien compita en la categor\u00eda Teenager, como todas, anhela descollar en el concurso.\" width=\"579\" height=\"1010\" srcset=\"https:\/\/i0.wp.com\/eltrabajo.cl\/portal\/wp-content\/uploads\/2020\/01\/Miss_Melany.jpg?w=579&amp;ssl=1 579w, https:\/\/i0.wp.com\/eltrabajo.cl\/portal\/wp-content\/uploads\/2020\/01\/Miss_Melany.jpg?resize=172%2C300&amp;ssl=1 172w, https:\/\/i0.wp.com\/eltrabajo.cl\/portal\/wp-content\/uploads\/2020\/01\/Miss_Melany.jpg?resize=86%2C150&amp;ssl=1 86w, https:\/\/i0.wp.com\/eltrabajo.cl\/portal\/wp-content\/uploads\/2020\/01\/Miss_Melany.jpg?resize=400%2C698&amp;ssl=1 400w\" sizes=\"auto, (max-width: 579px) 100vw, 579px\" \/><figcaption id=\"caption-attachment-96538\" class=\"wp-caption-text\">LA REGALONA DEL GRUPO.- Esta coqueta jovencita es Melany Gorri, quien compita en la categor\u00eda Teenager, como todas, anhela descollar en el concurso.<\/figcaption><\/figure>\n","protected":false},"excerpt":{"rendered":"<p>El 18 de enero semifinal y el mi\u00e9rcoles 29 de enero la gran final: La tarde de este s\u00e1bado en el Teatro Roberto Barraza del Liceo Roberto Humeres en San Felipe, medio&#8230;<\/p>\n","protected":false},"author":482,"featured_media":96540,"comment_status":"open","ping_status":"open","sticky":false,"template":"","format":"standard","meta":{"advanced_seo_description":"","jetpack_seo_html_title":"","jetpack_seo_noindex":false,"_jetpack_memberships_contains_paid_content":false,"footnotes":""},"categories":[15],"tags":[],"class_list":["post-96534","post","type-post","status-publish","format-standard","has-post-thumbnail","hentry","category-comunidad"],"jetpack_featured_media_url":"https:\/\/i0.wp.com\/eltrabajo.cl\/portal\/wp-content\/uploads\/2020\/01\/Miss2.jpg?fit=580%2C359&ssl=1","jetpack_sharing_enabled":true,"jetpack_likes_enabled":true,"jetpack-related-posts":[],"_links":{"self":[{"href":"https:\/\/eltrabajo.cl\/portal\/wp-json\/wp\/v2\/posts\/96534","targetHints":{"allow":["GET"]}}],"collection":[{"href":"https:\/\/eltrabajo.cl\/portal\/wp-json\/wp\/v2\/posts"}],"about":[{"href":"https:\/\/eltrabajo.cl\/portal\/wp-json\/wp\/v2\/types\/post"}],"author":[{"embeddable":true,"href":"https:\/\/eltrabajo.cl\/portal\/wp-json\/wp\/v2\/users\/482"}],"replies":[{"embeddable":true,"href":"https:\/\/eltrabajo.cl\/portal\/wp-json\/wp\/v2\/comments?post=96534"}],"version-history":[{"count":0,"href":"https:\/\/eltrabajo.cl\/portal\/wp-json\/wp\/v2\/posts\/96534\/revisions"}],"wp:featuredmedia":[{"embeddable":true,"href":"https:\/\/eltrabajo.cl\/portal\/wp-json\/wp\/v2\/media\/96540"}],"wp:attachment":[{"href":"https:\/\/eltrabajo.cl\/portal\/wp-json\/wp\/v2\/media?parent=96534"}],"wp:term":[{"taxonomy":"category","embeddable":true,"href":"https:\/\/eltrabajo.cl\/portal\/wp-json\/wp\/v2\/categories?post=96534"},{"taxonomy":"post_tag","embeddable":true,"href":"https:\/\/eltrabajo.cl\/portal\/wp-json\/wp\/v2\/tags?post=96534"}],"curies":[{"name":"wp","href":"https:\/\/api.w.org\/{rel}","templated":true}]}}