{"id":96542,"date":"2020-01-13T05:03:01","date_gmt":"2020-01-13T08:03:01","guid":{"rendered":"http:\/\/www.eltrabajo.cl\/portal\/?p=96542"},"modified":"2020-01-12T21:47:26","modified_gmt":"2020-01-13T00:47:26","slug":"asaltan-a-madre-e-hija-para-robarles-cartera-con-panales-y-alimento-de-bebe","status":"publish","type":"post","link":"https:\/\/eltrabajo.cl\/portal\/asaltan-a-madre-e-hija-para-robarles-cartera-con-panales-y-alimento-de-bebe\/","title":{"rendered":"Asaltan a madre e hija para robarles cartera con pa\u00f1ales y alimento de beb\u00e9"},"content":{"rendered":"<p><span style=\"color: #ff0000;\"><strong>Con pistola en mano en Quebrada Herrera:<\/strong><\/span><\/p>\n<p>Una madre de 72 a\u00f1os y su hija fueron asaltadas a punta de pistola por dos sujetos, uno alto y uno bajo, en los momentos que bajaban de su auto para ir a comprar verduras donde una familia amiga en Quebrada Herrera, a unos 200 metros del Ret\u00e9n de Carabineros de ese sector el d\u00eda jueves pasado el medio d\u00eda.<\/p>\n<p>Este es el relato de la hija de iniciales L.S: \u00abNosotros siempre vamos a comprar ah\u00ed, a una familia amiga tomates y porotos verdes, en eso nos estacionamos sacamos la ni\u00f1a para cruzar a la casa de los familiares amigos, ven\u00edamos con una ni\u00f1a de nueve meses entonces nos bajamos del veh\u00edculo, mi mam\u00e1 se baja por el lado derecho y yo por el izquierdo para sacar a la ni\u00f1a, en eso que estoy sacando la ni\u00f1a veo que vienen dos tipos con un arma, el tipo peque\u00f1o, rodean a m\u00ed mam\u00e1 y le empiezan a quitar la cartera, porque quer\u00edan solamente las carteras, \u2018\u00a1carteras! \u00a1carteras!\u2019 gritaban, entonces cuando rodearon a mi mam\u00e1 ella empez\u00f3 a gritar, la llevaron hasta el centro de la carretera en s\u00ed, yo dej\u00e9 la ni\u00f1a a un lado en su cunero y me puse a pelear con el otro tipo alto para defender a mi mam\u00e1, mientras el tipo chico con el arma estaba peleando con mi mam\u00e1, en eso peleo con el otro tipo para quitarle la cartera de mi madre y resulta que \u00e9l bota a mi mam\u00e1, en eso me da toda la rabia y le empiezo a pegar al segundo tipo para quitarle la cartera porque ah\u00ed estaban todos los documentos, se la quito, pero igual se llevaron otra que conten\u00eda pa\u00f1ales y alimento de bebe\u00bb, se\u00f1ala la v\u00edctima.<\/p>\n<p>Posteriormente los sujetos huyeron hacia el norte en un autom\u00f3vil color negro tipo colectivo, marca Chevrolet. Seg\u00fan informaci\u00f3n entregada por una persona que pas\u00f3 por el lugar y los ayud\u00f3. Seg\u00fan la v\u00edctima, los delincuentes eran j\u00f3venes cuyas edades no superar\u00edan los 25 a\u00f1os.<\/p>\n<p>Consultada si not\u00f3 algo sospechoso en el camino, dijo que no se dio cuenta que vinieran detr\u00e1s de ellos, \u00absolamente ve\u00eda los veh\u00edculos de adelante que eran como cinco autos que iban como en caravana as\u00ed como cuando uno va de paseo\u00bb, se\u00f1al\u00f3. El autom\u00f3vil en que se movilizaban los antisociales estaba estacionado en un callej\u00f3n.<\/p>\n<p>Sobre el arma, dijo que era una de color negro. A consecuencia de lo anterior la mujer de 72 result\u00f3 con un golpe en la rodilla debiendo ser trasladada hasta el Hospital San Juan de Dios de Los Andes, donde le sacaron una radiograf\u00eda que hasta el cierre de la nota no le indicaban si hab\u00eda fractura o no, porque ten\u00eda que ser revisada por un traumat\u00f3logo. Carabineros no pudo ubicar a los delincuentes. De todas maneras avisaron a todas las unidades de la zona.<\/p>\n<p>&nbsp;<\/p>\n<figure id=\"attachment_96543\" aria-describedby=\"caption-attachment-96543\" style=\"width: 580px\" class=\"wp-caption alignnone\"><img data-recalc-dims=\"1\" loading=\"lazy\" decoding=\"async\" class=\"size-full wp-image-96543\" src=\"https:\/\/i0.wp.com\/www.eltrabajo.cl\/portal\/wp-content\/uploads\/2020\/01\/Asalto.jpg?resize=580%2C358\" alt=\"En ese lugar ocurri\u00f3 el hecho, hasta el cierre de nuestra edici\u00f3n los delincuentes no hab\u00edan sido capturados. (Foto: putaendoinforma.com)\" width=\"580\" height=\"358\" srcset=\"https:\/\/i0.wp.com\/eltrabajo.cl\/portal\/wp-content\/uploads\/2020\/01\/Asalto.jpg?w=580&amp;ssl=1 580w, https:\/\/i0.wp.com\/eltrabajo.cl\/portal\/wp-content\/uploads\/2020\/01\/Asalto.jpg?resize=300%2C185&amp;ssl=1 300w, https:\/\/i0.wp.com\/eltrabajo.cl\/portal\/wp-content\/uploads\/2020\/01\/Asalto.jpg?resize=200%2C123&amp;ssl=1 200w, https:\/\/i0.wp.com\/eltrabajo.cl\/portal\/wp-content\/uploads\/2020\/01\/Asalto.jpg?resize=243%2C150&amp;ssl=1 243w, https:\/\/i0.wp.com\/eltrabajo.cl\/portal\/wp-content\/uploads\/2020\/01\/Asalto.jpg?resize=400%2C247&amp;ssl=1 400w\" sizes=\"auto, (max-width: 580px) 100vw, 580px\" \/><figcaption id=\"caption-attachment-96543\" class=\"wp-caption-text\">En ese lugar ocurri\u00f3 el hecho, hasta el cierre de nuestra edici\u00f3n los delincuentes no hab\u00edan sido capturados. (Foto: putaendoinforma.com)<\/figcaption><\/figure>\n","protected":false},"excerpt":{"rendered":"<p>Con pistola en mano en Quebrada Herrera: Una madre de 72 a\u00f1os y su hija fueron asaltadas a punta de pistola por dos sujetos, uno alto y uno bajo, en los momentos&#8230;<\/p>\n","protected":false},"author":482,"featured_media":96543,"comment_status":"open","ping_status":"open","sticky":false,"template":"","format":"standard","meta":{"advanced_seo_description":"","jetpack_seo_html_title":"","jetpack_seo_noindex":false,"_jetpack_memberships_contains_paid_content":false,"footnotes":""},"categories":[21],"tags":[],"class_list":["post-96542","post","type-post","status-publish","format-standard","has-post-thumbnail","hentry","category-policial"],"jetpack_featured_media_url":"https:\/\/i0.wp.com\/eltrabajo.cl\/portal\/wp-content\/uploads\/2020\/01\/Asalto.jpg?fit=580%2C358&ssl=1","jetpack_sharing_enabled":true,"jetpack_likes_enabled":true,"jetpack-related-posts":[],"_links":{"self":[{"href":"https:\/\/eltrabajo.cl\/portal\/wp-json\/wp\/v2\/posts\/96542","targetHints":{"allow":["GET"]}}],"collection":[{"href":"https:\/\/eltrabajo.cl\/portal\/wp-json\/wp\/v2\/posts"}],"about":[{"href":"https:\/\/eltrabajo.cl\/portal\/wp-json\/wp\/v2\/types\/post"}],"author":[{"embeddable":true,"href":"https:\/\/eltrabajo.cl\/portal\/wp-json\/wp\/v2\/users\/482"}],"replies":[{"embeddable":true,"href":"https:\/\/eltrabajo.cl\/portal\/wp-json\/wp\/v2\/comments?post=96542"}],"version-history":[{"count":0,"href":"https:\/\/eltrabajo.cl\/portal\/wp-json\/wp\/v2\/posts\/96542\/revisions"}],"wp:featuredmedia":[{"embeddable":true,"href":"https:\/\/eltrabajo.cl\/portal\/wp-json\/wp\/v2\/media\/96543"}],"wp:attachment":[{"href":"https:\/\/eltrabajo.cl\/portal\/wp-json\/wp\/v2\/media?parent=96542"}],"wp:term":[{"taxonomy":"category","embeddable":true,"href":"https:\/\/eltrabajo.cl\/portal\/wp-json\/wp\/v2\/categories?post=96542"},{"taxonomy":"post_tag","embeddable":true,"href":"https:\/\/eltrabajo.cl\/portal\/wp-json\/wp\/v2\/tags?post=96542"}],"curies":[{"name":"wp","href":"https:\/\/api.w.org\/{rel}","templated":true}]}}