{"id":96554,"date":"2020-01-13T05:06:00","date_gmt":"2020-01-13T08:06:00","guid":{"rendered":"http:\/\/www.eltrabajo.cl\/portal\/?p=96554"},"modified":"2020-01-12T21:57:22","modified_gmt":"2020-01-13T00:57:22","slug":"hija-desesperada-pide-ayuda-para-que-internen-urgente-a-su-madre-en-psiquiatrico","status":"publish","type":"post","link":"https:\/\/eltrabajo.cl\/portal\/hija-desesperada-pide-ayuda-para-que-internen-urgente-a-su-madre-en-psiquiatrico\/","title":{"rendered":"Hija desesperada pide ayuda para que internen urgente a su madre en psiqui\u00e1trico"},"content":{"rendered":"<p>Un llamado desesperado est\u00e1 realizando una mujer para que las autoridades hagan todo lo humanamente posible para que de una vez por todas internen a su madre en el Hospital Psiqui\u00e1trico Phillipe Pinel, ya que, seg\u00fan asegura su hija, ella padece una discapacidad mental. Adem\u00e1s, tiene problemas de alcohol y drogas. Esta mujer el a\u00f1o pasado en el mes de abril, seg\u00fan su hija, incendi\u00f3 su casa ubicada en el pasaje Numero 6 de Poblaci\u00f3n Santa Br\u00edgid, tambi\u00e9n provoca malestar en el diario vivir de los vecinos.<\/p>\n<p>Elizabeth Vicencio en conversaci\u00f3n con distintos medios de comunicaci\u00f3n, dijo que \u00abesto se arrastra desde 2014, mi madre est\u00e1 cayendo al psiqui\u00e1trico por su problema mental, de alcohol y drogas que tiene y desde el mes de abril de 2019 la cosa se puso m\u00e1s fea, porque incendi\u00f3 su casa y los vecinos todos los d\u00edas tienen problemas, lamentablemente mi mam\u00e1 no tiene agua, ni luz, entonces no tiene su higiene, como ustedes vieron ella no tiene donde hacer sus necesidades\u00bb, dijo Elizabeth.<\/p>\n<p>&nbsp;<\/p>\n<p><span style=\"color: #ff0000;\"><strong>AYUDA INVISIBLE<\/strong><\/span><\/p>\n<p>Ella comenta que las autoridades comprometieron ayuda, pero que eso no se ha cumplido, \u00abellos vinieron al d\u00eda siguiente que pas\u00f3 el incendio en el mes de abril, los vecinos est\u00e1n de testigos, vino el alcalde, otras personas de Gobernaci\u00f3n y ellos prometieron ayuda que iban a internar a mi mam\u00e1 porque tiene un 80% de discapacidad mental, por eso est\u00e1 interdicto, a veces me desconoce a m\u00ed, agrede a los vecinos a los ni\u00f1os m\u00e1s peque\u00f1os, prometieron ayuda cosa que hasta el d\u00eda no ha sucedido\u00bb, se\u00f1al\u00f3.<\/p>\n<p>Para afianzar, lo dicho anteriormente dice que tiene correos del Jefe de Gabinete Max Navas, de Alicia Contreras, donde le comunican que van a internar a su madre y hasta el momento no ha pasado nada.<\/p>\n<p>Comenta que desde el Hospital Psiqui\u00e1trico, Victoria Herrera gestionadora de camas le comunic\u00f3 que su madre no puede ser internada. Porque tiene un problema de alcohol y drogas pero ella tiene documentos donde se acredita su madre tiene un problema mental \u00abque no solo tiene un problema de alcohol y drogas si no hace muchos a\u00f1os que se hubiese curado\u00bb, dice Elizabeth hija.<\/p>\n<p>Tampoco la han ayudado con la remoci\u00f3n de escombros que quedaron producto del incendio ocurrido en el mes de abril del a\u00f1o pasado a pesar que ha mandado correos para pedir un conteiner \u00abellos amablemente me han ayudado a limpiar, pero lamentablemente si mi mam\u00e1 sigue ac\u00e1 y no se interna siempre va a ser lo mismo, se va acumular basura, van a defecar ac\u00e1, van a llegar las personas en situaci\u00f3n calle a quedarse, ac\u00e1 la soluci\u00f3n es que mi mam\u00e1 se interne y que la alcald\u00eda, la se\u00f1ora Alicia Contreras me ayuden a internar a mi mam\u00e1 que tiene un problema mental, que entiendan eso, no tiene solamente un problema de alcohol y drogas, mi mam\u00e1 estuvo internada el 11 de diciembre hasta el 15 de diciembre en el Hospital San Camilo por v\u00f3mitos con sangre que ten\u00eda y se fug\u00f3 del hospital, le mand\u00e9 la epicricia a la se\u00f1ora Alicia Contreras para que viera el problema que ella tiene y cerramos ac\u00e1 con los vecinos, tengo una vecina que me ayuda bastante, pero los tipos se meten por arriba a tomar a drogarse, tuvimos que llamar a Carabineros que los sacaron, en definitiva lo que yo necesito es que internen a mi mam\u00e1 para yo poder vender esta propiedad y que los vecinos est\u00e9n tranquilos y yo pagarle un lugar privado porque eso es lo otro, me est\u00e1n diciendo \u2018la podemos internar, pero no puede estar m\u00e1s de un mes y tiene que llev\u00e1rsela a un centro privado\u2019, entonces yo digo \u00bfde d\u00f3nde voy a pagar un centro privado?, si el que menos me cobra son $250.000 y ustedes comprender\u00e1n que hoy en d\u00eda una persona en situaci\u00f3n de clase media no tiene c\u00f3mo pagar $250.000 yo tengo dos hijos peque\u00f1os, soy casada, no puedo pagar, por eso estoy pidiendo ayuda que me la tengan un tiempo para yo vender esta propiedad y pagarle un lugar privado como ellos quieren, pero no puedo en un mes\u00bb, reconoci\u00f3 Elizabeth.<\/p>\n<p>Por su parte un vecino admite que es un problema lo que pasa en la vivienda, \u00ablamentablemente hemos vividos muchos problemas, porque a las dos, tres, cuatro de la ma\u00f1ana entre gente, nosotros hemos hecho los reclamos en la municipalidad, el alcalde vino para ac\u00e1 el d\u00eda del incendio, prometi\u00f3 esto y lo otro pero no han cumplido nada yo he ido a las visitadora que est\u00e1n ah\u00ed en Maip\u00fa, tampoco, no han hecho nada, no s\u00e9 que est\u00e1n esperando, que pase algo m\u00e1s grave para solucionar el problema, porque la se\u00f1ora sale les pega a los ni\u00f1os y gente drogadicta curados, entonces no podemos estar as\u00ed nosotros, pero a nosotros las autoridades no nos toman en cuenta, no s\u00e9 qu\u00e9 podemos hacer\u00bb, dijo Sergio, vecino del lugar.<\/p>\n<p>Indic\u00f3 que actualmente como vecinos est\u00e1n trabajando con la hija de la mujer que pide que internen.<\/p>\n<p><strong>&#8211; \u00bfQu\u00e9 dijeron en Dideco de la Municipalidad de San Felipe?<\/strong><\/p>\n<p>&#8211; Jos\u00e9 Madrid dijo que se contact\u00f3 personalmente con los dirigentes de la junta de vecinos y coordinaron una reuni\u00f3n para esta semana con todo el directorio, que son los representantes del sector, \u00abpara poder socializar con ellos cuales son las acciones o red institucional que se est\u00e1 trabajando este caso, si bien es un caso que es complejo y donde existen redes de apoyo familiar, es importante para nosotros como municipio poder notificar o informales a ellos que efectivamente estamos realzando acciones, el trabajo se entiende que es lento, no muchas veces va de nuestras manos el poder solucionar de manera r\u00e1pida, estamos preocupados del caso, es un trabajo permanente, la vecina est\u00e1 incorporada, se hacen visitas diarias donde existe una repuesta inmediata ante una necesidad, pero es importante para nosotros como municipalidad en una mesa de trabajo con los vecinos que la verdad no la hab\u00edamos tenido consideramos que si ellos son una parte fundamental en este trabajo de incorporaci\u00f3n o vinculaci\u00f3n del adulto a nuestra red\u00bb, dijo.<\/p>\n<p>El Primer Estudio Nacional de la Discapacidad, establece que en Chile hay 348.057 personas en situaci\u00f3n de discapacidad mental, correspondiente a un 2,2% de la poblaci\u00f3n.<\/p>\n<p>&nbsp;<\/p>\n<figure id=\"attachment_96555\" aria-describedby=\"caption-attachment-96555\" style=\"width: 580px\" class=\"wp-caption alignnone\"><img data-recalc-dims=\"1\" loading=\"lazy\" decoding=\"async\" class=\"size-full wp-image-96555\" src=\"https:\/\/i0.wp.com\/www.eltrabajo.cl\/portal\/wp-content\/uploads\/2020\/01\/Ayuda-Incendio.jpg?resize=580%2C359\" alt=\"El d\u00eda del incendio, las casas siendo consumidas por las llamas. (Archivo)\" width=\"580\" height=\"359\" srcset=\"https:\/\/i0.wp.com\/eltrabajo.cl\/portal\/wp-content\/uploads\/2020\/01\/Ayuda-Incendio.jpg?w=580&amp;ssl=1 580w, https:\/\/i0.wp.com\/eltrabajo.cl\/portal\/wp-content\/uploads\/2020\/01\/Ayuda-Incendio.jpg?resize=300%2C186&amp;ssl=1 300w, https:\/\/i0.wp.com\/eltrabajo.cl\/portal\/wp-content\/uploads\/2020\/01\/Ayuda-Incendio.jpg?resize=200%2C124&amp;ssl=1 200w, https:\/\/i0.wp.com\/eltrabajo.cl\/portal\/wp-content\/uploads\/2020\/01\/Ayuda-Incendio.jpg?resize=242%2C150&amp;ssl=1 242w, https:\/\/i0.wp.com\/eltrabajo.cl\/portal\/wp-content\/uploads\/2020\/01\/Ayuda-Incendio.jpg?resize=400%2C248&amp;ssl=1 400w\" sizes=\"auto, (max-width: 580px) 100vw, 580px\" \/><figcaption id=\"caption-attachment-96555\" class=\"wp-caption-text\">El d\u00eda del incendio, las casas siendo consumidas por las llamas. (Archivo)<\/figcaption><\/figure>\n<p>&nbsp;<\/p>\n<figure id=\"attachment_96556\" aria-describedby=\"caption-attachment-96556\" style=\"width: 580px\" class=\"wp-caption alignnone\"><img data-recalc-dims=\"1\" loading=\"lazy\" decoding=\"async\" class=\"size-full wp-image-96556\" src=\"https:\/\/i0.wp.com\/www.eltrabajo.cl\/portal\/wp-content\/uploads\/2020\/01\/Ayuda-Vecinas.jpg?resize=580%2C359\" alt=\"Vecinas comentando la situaci\u00f3n que los tiene preocupados, han pedido ayuda a las autoridades, pero nada.\" width=\"580\" height=\"359\" srcset=\"https:\/\/i0.wp.com\/eltrabajo.cl\/portal\/wp-content\/uploads\/2020\/01\/Ayuda-Vecinas.jpg?w=580&amp;ssl=1 580w, https:\/\/i0.wp.com\/eltrabajo.cl\/portal\/wp-content\/uploads\/2020\/01\/Ayuda-Vecinas.jpg?resize=300%2C186&amp;ssl=1 300w, https:\/\/i0.wp.com\/eltrabajo.cl\/portal\/wp-content\/uploads\/2020\/01\/Ayuda-Vecinas.jpg?resize=200%2C124&amp;ssl=1 200w, https:\/\/i0.wp.com\/eltrabajo.cl\/portal\/wp-content\/uploads\/2020\/01\/Ayuda-Vecinas.jpg?resize=242%2C150&amp;ssl=1 242w, https:\/\/i0.wp.com\/eltrabajo.cl\/portal\/wp-content\/uploads\/2020\/01\/Ayuda-Vecinas.jpg?resize=400%2C248&amp;ssl=1 400w\" sizes=\"auto, (max-width: 580px) 100vw, 580px\" \/><figcaption id=\"caption-attachment-96556\" class=\"wp-caption-text\">Vecinas comentando la situaci\u00f3n que los tiene preocupados, han pedido ayuda a las autoridades, pero nada.<\/figcaption><\/figure>\n<p>&nbsp;<\/p>\n<figure id=\"attachment_96557\" aria-describedby=\"caption-attachment-96557\" style=\"width: 579px\" class=\"wp-caption alignnone\"><img data-recalc-dims=\"1\" loading=\"lazy\" decoding=\"async\" class=\"size-full wp-image-96557\" src=\"https:\/\/i0.wp.com\/www.eltrabajo.cl\/portal\/wp-content\/uploads\/2020\/01\/Ayuda-Basura.jpg?resize=579%2C568\" alt=\"Monto de basura al costado de la casa.\" width=\"579\" height=\"568\" srcset=\"https:\/\/i0.wp.com\/eltrabajo.cl\/portal\/wp-content\/uploads\/2020\/01\/Ayuda-Basura.jpg?w=579&amp;ssl=1 579w, https:\/\/i0.wp.com\/eltrabajo.cl\/portal\/wp-content\/uploads\/2020\/01\/Ayuda-Basura.jpg?resize=300%2C294&amp;ssl=1 300w, https:\/\/i0.wp.com\/eltrabajo.cl\/portal\/wp-content\/uploads\/2020\/01\/Ayuda-Basura.jpg?resize=153%2C150&amp;ssl=1 153w, https:\/\/i0.wp.com\/eltrabajo.cl\/portal\/wp-content\/uploads\/2020\/01\/Ayuda-Basura.jpg?resize=400%2C392&amp;ssl=1 400w\" sizes=\"auto, (max-width: 579px) 100vw, 579px\" \/><figcaption id=\"caption-attachment-96557\" class=\"wp-caption-text\">Monto de basura al costado de la casa.<\/figcaption><\/figure>\n","protected":false},"excerpt":{"rendered":"<p>Un llamado desesperado est\u00e1 realizando una mujer para que las autoridades hagan todo lo humanamente posible para que de una vez por todas internen a su madre en el Hospital Psiqui\u00e1trico Phillipe&#8230;<\/p>\n","protected":false},"author":482,"featured_media":96555,"comment_status":"open","ping_status":"open","sticky":false,"template":"","format":"standard","meta":{"advanced_seo_description":"","jetpack_seo_html_title":"","jetpack_seo_noindex":false,"_jetpack_memberships_contains_paid_content":false,"footnotes":""},"categories":[15],"tags":[],"class_list":["post-96554","post","type-post","status-publish","format-standard","has-post-thumbnail","hentry","category-comunidad"],"jetpack_featured_media_url":"https:\/\/i0.wp.com\/eltrabajo.cl\/portal\/wp-content\/uploads\/2020\/01\/Ayuda-Incendio.jpg?fit=580%2C359&ssl=1","jetpack_sharing_enabled":true,"jetpack_likes_enabled":true,"jetpack-related-posts":[],"_links":{"self":[{"href":"https:\/\/eltrabajo.cl\/portal\/wp-json\/wp\/v2\/posts\/96554","targetHints":{"allow":["GET"]}}],"collection":[{"href":"https:\/\/eltrabajo.cl\/portal\/wp-json\/wp\/v2\/posts"}],"about":[{"href":"https:\/\/eltrabajo.cl\/portal\/wp-json\/wp\/v2\/types\/post"}],"author":[{"embeddable":true,"href":"https:\/\/eltrabajo.cl\/portal\/wp-json\/wp\/v2\/users\/482"}],"replies":[{"embeddable":true,"href":"https:\/\/eltrabajo.cl\/portal\/wp-json\/wp\/v2\/comments?post=96554"}],"version-history":[{"count":0,"href":"https:\/\/eltrabajo.cl\/portal\/wp-json\/wp\/v2\/posts\/96554\/revisions"}],"wp:featuredmedia":[{"embeddable":true,"href":"https:\/\/eltrabajo.cl\/portal\/wp-json\/wp\/v2\/media\/96555"}],"wp:attachment":[{"href":"https:\/\/eltrabajo.cl\/portal\/wp-json\/wp\/v2\/media?parent=96554"}],"wp:term":[{"taxonomy":"category","embeddable":true,"href":"https:\/\/eltrabajo.cl\/portal\/wp-json\/wp\/v2\/categories?post=96554"},{"taxonomy":"post_tag","embeddable":true,"href":"https:\/\/eltrabajo.cl\/portal\/wp-json\/wp\/v2\/tags?post=96554"}],"curies":[{"name":"wp","href":"https:\/\/api.w.org\/{rel}","templated":true}]}}