{"id":96559,"date":"2020-01-13T05:07:26","date_gmt":"2020-01-13T08:07:26","guid":{"rendered":"http:\/\/www.eltrabajo.cl\/portal\/?p=96559"},"modified":"2020-01-12T22:01:00","modified_gmt":"2020-01-13T01:01:00","slug":"violenta-colision-de-vehiculos-deja-conductor-gravemente-herido","status":"publish","type":"post","link":"https:\/\/eltrabajo.cl\/portal\/violenta-colision-de-vehiculos-deja-conductor-gravemente-herido\/","title":{"rendered":"Violenta colisi\u00f3n de veh\u00edculos deja conductor gravemente herido"},"content":{"rendered":"<p><span style=\"color: #ff0000;\"><strong>Accidente en Ruta 60 CH de Panquehue:<\/strong><\/span><\/p>\n<ul>\n<li><strong>Siat de Carabineros inici\u00f3 la investigaci\u00f3n para indagar las causas del accidente para informar a la Fiscal\u00eda de San Felipe.<\/strong><\/li>\n<\/ul>\n<p>Una violenta colisi\u00f3n entre dos veh\u00edculos menores se produjo en el kil\u00f3metro 35 de la Ruta 60 CH a la altura del sector El Mirador de Panquehue alrededor de las 13:20 horas del pasado viernes, dejando como consecuencia a uno de los conductores gravemente lesionado.<\/p>\n<p>Seg\u00fan la informaci\u00f3n proporcionada por Carabineros, el accidente se habr\u00eda originado en los momentos en que el conductor Hern\u00e1n Mat\u00edas Aguilar D\u00edaz circulaba su camioneta marca Mercedes Benz patente KX PT-40 por dicha carretera en direcci\u00f3n al oriente y en sentido circulaba hacia el poniente Felipe Antonio Vega Cort\u00e9s, quien conduc\u00eda el veh\u00edculo marca Chevrolet placa patente JG GL-63.<\/p>\n<p>Por causas que se investigan, el segundo de los nombrados habr\u00eda efectuado una maniobra de adelantamiento, perdiendo el control del veh\u00edculo, chocando contra la barrera de contenci\u00f3n hasta colisionar contra el conductor de la camioneta.<\/p>\n<p>&nbsp;<\/p>\n<p><span style=\"color: #ff0000;\"><strong>SIGUE MUY GRAVE<\/strong><\/span><\/p>\n<p>A ra\u00edz de este accidente, Aguilar D\u00edaz habr\u00eda resultado con lesiones leves mientras que Vega Cort\u00e9s habr\u00eda resultado con lesiones de car\u00e1cter grave de car\u00e1cter reservado.<\/p>\n<p>Ambos conductores fueron derivados hasta el Servicio de Urgencias del Hospital San Camilo de San Felipe para recibir atenci\u00f3n m\u00e9dica.<\/p>\n<p>En tanto el Fiscal de Turno dispuso de las pericias del personal de la Subcomisar\u00eda Investigadora de Accidentes de Tr\u00e1nsito (SIAT) de Carabineros de San Felipe para la elaboraci\u00f3n de un informe que establezca las causas basales de este accidente. Los primeros antecedentes del caso fueron remitidos hasta la Fiscal\u00eda de San Felipe.<br \/>\n<strong>Pablo Salinas Sald\u00edas<\/strong><br \/>\n<strong>Fotos: Roberto Gonz\u00e1lez Short.<\/strong><\/p>\n<p>&nbsp;<\/p>\n<figure id=\"attachment_96560\" aria-describedby=\"caption-attachment-96560\" style=\"width: 580px\" class=\"wp-caption alignnone\"><img data-recalc-dims=\"1\" loading=\"lazy\" decoding=\"async\" class=\"size-full wp-image-96560\" src=\"https:\/\/i0.wp.com\/www.eltrabajo.cl\/portal\/wp-content\/uploads\/2020\/01\/Choque1-1.jpg?resize=580%2C360\" alt=\"El accidente se origin\u00f3 a eso de las 13:20 horas de este viernes. \" width=\"580\" height=\"360\" srcset=\"https:\/\/i0.wp.com\/eltrabajo.cl\/portal\/wp-content\/uploads\/2020\/01\/Choque1-1.jpg?w=580&amp;ssl=1 580w, https:\/\/i0.wp.com\/eltrabajo.cl\/portal\/wp-content\/uploads\/2020\/01\/Choque1-1.jpg?resize=300%2C186&amp;ssl=1 300w, https:\/\/i0.wp.com\/eltrabajo.cl\/portal\/wp-content\/uploads\/2020\/01\/Choque1-1.jpg?resize=200%2C124&amp;ssl=1 200w, https:\/\/i0.wp.com\/eltrabajo.cl\/portal\/wp-content\/uploads\/2020\/01\/Choque1-1.jpg?resize=242%2C150&amp;ssl=1 242w, https:\/\/i0.wp.com\/eltrabajo.cl\/portal\/wp-content\/uploads\/2020\/01\/Choque1-1.jpg?resize=400%2C248&amp;ssl=1 400w\" sizes=\"auto, (max-width: 580px) 100vw, 580px\" \/><figcaption id=\"caption-attachment-96560\" class=\"wp-caption-text\">El accidente se origin\u00f3 a eso de las 13:20 horas de este viernes.<\/figcaption><\/figure>\n<p>&nbsp;<\/p>\n<figure id=\"attachment_96561\" aria-describedby=\"caption-attachment-96561\" style=\"width: 580px\" class=\"wp-caption alignnone\"><img data-recalc-dims=\"1\" loading=\"lazy\" decoding=\"async\" class=\"size-full wp-image-96561\" src=\"https:\/\/i0.wp.com\/www.eltrabajo.cl\/portal\/wp-content\/uploads\/2020\/01\/Choque2-1.jpg?resize=580%2C359\" alt=\"La violenta colisi\u00f3n ocurri\u00f3 en el kil\u00f3metro 35 de la ruta 60 CH en Panquehue.\" width=\"580\" height=\"359\" srcset=\"https:\/\/i0.wp.com\/eltrabajo.cl\/portal\/wp-content\/uploads\/2020\/01\/Choque2-1.jpg?w=580&amp;ssl=1 580w, https:\/\/i0.wp.com\/eltrabajo.cl\/portal\/wp-content\/uploads\/2020\/01\/Choque2-1.jpg?resize=300%2C186&amp;ssl=1 300w, https:\/\/i0.wp.com\/eltrabajo.cl\/portal\/wp-content\/uploads\/2020\/01\/Choque2-1.jpg?resize=200%2C124&amp;ssl=1 200w, https:\/\/i0.wp.com\/eltrabajo.cl\/portal\/wp-content\/uploads\/2020\/01\/Choque2-1.jpg?resize=242%2C150&amp;ssl=1 242w, https:\/\/i0.wp.com\/eltrabajo.cl\/portal\/wp-content\/uploads\/2020\/01\/Choque2-1.jpg?resize=400%2C248&amp;ssl=1 400w\" sizes=\"auto, (max-width: 580px) 100vw, 580px\" \/><figcaption id=\"caption-attachment-96561\" class=\"wp-caption-text\">La violenta colisi\u00f3n ocurri\u00f3 en el kil\u00f3metro 35 de la ruta 60 CH en Panquehue.<\/figcaption><\/figure>\n<p>&nbsp;<\/p>\n<figure id=\"attachment_96562\" aria-describedby=\"caption-attachment-96562\" style=\"width: 580px\" class=\"wp-caption alignnone\"><img data-recalc-dims=\"1\" loading=\"lazy\" decoding=\"async\" class=\"size-full wp-image-96562\" src=\"https:\/\/i0.wp.com\/www.eltrabajo.cl\/portal\/wp-content\/uploads\/2020\/01\/Choque3-1.jpg?resize=580%2C360\" alt=\"Uno de los protagonistas de este accidente result\u00f3 con lesiones de car\u00e1cter grave.\" width=\"580\" height=\"360\" srcset=\"https:\/\/i0.wp.com\/eltrabajo.cl\/portal\/wp-content\/uploads\/2020\/01\/Choque3-1.jpg?w=580&amp;ssl=1 580w, https:\/\/i0.wp.com\/eltrabajo.cl\/portal\/wp-content\/uploads\/2020\/01\/Choque3-1.jpg?resize=300%2C186&amp;ssl=1 300w, https:\/\/i0.wp.com\/eltrabajo.cl\/portal\/wp-content\/uploads\/2020\/01\/Choque3-1.jpg?resize=200%2C124&amp;ssl=1 200w, https:\/\/i0.wp.com\/eltrabajo.cl\/portal\/wp-content\/uploads\/2020\/01\/Choque3-1.jpg?resize=242%2C150&amp;ssl=1 242w, https:\/\/i0.wp.com\/eltrabajo.cl\/portal\/wp-content\/uploads\/2020\/01\/Choque3-1.jpg?resize=400%2C248&amp;ssl=1 400w\" sizes=\"auto, (max-width: 580px) 100vw, 580px\" \/><figcaption id=\"caption-attachment-96562\" class=\"wp-caption-text\">Uno de los protagonistas de este accidente result\u00f3 con lesiones de car\u00e1cter grave.<\/figcaption><\/figure>\n<p>&nbsp;<\/p>\n<figure id=\"attachment_96563\" aria-describedby=\"caption-attachment-96563\" style=\"width: 580px\" class=\"wp-caption alignnone\"><img data-recalc-dims=\"1\" loading=\"lazy\" decoding=\"async\" class=\"size-full wp-image-96563\" src=\"https:\/\/i0.wp.com\/www.eltrabajo.cl\/portal\/wp-content\/uploads\/2020\/01\/Choque4-1.jpg?resize=580%2C359\" alt=\"Personal del Samu concurri\u00f3 al lugar del accidente para asistir a los lesionados.\" width=\"580\" height=\"359\" srcset=\"https:\/\/i0.wp.com\/eltrabajo.cl\/portal\/wp-content\/uploads\/2020\/01\/Choque4-1.jpg?w=580&amp;ssl=1 580w, https:\/\/i0.wp.com\/eltrabajo.cl\/portal\/wp-content\/uploads\/2020\/01\/Choque4-1.jpg?resize=300%2C186&amp;ssl=1 300w, https:\/\/i0.wp.com\/eltrabajo.cl\/portal\/wp-content\/uploads\/2020\/01\/Choque4-1.jpg?resize=200%2C124&amp;ssl=1 200w, https:\/\/i0.wp.com\/eltrabajo.cl\/portal\/wp-content\/uploads\/2020\/01\/Choque4-1.jpg?resize=242%2C150&amp;ssl=1 242w, https:\/\/i0.wp.com\/eltrabajo.cl\/portal\/wp-content\/uploads\/2020\/01\/Choque4-1.jpg?resize=400%2C248&amp;ssl=1 400w\" sizes=\"auto, (max-width: 580px) 100vw, 580px\" \/><figcaption id=\"caption-attachment-96563\" class=\"wp-caption-text\">Personal del Samu concurri\u00f3 al lugar del accidente para asistir a los lesionados.<\/figcaption><\/figure>\n","protected":false},"excerpt":{"rendered":"<p>Accidente en Ruta 60 CH de Panquehue: Siat de Carabineros inici\u00f3 la investigaci\u00f3n para indagar las causas del accidente para informar a la Fiscal\u00eda de San Felipe. Una violenta colisi\u00f3n entre dos&#8230;<\/p>\n","protected":false},"author":482,"featured_media":96564,"comment_status":"open","ping_status":"open","sticky":false,"template":"","format":"standard","meta":{"advanced_seo_description":"","jetpack_seo_html_title":"","jetpack_seo_noindex":false,"_jetpack_memberships_contains_paid_content":false,"footnotes":""},"categories":[21],"tags":[],"class_list":["post-96559","post","type-post","status-publish","format-standard","has-post-thumbnail","hentry","category-policial"],"jetpack_featured_media_url":"https:\/\/i0.wp.com\/eltrabajo.cl\/portal\/wp-content\/uploads\/2020\/01\/portada-choque.jpg?fit=580%2C360&ssl=1","jetpack_sharing_enabled":true,"jetpack_likes_enabled":true,"jetpack-related-posts":[],"_links":{"self":[{"href":"https:\/\/eltrabajo.cl\/portal\/wp-json\/wp\/v2\/posts\/96559","targetHints":{"allow":["GET"]}}],"collection":[{"href":"https:\/\/eltrabajo.cl\/portal\/wp-json\/wp\/v2\/posts"}],"about":[{"href":"https:\/\/eltrabajo.cl\/portal\/wp-json\/wp\/v2\/types\/post"}],"author":[{"embeddable":true,"href":"https:\/\/eltrabajo.cl\/portal\/wp-json\/wp\/v2\/users\/482"}],"replies":[{"embeddable":true,"href":"https:\/\/eltrabajo.cl\/portal\/wp-json\/wp\/v2\/comments?post=96559"}],"version-history":[{"count":0,"href":"https:\/\/eltrabajo.cl\/portal\/wp-json\/wp\/v2\/posts\/96559\/revisions"}],"wp:featuredmedia":[{"embeddable":true,"href":"https:\/\/eltrabajo.cl\/portal\/wp-json\/wp\/v2\/media\/96564"}],"wp:attachment":[{"href":"https:\/\/eltrabajo.cl\/portal\/wp-json\/wp\/v2\/media?parent=96559"}],"wp:term":[{"taxonomy":"category","embeddable":true,"href":"https:\/\/eltrabajo.cl\/portal\/wp-json\/wp\/v2\/categories?post=96559"},{"taxonomy":"post_tag","embeddable":true,"href":"https:\/\/eltrabajo.cl\/portal\/wp-json\/wp\/v2\/tags?post=96559"}],"curies":[{"name":"wp","href":"https:\/\/api.w.org\/{rel}","templated":true}]}}