{"id":96576,"date":"2020-01-14T05:03:01","date_gmt":"2020-01-14T08:03:01","guid":{"rendered":"http:\/\/www.eltrabajo.cl\/portal\/?p=96576"},"modified":"2020-01-13T22:22:13","modified_gmt":"2020-01-14T01:22:13","slug":"delincuente-condenado-a-mas-de-siete-anos-por-robar-un-cilindro-de-gas","status":"publish","type":"post","link":"https:\/\/eltrabajo.cl\/portal\/delincuente-condenado-a-mas-de-siete-anos-por-robar-un-cilindro-de-gas\/","title":{"rendered":"Delincuente condenado a m\u00e1s de siete a\u00f1os por robar un cilindro de gas"},"content":{"rendered":"<p><span style=\"color: #ff0000;\"><strong>Sentencia del Tribunal Oral en Lo Penal de San Felipe:<\/strong><\/span><\/p>\n<ul>\n<li><strong>Los hechos ocurrieron al interior de una vivienda ubicada en la comuna de Llay Llay, quedando al descubierto por la due\u00f1a de casa en enero del a\u00f1o pasado.<\/strong><\/li>\n<\/ul>\n<p>A una pena de siete a\u00f1os, seis meses y dos d\u00edas fue la sentencia que por unanimidad emiti\u00f3 el Tribunal Oral en Lo Penal de San Felipe en contra de <strong>Christopher Marcelo Madariaga Ibacache<\/strong>, tras el desarrollo de un juicio por el robo de un cilindro de gas al interior de una vivienda en la comuna de Llay Llay.<\/p>\n<p>Cabe recordar que el Fiscal <strong>Rodrigo Zapata Cuellar<\/strong> expuso las pruebas por los hechos que habr\u00edan ocurrido el 24 de enero de 2019 a eso de las 23:45 horas, en circunstancias que el actual sentenciado habr\u00eda escalado la reja de cierre perimetral para acceder hasta un inmueble ubicado en calle Hu\u00e1scar en Llay Llay.<\/p>\n<p>El sujeto se habr\u00eda dirigido hasta la cocina de este domicilio apoder\u00e1ndose de un cilindro de gas de 15 kilos, siendo sorprendido por la due\u00f1a de casa que observ\u00f3 al sujeto escapar del inmueble, arrojando la especie por encima de la reja.<\/p>\n<p>Posteriormente personal de Carabineros, al concurrir al sitio del suceso, logr\u00f3 capturar al antisocial en flagrancia, recuperando la especie de propiedad de la v\u00edctima de estos hechos.<\/p>\n<p>Pese a que el Ministerio P\u00fablico persegu\u00eda una condena de diez a\u00f1os y un d\u00eda de presidio mayor en su grado m\u00ednimo, la terna de magistrados del tribunal resolvi\u00f3 aplicar al acusado, una pena de m\u00e1s de siete a\u00f1os de c\u00e1rcel efectiva por el delito de robo en lugar habitado, abon\u00e1ndose 351 d\u00edas que el individuo ha permanecido privado de libertad.<br \/>\n<strong>Pablo Salinas Sald\u00edas<\/strong><\/p>\n<p><strong>\u00a0<\/strong><\/p>\n<figure id=\"attachment_96577\" aria-describedby=\"caption-attachment-96577\" style=\"width: 580px\" class=\"wp-caption alignnone\"><img data-recalc-dims=\"1\" loading=\"lazy\" decoding=\"async\" class=\"size-full wp-image-96577\" src=\"https:\/\/i0.wp.com\/www.eltrabajo.cl\/portal\/wp-content\/uploads\/2020\/01\/detenido-SM-1-1-1-1.jpg?resize=580%2C360\" alt=\"El antisocial fue detenido el 24 de enero de 2019 por Carabineros de la comuna de Llay Llay. (Foto referencial).\" width=\"580\" height=\"360\" srcset=\"https:\/\/i0.wp.com\/eltrabajo.cl\/portal\/wp-content\/uploads\/2020\/01\/detenido-SM-1-1-1-1.jpg?w=580&amp;ssl=1 580w, https:\/\/i0.wp.com\/eltrabajo.cl\/portal\/wp-content\/uploads\/2020\/01\/detenido-SM-1-1-1-1.jpg?resize=300%2C186&amp;ssl=1 300w, https:\/\/i0.wp.com\/eltrabajo.cl\/portal\/wp-content\/uploads\/2020\/01\/detenido-SM-1-1-1-1.jpg?resize=200%2C124&amp;ssl=1 200w, https:\/\/i0.wp.com\/eltrabajo.cl\/portal\/wp-content\/uploads\/2020\/01\/detenido-SM-1-1-1-1.jpg?resize=242%2C150&amp;ssl=1 242w, https:\/\/i0.wp.com\/eltrabajo.cl\/portal\/wp-content\/uploads\/2020\/01\/detenido-SM-1-1-1-1.jpg?resize=400%2C248&amp;ssl=1 400w\" sizes=\"auto, (max-width: 580px) 100vw, 580px\" \/><figcaption id=\"caption-attachment-96577\" class=\"wp-caption-text\">El antisocial fue detenido el 24 de enero de 2019 por Carabineros de la comuna de Llay Llay. (Foto referencial).<\/figcaption><\/figure>\n","protected":false},"excerpt":{"rendered":"<p>Sentencia del Tribunal Oral en Lo Penal de San Felipe: Los hechos ocurrieron al interior de una vivienda ubicada en la comuna de Llay Llay, quedando al descubierto por la due\u00f1a de&#8230;<\/p>\n","protected":false},"author":482,"featured_media":96577,"comment_status":"open","ping_status":"open","sticky":false,"template":"","format":"standard","meta":{"advanced_seo_description":"","jetpack_seo_html_title":"","jetpack_seo_noindex":false,"_jetpack_memberships_contains_paid_content":false,"footnotes":""},"categories":[21],"tags":[],"class_list":["post-96576","post","type-post","status-publish","format-standard","has-post-thumbnail","hentry","category-policial"],"jetpack_featured_media_url":"https:\/\/i0.wp.com\/eltrabajo.cl\/portal\/wp-content\/uploads\/2020\/01\/detenido-SM-1-1-1-1.jpg?fit=580%2C360&ssl=1","jetpack_sharing_enabled":true,"jetpack_likes_enabled":true,"jetpack-related-posts":[],"_links":{"self":[{"href":"https:\/\/eltrabajo.cl\/portal\/wp-json\/wp\/v2\/posts\/96576","targetHints":{"allow":["GET"]}}],"collection":[{"href":"https:\/\/eltrabajo.cl\/portal\/wp-json\/wp\/v2\/posts"}],"about":[{"href":"https:\/\/eltrabajo.cl\/portal\/wp-json\/wp\/v2\/types\/post"}],"author":[{"embeddable":true,"href":"https:\/\/eltrabajo.cl\/portal\/wp-json\/wp\/v2\/users\/482"}],"replies":[{"embeddable":true,"href":"https:\/\/eltrabajo.cl\/portal\/wp-json\/wp\/v2\/comments?post=96576"}],"version-history":[{"count":0,"href":"https:\/\/eltrabajo.cl\/portal\/wp-json\/wp\/v2\/posts\/96576\/revisions"}],"wp:featuredmedia":[{"embeddable":true,"href":"https:\/\/eltrabajo.cl\/portal\/wp-json\/wp\/v2\/media\/96577"}],"wp:attachment":[{"href":"https:\/\/eltrabajo.cl\/portal\/wp-json\/wp\/v2\/media?parent=96576"}],"wp:term":[{"taxonomy":"category","embeddable":true,"href":"https:\/\/eltrabajo.cl\/portal\/wp-json\/wp\/v2\/categories?post=96576"},{"taxonomy":"post_tag","embeddable":true,"href":"https:\/\/eltrabajo.cl\/portal\/wp-json\/wp\/v2\/tags?post=96576"}],"curies":[{"name":"wp","href":"https:\/\/api.w.org\/{rel}","templated":true}]}}