{"id":96579,"date":"2020-01-14T05:04:19","date_gmt":"2020-01-14T08:04:19","guid":{"rendered":"http:\/\/www.eltrabajo.cl\/portal\/?p=96579"},"modified":"2020-01-13T22:24:58","modified_gmt":"2020-01-14T01:24:58","slug":"joven-estudiante-tiene-dedos-de-los-pies-pegados-y-necesita-cirugia-reconstructiva","status":"publish","type":"post","link":"https:\/\/eltrabajo.cl\/portal\/joven-estudiante-tiene-dedos-de-los-pies-pegados-y-necesita-cirugia-reconstructiva\/","title":{"rendered":"Joven estudiante tiene dedos de los pies pegados y necesita cirug\u00eda reconstructiva"},"content":{"rendered":"<p><span style=\"color: #ff0000;\"><strong>Madre ahorr\u00f3 un mill\u00f3n y medio de pesos pero le piden tres:<\/strong><\/span><\/p>\n<p>A nuestra Sala de Redacci\u00f3n lleg\u00f3 la tarde de este lunes do\u00f1a <strong>Georgina N\u00fa\u00f1ez Alfaro<\/strong>, madre de una joven de 19 a\u00f1os de edad que naci\u00f3 con todos los dedos de sus pies pegados, lo que a la ni\u00f1a desde muy chica le gener\u00f3 complejos de baja estima y el ser v\u00edctima de bromas y Bullying por parte de sus compa\u00f1eros de estudio en los centros educativos en los que ha estudiado.<\/p>\n<p>\u00ab<em>Yo visit\u00e9 <strong>Diario El Trabajo<\/strong> para solicitar ayuda de los lectores del diario, ella naci\u00f3 con ese defecto en sus dedos, y tambi\u00e9n con Labio Leporino, ya fue operada del labio pero no en sus dedos, lo que le genera problemas de autoestima. De momento pude ahorrar un mill\u00f3n y medio de pesos para la operaci\u00f3n, pero me cobran $3 millones, por eso estoy solicitando apoyo de la gente, los que quieran aportar para esta causa pueden depositarme en la Cuenta de Ahorro de Banco Estado 13362800 816<\/em>\u00bb, coment\u00f3 N\u00fa\u00f1ez.<\/p>\n<p>&nbsp;<\/p>\n<figure id=\"attachment_96580\" aria-describedby=\"caption-attachment-96580\" style=\"width: 580px\" class=\"wp-caption alignnone\"><img data-recalc-dims=\"1\" loading=\"lazy\" decoding=\"async\" class=\"size-full wp-image-96580\" src=\"https:\/\/i0.wp.com\/www.eltrabajo.cl\/portal\/wp-content\/uploads\/2020\/01\/Solidaridad1.jpg?resize=580%2C359\" alt=\"NECESITA OPERACI\u00d3N.- As\u00ed lucen ambos pies de esta estudiante de tercero medio, quien ya tiene mill\u00f3n y medio de pesos ahorrados parta su operaci\u00f3n.\" width=\"580\" height=\"359\" srcset=\"https:\/\/i0.wp.com\/eltrabajo.cl\/portal\/wp-content\/uploads\/2020\/01\/Solidaridad1.jpg?w=580&amp;ssl=1 580w, https:\/\/i0.wp.com\/eltrabajo.cl\/portal\/wp-content\/uploads\/2020\/01\/Solidaridad1.jpg?resize=300%2C186&amp;ssl=1 300w, https:\/\/i0.wp.com\/eltrabajo.cl\/portal\/wp-content\/uploads\/2020\/01\/Solidaridad1.jpg?resize=200%2C124&amp;ssl=1 200w, https:\/\/i0.wp.com\/eltrabajo.cl\/portal\/wp-content\/uploads\/2020\/01\/Solidaridad1.jpg?resize=242%2C150&amp;ssl=1 242w, https:\/\/i0.wp.com\/eltrabajo.cl\/portal\/wp-content\/uploads\/2020\/01\/Solidaridad1.jpg?resize=400%2C248&amp;ssl=1 400w\" sizes=\"auto, (max-width: 580px) 100vw, 580px\" \/><figcaption id=\"caption-attachment-96580\" class=\"wp-caption-text\">NECESITA OPERACI\u00d3N.- As\u00ed lucen ambos pies de esta estudiante de tercero medio, quien ya tiene mill\u00f3n y medio de pesos ahorrados parta su operaci\u00f3n.<\/figcaption><\/figure>\n<p>&nbsp;<\/p>\n<figure id=\"attachment_96581\" aria-describedby=\"caption-attachment-96581\" style=\"width: 580px\" class=\"wp-caption alignnone\"><img data-recalc-dims=\"1\" loading=\"lazy\" decoding=\"async\" class=\"size-full wp-image-96581\" src=\"https:\/\/i0.wp.com\/www.eltrabajo.cl\/portal\/wp-content\/uploads\/2020\/01\/Solidaridad2.jpg?resize=580%2C360\" alt=\"CASO VER\u00cdDICO.- Los  documentos que confirman la veracidad de este caso fueron revisados por Diario El Trabajo.\" width=\"580\" height=\"360\" srcset=\"https:\/\/i0.wp.com\/eltrabajo.cl\/portal\/wp-content\/uploads\/2020\/01\/Solidaridad2.jpg?w=580&amp;ssl=1 580w, https:\/\/i0.wp.com\/eltrabajo.cl\/portal\/wp-content\/uploads\/2020\/01\/Solidaridad2.jpg?resize=300%2C186&amp;ssl=1 300w, https:\/\/i0.wp.com\/eltrabajo.cl\/portal\/wp-content\/uploads\/2020\/01\/Solidaridad2.jpg?resize=200%2C124&amp;ssl=1 200w, https:\/\/i0.wp.com\/eltrabajo.cl\/portal\/wp-content\/uploads\/2020\/01\/Solidaridad2.jpg?resize=242%2C150&amp;ssl=1 242w, https:\/\/i0.wp.com\/eltrabajo.cl\/portal\/wp-content\/uploads\/2020\/01\/Solidaridad2.jpg?resize=400%2C248&amp;ssl=1 400w\" sizes=\"auto, (max-width: 580px) 100vw, 580px\" \/><figcaption id=\"caption-attachment-96581\" class=\"wp-caption-text\">CASO VER\u00cdDICO.- Los documentos que confirman la veracidad de este caso fueron revisados por Diario El Trabajo.<\/figcaption><\/figure>\n<p>&nbsp;<\/p>\n<figure id=\"attachment_96582\" aria-describedby=\"caption-attachment-96582\" style=\"width: 580px\" class=\"wp-caption alignnone\"><img data-recalc-dims=\"1\" loading=\"lazy\" decoding=\"async\" class=\"size-full wp-image-96582\" src=\"https:\/\/i0.wp.com\/www.eltrabajo.cl\/portal\/wp-content\/uploads\/2020\/01\/Solidaridad_Georgina-Nunez.jpg?resize=580%2C600\" alt=\"Georgina N\u00fa\u00f1ez, madre de la joven afectada.\" width=\"580\" height=\"600\" srcset=\"https:\/\/i0.wp.com\/eltrabajo.cl\/portal\/wp-content\/uploads\/2020\/01\/Solidaridad_Georgina-Nunez.jpg?w=580&amp;ssl=1 580w, https:\/\/i0.wp.com\/eltrabajo.cl\/portal\/wp-content\/uploads\/2020\/01\/Solidaridad_Georgina-Nunez.jpg?resize=290%2C300&amp;ssl=1 290w, https:\/\/i0.wp.com\/eltrabajo.cl\/portal\/wp-content\/uploads\/2020\/01\/Solidaridad_Georgina-Nunez.jpg?resize=145%2C150&amp;ssl=1 145w, https:\/\/i0.wp.com\/eltrabajo.cl\/portal\/wp-content\/uploads\/2020\/01\/Solidaridad_Georgina-Nunez.jpg?resize=400%2C414&amp;ssl=1 400w\" sizes=\"auto, (max-width: 580px) 100vw, 580px\" \/><figcaption id=\"caption-attachment-96582\" class=\"wp-caption-text\">Georgina N\u00fa\u00f1ez, madre de la joven afectada.<\/figcaption><\/figure>\n<p><strong>\u00a0<\/strong><\/p>\n","protected":false},"excerpt":{"rendered":"<p>Madre ahorr\u00f3 un mill\u00f3n y medio de pesos pero le piden tres: A nuestra Sala de Redacci\u00f3n lleg\u00f3 la tarde de este lunes do\u00f1a Georgina N\u00fa\u00f1ez Alfaro, madre de una joven de&#8230;<\/p>\n","protected":false},"author":482,"featured_media":96580,"comment_status":"open","ping_status":"open","sticky":false,"template":"","format":"standard","meta":{"advanced_seo_description":"","jetpack_seo_html_title":"","jetpack_seo_noindex":false,"_jetpack_memberships_contains_paid_content":false,"footnotes":""},"categories":[15],"tags":[],"class_list":["post-96579","post","type-post","status-publish","format-standard","has-post-thumbnail","hentry","category-comunidad"],"jetpack_featured_media_url":"https:\/\/i0.wp.com\/eltrabajo.cl\/portal\/wp-content\/uploads\/2020\/01\/Solidaridad1.jpg?fit=580%2C359&ssl=1","jetpack_sharing_enabled":true,"jetpack_likes_enabled":true,"jetpack-related-posts":[],"_links":{"self":[{"href":"https:\/\/eltrabajo.cl\/portal\/wp-json\/wp\/v2\/posts\/96579","targetHints":{"allow":["GET"]}}],"collection":[{"href":"https:\/\/eltrabajo.cl\/portal\/wp-json\/wp\/v2\/posts"}],"about":[{"href":"https:\/\/eltrabajo.cl\/portal\/wp-json\/wp\/v2\/types\/post"}],"author":[{"embeddable":true,"href":"https:\/\/eltrabajo.cl\/portal\/wp-json\/wp\/v2\/users\/482"}],"replies":[{"embeddable":true,"href":"https:\/\/eltrabajo.cl\/portal\/wp-json\/wp\/v2\/comments?post=96579"}],"version-history":[{"count":0,"href":"https:\/\/eltrabajo.cl\/portal\/wp-json\/wp\/v2\/posts\/96579\/revisions"}],"wp:featuredmedia":[{"embeddable":true,"href":"https:\/\/eltrabajo.cl\/portal\/wp-json\/wp\/v2\/media\/96580"}],"wp:attachment":[{"href":"https:\/\/eltrabajo.cl\/portal\/wp-json\/wp\/v2\/media?parent=96579"}],"wp:term":[{"taxonomy":"category","embeddable":true,"href":"https:\/\/eltrabajo.cl\/portal\/wp-json\/wp\/v2\/categories?post=96579"},{"taxonomy":"post_tag","embeddable":true,"href":"https:\/\/eltrabajo.cl\/portal\/wp-json\/wp\/v2\/tags?post=96579"}],"curies":[{"name":"wp","href":"https:\/\/api.w.org\/{rel}","templated":true}]}}